{"snippets":{"#js-product-list-items-wrapper":{"html":"            \u003Cdiv class=\u0022product-tile-item js-product-tile js-block-preloader\u0022 id=\u0022js-product-tile-2644\u0022\u003E\n    \u003Cdiv class=\u0022product-tile-item-foreground js-product-tile-foreground with-variants\u0022\u003E\n        \u003Cdiv class=\u0022product-tile-item-info-wrapper\u0022 id=\u0022js-product-tile-2644-info\u0022\u003E\n            \u003Cdiv class=\u0022product-tile-item-basic-info\u0022\u003E\n    \u003Cdiv class=\u0022product-tile-item-image-wrapper position-relative\u0022\u003E\n        \u003Cdiv class=\u0022product-tile-item-image\u0022\u003E\n                        \u003Ca href=\u0022\/dreveny-stul-nova-rozkladaci-dubova-deska-kostra-cerny-buk-nova-bl\u0022\u003E\n                \u003Cpicture\u003E\n                    \u003Cimg\n                            src=\u0022\u0022\n                            data-src=\u0022https:\/\/www.kresla-zidle.cz\/temp\/product\/list\/nova-stul-newsletter-2.png\u0022\n                            alt=\u0022St\u016fl NOVA - dubov\u00e1 deska a dubov\u00e1 kostra\u0022\n                            class=\u0022img-fluid js-lazy-img\u0022\u003E\n                \u003C\/picture\u003E\n            \u003C\/a\u003E\n        \u003C\/div\u003E\n        \u003Cdiv class=\u0022product-tile-item-tags-wrapper\u0022\u003E\n    \u003Cdiv class=\u0022product-item-tags-left\u0022\u003E\n                                                    \u003C\/div\u003E\n    \u003Cdiv class=\u0022product-item-tags-right\u0022\u003E\n                                                    \u003Cdiv class=\u0022tag-item-wrapper\u0022\u003E\n            \u003Cdiv class=\u0022tag-item\u0022 style=\u0022background-color: #e00000;color: #ffffff;\u0022\u003E\n            Novinka\n        \u003C\/div\u003E\n    \u003C\/div\u003E                                                \u003Cdiv class=\u0022product-tile-tags-manufacturer\u0022\u003E\n                \u003Ca href=\u0022\/murdia\u0022\u003E\n                    \u003Cimg src=\u0022https:\/\/www.kresla-zidle.cz\/images\/manufacturer-front-tag\/27.png\u0022 alt=\u0022MURDIA\u0022 class=\u0022img-fluid\u0022 loading=\u0022lazy\u0022\u003E\n                \u003C\/a\u003E\n            \u003C\/div\u003E\n            \u003C\/div\u003E\n\u003C\/div\u003E    \u003C\/div\u003E\n\n                \n    \u003Cdiv class=\u0022product-tile-item-heading-info\u0022\u003E\n        \u003Cdiv class=\u0022product-tile-category\u0022\u003EJ\u00eddelna a restaurace\u003C\/div\u003E        \u003Ch2 class=\u0022product-tile-heading\u0022\u003E\u003Ca href=\u0022\/dreveny-stul-nova-rozkladaci-dubova-deska-kostra-cerny-buk-nova-bl\u0022\u003ED\u0159ev\u011bn\u00fd st\u016fl NOVA rozkl\u00e1dac\u00ed  - dubov\u00e1 deska - kostra \u010dern\u00fd buk\u003C\/a\u003E\u003C\/h2\u003E\n    \u003C\/div\u003E\n    \u003Cdiv class=\u0022product-tile-item-params\u0022\u003E\n                                                                                        \u003Cdiv class=\u0022product-tile-item-params__item\u0022\u003E\n                                            \u003C\/div\u003E\n                                                                                    \u003Cdiv class=\u0022product-tile-item-params__item\u0022\u003E\n                                            \u003C\/div\u003E\n                                                                                    \u003Cdiv class=\u0022product-tile-item-params__item\u0022\u003E\n                                            \u003C\/div\u003E\n                                                                                    \u003Cdiv class=\u0022product-tile-item-params__item\u0022\u003E\n                                                    Kruh, Ov\u00e1l\n                            \n                                            \u003C\/div\u003E\n                                                                                                \u003C\/div\u003E\n    \u003Cdiv class=\u0022product-tile-item-price-availability\u0022\u003E\n        \u003Cdiv class=\u0022product-tile-item-price-wrapper\u0022\u003E\n            \n\n        \u003Cdiv class=\u0022price-current\u0022\u003E22 990 K\u010d\u003C\/div\u003E\n    \u003Cdiv class=\u0022price-info\u0022\u003E19 000 K\u010d bez DPH\u003C\/div\u003E        \u003C\/div\u003E\n        \u003Cdiv class=\u0022product-tile-item-availability-wrapper\u0022\u003E\n            \u003Cdiv class=\u0022availability\u0022\u003E\u003Cspan class=\u0022availability-icon icon-glass-hour\u0022\u003E\u003C\/span\u003E do 42 dn\u016f\u003C\/div\u003E        \u003C\/div\u003E\n        \u003Cdiv\u003E\n            \n    \n    \n\n\n        \u003C\/div\u003E\n    \u003C\/div\u003E\n\u003C\/div\u003E\n\u003Cdiv class=\u0022product-tile-item-extended-info\u0022\u003E\n\n            \u003Cdiv class=\u0022product-tile-item-description\u0022\u003E\n            \u003Cp\u003ERozkl\u00e1dac\u00ed j\u00eddeln\u00ed st\u016fl z masivn\u00edho dubu v r\u016fzn\u00fdch variant\u00e1ch.\u003C\/p\u003E\n        \u003C\/div\u003E\n                \u003Cdiv class=\u0022product-tile-item-services\u0022\u003E\n        \u003Ca href=\u0022\/product\/favourite\/add\/2644\u0022 class=\u0022service-item \u0022 data-product-favourite=\u00222644\u0022 data-method=\u0022POST\u0022\u003E\u003Cspan class=\u0022icon-heart\u0022\u003E\u003C\/span\u003E Obl\u00edben\u00e9\u003C\/a\u003E        \u003Cspan class=\u0022service-item\u0022\u003E\u003Cspan class=\u0022icon-chart\u0022\u003E\u003C\/span\u003E NOVA BL\u003C\/span\u003E\n    \u003C\/div\u003E\n    \n            \n    \u003Cdiv class=\u0022product-tile-item-action-wrapper\u0022\u003E\n        \u003Ca href=\u0022\/dreveny-stul-nova-rozkladaci-dubova-deska-kostra-cerny-buk-nova-bl\u0022 class=\u0022btn-tile\u0022\n           data-text-desktop=\u0022Detail produktu\u0022\n           data-text-mobile=\u0022Detail\u0022\u003E\u003C\/a\u003E\n                    \u003Ca href=\u0022\/dreveny-stul-nova-rozkladaci-dubova-deska-kostra-cerny-buk-nova-bl\u0022\n               class=\u0022btn-tile btn-icon-right\u0022\u003E\n                \u003Cspan class=\u0022icon-shopping-cart\u0022\u003E\u003C\/span\u003E\n                \u003Cspan class=\u0022btn-tile-text\u0022\u003EKoupit\u003C\/span\u003E\n            \u003C\/a\u003E\n            \u003C\/div\u003E\n    \u003C\/div\u003E        \u003C\/div\u003E\n                            \u003Cdiv class=\u0022product-tile-item-variants js-product-item-variants\u0022\u003E\n                                                \u003Ca href=\u0022\/dreveny-stul-nova-rozkladaci-dubova-deska-kostra-cerny-buk-nova-bl\u0022\n                   class=\u0022tile-varinat-tab js-variant-item js-ajax active\u0022\n                   data-show-preloader=\u00220\u0022\n                   data-href=\u0022\/product-list-tile\/3200\/2644?renderParameterIds%5B0%5D=7\u0026amp;renderParameterIds%5B1%5D=117\u0026amp;renderParameterIds%5B2%5D=143\u0026amp;renderParameterIds%5B3%5D=145\u0026amp;renderParameterIds%5B4%5D=150\u0026amp;renderParameterIds%5B5%5D=214\u0022\n                   data-toggle=\u0022tooltip\u0022 title=\u0022D\u0159ev\u011bn\u00fd st\u016fl NOVA rozkl\u00e1dac\u00ed  - dubov\u00e1 deska - kostra \u010dern\u00fd buk\u0022\n                   data-placement=\u0022left\u0022\u003E\n\n                    \n                    \u003Cimg src=\u0022\u0022 data-src=\u0022https:\/\/www.kresla-zidle.cz\/temp\/product\/list\/nova-stul-newsletter-2.png\u0022 class=\u0022img-fluid js-lazy-img\u0022 alt=\u0022D\u0159ev\u011bn\u00fd st\u016fl NOVA rozkl\u00e1dac\u00ed  - dubov\u00e1 deska - kostra \u010dern\u00fd buk\u0022 loading=\u0022lazy\u0022\u003E\n                \u003C\/a\u003E\n                                                                            \u003Ca href=\u0022\/dreveny-stul-nova-rozkladaci-dubova-deska-kostra-prirodni-dub-nova-oak\u0022\n                       class=\u0022tile-varinat-tab js-variant-item js-ajax\u0022\n                       data-show-preloader=\u00220\u0022\n                       data-href=\u0022\/product-list-tile\/3201\/2644?renderParameterIds%5B0%5D=7\u0026amp;renderParameterIds%5B1%5D=117\u0026amp;renderParameterIds%5B2%5D=143\u0026amp;renderParameterIds%5B3%5D=145\u0026amp;renderParameterIds%5B4%5D=150\u0026amp;renderParameterIds%5B5%5D=214\u0022\n                       data-toggle=\u0022tooltip\u0022 title=\u0022D\u0159ev\u011bn\u00fd st\u016fl NOVA rozkl\u00e1dac\u00ed  - dubov\u00e1 deska - kostra p\u0159\u00edrodn\u00ed dub\u0022\n                       data-placement=\u0022left\u0022\u003E\n\n                        \n                        \u003Cimg src=\u0022\u0022 data-src=\u0022https:\/\/www.kresla-zidle.cz\/temp\/product\/list\/nova-13.png\u0022 alt=\u0022D\u0159ev\u011bn\u00fd st\u016fl NOVA rozkl\u00e1dac\u00ed  - dubov\u00e1 deska - kostra p\u0159\u00edrodn\u00ed dub\u0022 class=\u0022img-fluid js-lazy-img\u0022 loading=\u0022lazy\u0022\u003E\n                    \u003C\/a\u003E\n                                                                            \u003Ca href=\u0022\/stul-nova-bila-deska-kostra-prirodni-dub-nova-wh\u0022\n                       class=\u0022tile-varinat-tab js-variant-item js-ajax\u0022\n                       data-show-preloader=\u00220\u0022\n                       data-href=\u0022\/product-list-tile\/3202\/2644?renderParameterIds%5B0%5D=7\u0026amp;renderParameterIds%5B1%5D=117\u0026amp;renderParameterIds%5B2%5D=143\u0026amp;renderParameterIds%5B3%5D=145\u0026amp;renderParameterIds%5B4%5D=150\u0026amp;renderParameterIds%5B5%5D=214\u0022\n                       data-toggle=\u0022tooltip\u0022 title=\u0022St\u016fl NOVA - b\u00edl\u00e1 deska - kostra p\u0159\u00edrodn\u00ed dub\u0022\n                       data-placement=\u0022left\u0022\u003E\n\n                        \n                        \u003Cimg src=\u0022\u0022 data-src=\u0022https:\/\/www.kresla-zidle.cz\/temp\/product\/list\/nova-3.png\u0022 alt=\u0022St\u016fl NOVA - b\u00edl\u00e1 deska - kostra p\u0159\u00edrodn\u00ed dub\u0022 class=\u0022img-fluid js-lazy-img\u0022 loading=\u0022lazy\u0022\u003E\n                    \u003C\/a\u003E\n                            \u003C\/div\u003E\n            \u003C\/div\u003E\n\u003C\/div\u003E            \u003Cdiv class=\u0022product-tile-item js-product-tile js-block-preloader\u0022 id=\u0022js-product-tile-2645\u0022\u003E\n    \u003Cdiv class=\u0022product-tile-item-foreground js-product-tile-foreground\u0022\u003E\n        \u003Cdiv class=\u0022product-tile-item-info-wrapper\u0022 id=\u0022js-product-tile-2645-info\u0022\u003E\n            \u003Cdiv class=\u0022product-tile-item-basic-info\u0022\u003E\n    \u003Cdiv class=\u0022product-tile-item-image-wrapper position-relative\u0022\u003E\n        \u003Cdiv class=\u0022product-tile-item-image\u0022\u003E\n                        \u003Ca href=\u0022\/stul-sofi-rozkladaci-sofi\u0022\u003E\n                \u003Cpicture\u003E\n                    \u003Cimg\n                            src=\u0022\u0022\n                            data-src=\u0022https:\/\/www.kresla-zidle.cz\/temp\/product\/list\/sofi-1.png\u0022\n                            alt=\u0022St\u016fl SOFI\u0022\n                            class=\u0022img-fluid js-lazy-img\u0022\u003E\n                \u003C\/picture\u003E\n            \u003C\/a\u003E\n        \u003C\/div\u003E\n        \u003Cdiv class=\u0022product-tile-item-tags-wrapper\u0022\u003E\n    \u003Cdiv class=\u0022product-item-tags-left\u0022\u003E\n                                                    \u003C\/div\u003E\n    \u003Cdiv class=\u0022product-item-tags-right\u0022\u003E\n                                                    \u003Cdiv class=\u0022tag-item-wrapper\u0022\u003E\n            \u003Cdiv class=\u0022tag-item\u0022 style=\u0022background-color: #e00000;color: #ffffff;\u0022\u003E\n            Novinka\n        \u003C\/div\u003E\n    \u003C\/div\u003E                                                \u003Cdiv class=\u0022product-tile-tags-manufacturer\u0022\u003E\n                \u003Ca href=\u0022\/murdia\u0022\u003E\n                    \u003Cimg src=\u0022https:\/\/www.kresla-zidle.cz\/images\/manufacturer-front-tag\/27.png\u0022 alt=\u0022MURDIA\u0022 class=\u0022img-fluid\u0022 loading=\u0022lazy\u0022\u003E\n                \u003C\/a\u003E\n            \u003C\/div\u003E\n            \u003C\/div\u003E\n\u003C\/div\u003E    \u003C\/div\u003E\n\n                \n    \u003Cdiv class=\u0022product-tile-item-heading-info\u0022\u003E\n        \u003Cdiv class=\u0022product-tile-category\u0022\u003EJ\u00eddelna a restaurace\u003C\/div\u003E        \u003Ch2 class=\u0022product-tile-heading\u0022\u003E\u003Ca href=\u0022\/stul-sofi-rozkladaci-sofi\u0022\u003ESt\u016fl SOFI rozkl\u00e1dac\u00ed\u003C\/a\u003E\u003C\/h2\u003E\n    \u003C\/div\u003E\n    \u003Cdiv class=\u0022product-tile-item-params\u0022\u003E\n                                                                                        \u003Cdiv class=\u0022product-tile-item-params__item\u0022\u003E\n                                            \u003C\/div\u003E\n                                                                                    \u003Cdiv class=\u0022product-tile-item-params__item\u0022\u003E\n                                            \u003C\/div\u003E\n                                                                                    \u003Cdiv class=\u0022product-tile-item-params__item\u0022\u003E\n                                            \u003C\/div\u003E\n                                                                                    \u003Cdiv class=\u0022product-tile-item-params__item\u0022\u003E\n                                                    Ov\u00e1l\n                            \n                                            \u003C\/div\u003E\n                                                                                                \u003C\/div\u003E\n    \u003Cdiv class=\u0022product-tile-item-price-availability\u0022\u003E\n        \u003Cdiv class=\u0022product-tile-item-price-wrapper\u0022\u003E\n            \n\n        \u003Cdiv class=\u0022price-current\u0022\u003E19 590 K\u010d\u003C\/div\u003E\n    \u003Cdiv class=\u0022price-info\u0022\u003E16 190 K\u010d bez DPH\u003C\/div\u003E        \u003C\/div\u003E\n        \u003Cdiv class=\u0022product-tile-item-availability-wrapper\u0022\u003E\n            \u003Cdiv class=\u0022availability\u0022\u003E\u003Cspan class=\u0022availability-icon icon-glass-hour\u0022\u003E\u003C\/span\u003E do 42 dn\u016f\u003C\/div\u003E        \u003C\/div\u003E\n        \u003Cdiv\u003E\n            \n    \n    \n\n\n        \u003C\/div\u003E\n    \u003C\/div\u003E\n\u003C\/div\u003E\n\u003Cdiv class=\u0022product-tile-item-extended-info\u0022\u003E\n\n            \u003Cdiv class=\u0022product-tile-item-description\u0022\u003E\n            \u003Cp\u003EElegantn\u00ed rozkl\u00e1dac\u00ed st\u016fl SOFI v glamour stylu vyroben\u00fd z masivn\u00edho dubov\u00e9ho nebo bukov\u00e9ho d\u0159eva nab\u00edz\u00ed dokonal\u00e9 spojen\u00ed designu, prakti\u010dnosti a vysok\u00e9 kvality.\u003C\/p\u003E\n        \u003C\/div\u003E\n                \u003Cdiv class=\u0022product-tile-item-services\u0022\u003E\n        \u003Ca href=\u0022\/product\/favourite\/add\/2645\u0022 class=\u0022service-item \u0022 data-product-favourite=\u00222645\u0022 data-method=\u0022POST\u0022\u003E\u003Cspan class=\u0022icon-heart\u0022\u003E\u003C\/span\u003E Obl\u00edben\u00e9\u003C\/a\u003E        \u003Cspan class=\u0022service-item\u0022\u003E\u003Cspan class=\u0022icon-chart\u0022\u003E\u003C\/span\u003E SOFI\u003C\/span\u003E\n    \u003C\/div\u003E\n    \n            \n    \u003Cdiv class=\u0022product-tile-item-action-wrapper\u0022\u003E\n        \u003Ca href=\u0022\/stul-sofi-rozkladaci-sofi\u0022 class=\u0022btn-tile\u0022\n           data-text-desktop=\u0022Detail produktu\u0022\n           data-text-mobile=\u0022Detail\u0022\u003E\u003C\/a\u003E\n                    \u003Ca href=\u0022\/stul-sofi-rozkladaci-sofi\u0022\n               class=\u0022btn-tile btn-icon-right\u0022\u003E\n                \u003Cspan class=\u0022icon-shopping-cart\u0022\u003E\u003C\/span\u003E\n                \u003Cspan class=\u0022btn-tile-text\u0022\u003EKoupit\u003C\/span\u003E\n            \u003C\/a\u003E\n            \u003C\/div\u003E\n    \u003C\/div\u003E        \u003C\/div\u003E\n                    \u003C\/div\u003E\n\u003C\/div\u003E            \u003Cdiv class=\u0022product-tile-item js-product-tile js-block-preloader\u0022 id=\u0022js-product-tile-2646\u0022\u003E\n    \u003Cdiv class=\u0022product-tile-item-foreground js-product-tile-foreground with-variants\u0022\u003E\n        \u003Cdiv class=\u0022product-tile-item-info-wrapper\u0022 id=\u0022js-product-tile-2646-info\u0022\u003E\n            \u003Cdiv class=\u0022product-tile-item-basic-info\u0022\u003E\n    \u003Cdiv class=\u0022product-tile-item-image-wrapper position-relative\u0022\u003E\n        \u003Cdiv class=\u0022product-tile-item-image\u0022\u003E\n                        \u003Ca href=\u0022\/dreveny-stul-mars-masiv-mars\u0022\u003E\n                \u003Cpicture\u003E\n                    \u003Cimg\n                            src=\u0022\u0022\n                            data-src=\u0022https:\/\/www.kresla-zidle.cz\/temp\/product\/list\/mars-1.png\u0022\n                            alt=\u0022St\u016fl SORRENTO - p\u0159\u00edrodn\u00ed\u0022\n                            class=\u0022img-fluid js-lazy-img\u0022\u003E\n                \u003C\/picture\u003E\n            \u003C\/a\u003E\n        \u003C\/div\u003E\n        \u003Cdiv class=\u0022product-tile-item-tags-wrapper\u0022\u003E\n    \u003Cdiv class=\u0022product-item-tags-left\u0022\u003E\n                                                    \u003C\/div\u003E\n    \u003Cdiv class=\u0022product-item-tags-right\u0022\u003E\n                                                    \u003Cdiv class=\u0022tag-item-wrapper\u0022\u003E\n            \u003Cdiv class=\u0022tag-item\u0022 style=\u0022background-color: #e00000;color: #ffffff;\u0022\u003E\n            Novinka\n        \u003C\/div\u003E\n    \u003C\/div\u003E                                                \u003Cdiv class=\u0022product-tile-tags-manufacturer\u0022\u003E\n                \u003Ca href=\u0022\/murdia\u0022\u003E\n                    \u003Cimg src=\u0022https:\/\/www.kresla-zidle.cz\/images\/manufacturer-front-tag\/27.png\u0022 alt=\u0022MURDIA\u0022 class=\u0022img-fluid\u0022 loading=\u0022lazy\u0022\u003E\n                \u003C\/a\u003E\n            \u003C\/div\u003E\n            \u003C\/div\u003E\n\u003C\/div\u003E    \u003C\/div\u003E\n\n                \n    \u003Cdiv class=\u0022product-tile-item-heading-info\u0022\u003E\n        \u003Cdiv class=\u0022product-tile-category\u0022\u003EJ\u00eddelna a restaurace\u003C\/div\u003E        \u003Ch2 class=\u0022product-tile-heading\u0022\u003E\u003Ca href=\u0022\/dreveny-stul-mars-masiv-mars\u0022\u003ED\u0159ev\u011bn\u00fd st\u016fl MARS - masiv\u003C\/a\u003E\u003C\/h2\u003E\n    \u003C\/div\u003E\n    \u003Cdiv class=\u0022product-tile-item-params\u0022\u003E\n                                                                                        \u003Cdiv class=\u0022product-tile-item-params__item\u0022\u003E\n                                            \u003C\/div\u003E\n                                                                                    \u003Cdiv class=\u0022product-tile-item-params__item\u0022\u003E\n                                            \u003C\/div\u003E\n                                                                                    \u003Cdiv class=\u0022product-tile-item-params__item\u0022\u003E\n                                            \u003C\/div\u003E\n                                                                                    \u003Cdiv class=\u0022product-tile-item-params__item\u0022\u003E\n                                                    Ov\u00e1l, Kruh\n                            \n                                            \u003C\/div\u003E\n                                                                                                \u003C\/div\u003E\n    \u003Cdiv class=\u0022product-tile-item-price-availability\u0022\u003E\n        \u003Cdiv class=\u0022product-tile-item-price-wrapper\u0022\u003E\n            \n\n        \u003Cdiv class=\u0022price-current\u0022\u003E7 749 K\u010d\u003C\/div\u003E\n    \u003Cdiv class=\u0022price-info\u0022\u003E6 404 K\u010d bez DPH\u003C\/div\u003E        \u003C\/div\u003E\n        \u003Cdiv class=\u0022product-tile-item-availability-wrapper\u0022\u003E\n            \u003Cdiv class=\u0022availability\u0022\u003E\u003Cspan class=\u0022availability-icon icon-glass-hour\u0022\u003E\u003C\/span\u003E do 42 dn\u016f\u003C\/div\u003E        \u003C\/div\u003E\n        \u003Cdiv\u003E\n            \n    \n    \n\n\n        \u003C\/div\u003E\n    \u003C\/div\u003E\n\u003C\/div\u003E\n\u003Cdiv class=\u0022product-tile-item-extended-info\u0022\u003E\n\n            \u003Cdiv class=\u0022product-tile-item-description\u0022\u003E\n            \u003Cp\u003EModern\u00ed rozkl\u00e1dac\u00ed j\u00eddeln\u00ed st\u016fl MARS z kvalitn\u00edho bukov\u00e9ho masivu s vrchn\u00ed deskou z MDF desky pota\u017een\u00e9 dubovou d\u00fdhou nab\u00edz\u00ed pevnou konstrukci, elegantn\u00ed design a praktick\u00fd rozkl\u00e1dac\u00ed mechanismus\u003C\/p\u003E\n        \u003C\/div\u003E\n                \u003Cdiv class=\u0022product-tile-item-services\u0022\u003E\n        \u003Ca href=\u0022\/product\/favourite\/add\/2646\u0022 class=\u0022service-item \u0022 data-product-favourite=\u00222646\u0022 data-method=\u0022POST\u0022\u003E\u003Cspan class=\u0022icon-heart\u0022\u003E\u003C\/span\u003E Obl\u00edben\u00e9\u003C\/a\u003E        \u003Cspan class=\u0022service-item\u0022\u003E\u003Cspan class=\u0022icon-chart\u0022\u003E\u003C\/span\u003E MARS\u003C\/span\u003E\n    \u003C\/div\u003E\n    \n            \n    \u003Cdiv class=\u0022product-tile-item-action-wrapper\u0022\u003E\n        \u003Ca href=\u0022\/dreveny-stul-mars-masiv-mars\u0022 class=\u0022btn-tile\u0022\n           data-text-desktop=\u0022Detail produktu\u0022\n           data-text-mobile=\u0022Detail\u0022\u003E\u003C\/a\u003E\n                    \u003Ca href=\u0022\/dreveny-stul-mars-masiv-mars\u0022\n               class=\u0022btn-tile btn-icon-right\u0022\u003E\n                \u003Cspan class=\u0022icon-shopping-cart\u0022\u003E\u003C\/span\u003E\n                \u003Cspan class=\u0022btn-tile-text\u0022\u003EKoupit\u003C\/span\u003E\n            \u003C\/a\u003E\n            \u003C\/div\u003E\n    \u003C\/div\u003E        \u003C\/div\u003E\n                            \u003Cdiv class=\u0022product-tile-item-variants js-product-item-variants\u0022\u003E\n                                                \u003Ca href=\u0022\/dreveny-stul-mars-masiv-mars\u0022\n                   class=\u0022tile-varinat-tab js-variant-item js-ajax active\u0022\n                   data-show-preloader=\u00220\u0022\n                   data-href=\u0022\/product-list-tile\/3204\/2646?renderParameterIds%5B0%5D=7\u0026amp;renderParameterIds%5B1%5D=117\u0026amp;renderParameterIds%5B2%5D=143\u0026amp;renderParameterIds%5B3%5D=145\u0026amp;renderParameterIds%5B4%5D=150\u0026amp;renderParameterIds%5B5%5D=214\u0022\n                   data-toggle=\u0022tooltip\u0022 title=\u0022D\u0159ev\u011bn\u00fd st\u016fl MARS - masiv\u0022\n                   data-placement=\u0022left\u0022\u003E\n\n                    \n                    \u003Cimg src=\u0022\u0022 data-src=\u0022https:\/\/www.kresla-zidle.cz\/temp\/product\/list\/mars-1.png\u0022 class=\u0022img-fluid js-lazy-img\u0022 alt=\u0022D\u0159ev\u011bn\u00fd st\u016fl MARS - masiv\u0022 loading=\u0022lazy\u0022\u003E\n                \u003C\/a\u003E\n                                                                            \u003Ca href=\u0022\/stul-mars-rozkladaci-mars-ext\u0022\n                       class=\u0022tile-varinat-tab js-variant-item js-ajax\u0022\n                       data-show-preloader=\u00220\u0022\n                       data-href=\u0022\/product-list-tile\/3205\/2646?renderParameterIds%5B0%5D=7\u0026amp;renderParameterIds%5B1%5D=117\u0026amp;renderParameterIds%5B2%5D=143\u0026amp;renderParameterIds%5B3%5D=145\u0026amp;renderParameterIds%5B4%5D=150\u0026amp;renderParameterIds%5B5%5D=214\u0022\n                       data-toggle=\u0022tooltip\u0022 title=\u0022St\u016fl MARS rozkl\u00e1dac\u00ed\u0022\n                       data-placement=\u0022left\u0022\u003E\n\n                        \n                        \u003Cimg src=\u0022\u0022 data-src=\u0022https:\/\/www.kresla-zidle.cz\/temp\/product\/list\/mars-6.png\u0022 alt=\u0022St\u016fl MARS rozkl\u00e1dac\u00ed\u0022 class=\u0022img-fluid js-lazy-img\u0022 loading=\u0022lazy\u0022\u003E\n                    \u003C\/a\u003E\n                            \u003C\/div\u003E\n            \u003C\/div\u003E\n\u003C\/div\u003E            \u003Cdiv class=\u0022product-tile-item js-product-tile js-block-preloader\u0022 id=\u0022js-product-tile-2874\u0022\u003E\n    \u003Cdiv class=\u0022product-tile-item-foreground js-product-tile-foreground with-variants\u0022\u003E\n        \u003Cdiv class=\u0022product-tile-item-info-wrapper\u0022 id=\u0022js-product-tile-2874-info\u0022\u003E\n            \u003Cdiv class=\u0022product-tile-item-basic-info\u0022\u003E\n    \u003Cdiv class=\u0022product-tile-item-image-wrapper position-relative\u0022\u003E\n        \u003Cdiv class=\u0022product-tile-item-image\u0022\u003E\n                        \u003Ca href=\u0022\/barovy-stul-wood-deska-bila-wood-white\u0022\u003E\n                \u003Cpicture\u003E\n                    \u003Cimg\n                            src=\u0022\u0022\n                            data-src=\u0022https:\/\/www.kresla-zidle.cz\/temp\/product\/list\/wood-1.png\u0022\n                            alt=\u0022Barov\u00fd st\u016fl Wood\u0022\n                            class=\u0022img-fluid js-lazy-img\u0022\u003E\n                \u003C\/picture\u003E\n            \u003C\/a\u003E\n        \u003C\/div\u003E\n        \u003Cdiv class=\u0022product-tile-item-tags-wrapper\u0022\u003E\n    \u003Cdiv class=\u0022product-item-tags-left\u0022\u003E\n                                                    \u003C\/div\u003E\n    \u003Cdiv class=\u0022product-item-tags-right\u0022\u003E\n                                                                                \u003Cdiv class=\u0022product-tile-tags-manufacturer\u0022\u003E\n                \u003Ca href=\u0022\/antares\u0022\u003E\n                    \u003Cimg src=\u0022https:\/\/www.kresla-zidle.cz\/images\/manufacturer-front-tag\/9.png\u0022 alt=\u0022ANTARES\u0022 class=\u0022img-fluid\u0022 loading=\u0022lazy\u0022\u003E\n                \u003C\/a\u003E\n            \u003C\/div\u003E\n            \u003C\/div\u003E\n\u003C\/div\u003E    \u003C\/div\u003E\n\n                \n    \u003Cdiv class=\u0022product-tile-item-heading-info\u0022\u003E\n        \u003Cdiv class=\u0022product-tile-category\u0022\u003EJ\u00eddelna a restaurace\u003C\/div\u003E        \u003Ch2 class=\u0022product-tile-heading\u0022\u003E\u003Ca href=\u0022\/barovy-stul-wood-deska-bila-wood-white\u0022\u003EBarov\u00fd st\u016fl Wood - deska b\u00edl\u00e1\u003C\/a\u003E\u003C\/h2\u003E\n    \u003C\/div\u003E\n    \u003Cdiv class=\u0022product-tile-item-params\u0022\u003E\n                                                                                        \u003Cdiv class=\u0022product-tile-item-params__item\u0022\u003E\n                                            \u003C\/div\u003E\n                                                                                    \u003Cdiv class=\u0022product-tile-item-params__item\u0022\u003E\n                                            \u003C\/div\u003E\n                                                                                    \u003Cdiv class=\u0022product-tile-item-params__item\u0022\u003E\n                                                    2 roky\n                            \n                                            \u003C\/div\u003E\n                                                                                    \u003Cdiv class=\u0022product-tile-item-params__item\u0022\u003E\n                                            \u003C\/div\u003E\n                                                                                                \u003C\/div\u003E\n    \u003Cdiv class=\u0022product-tile-item-price-availability\u0022\u003E\n        \u003Cdiv class=\u0022product-tile-item-price-wrapper\u0022\u003E\n            \n\n        \u003Cdiv class=\u0022price-current\u0022\u003E10 413 K\u010d\u003C\/div\u003E\n    \u003Cdiv class=\u0022price-info\u0022\u003E8 605 K\u010d bez DPH\u003C\/div\u003E        \u003C\/div\u003E\n        \u003Cdiv class=\u0022product-tile-item-availability-wrapper\u0022\u003E\n            \u003Cdiv class=\u0022availability\u0022 style=\u0022color: #fb8908;\u0022\u003E\u003Cspan class=\u0022availability-icon icon-glass-hour\u0022\u003E\u003C\/span\u003E do 21 dn\u016f\u003C\/div\u003E        \u003C\/div\u003E\n        \u003Cdiv\u003E\n            \n    \n    \n\n\n        \u003C\/div\u003E\n    \u003C\/div\u003E\n\u003C\/div\u003E\n\u003Cdiv class=\u0022product-tile-item-extended-info\u0022\u003E\n\n            \u003Cdiv class=\u0022product-tile-item-description\u0022\u003E\n            \u003Cp\u003EBarov\u00fd st\u016fl s masivn\u00ed bukovou podno\u017e\u00ed - \u010desk\u00fd design pro kuchyni a bar.\u003C\/p\u003E\n        \u003C\/div\u003E\n                \u003Cdiv class=\u0022product-tile-item-services\u0022\u003E\n        \u003Ca href=\u0022\/product\/favourite\/add\/2874\u0022 class=\u0022service-item \u0022 data-product-favourite=\u00222874\u0022 data-method=\u0022POST\u0022\u003E\u003Cspan class=\u0022icon-heart\u0022\u003E\u003C\/span\u003E Obl\u00edben\u00e9\u003C\/a\u003E        \u003Cspan class=\u0022service-item\u0022\u003E\u003Cspan class=\u0022icon-chart\u0022\u003E\u003C\/span\u003E WOOD WHITE\u003C\/span\u003E\n    \u003C\/div\u003E\n    \n            \n    \u003Cdiv class=\u0022product-tile-item-action-wrapper\u0022\u003E\n        \u003Ca href=\u0022\/barovy-stul-wood-deska-bila-wood-white\u0022 class=\u0022btn-tile\u0022\n           data-text-desktop=\u0022Detail produktu\u0022\n           data-text-mobile=\u0022Detail\u0022\u003E\u003C\/a\u003E\n                    \u003Ca href=\u0022\/barovy-stul-wood-deska-bila-wood-white\u0022\n               class=\u0022btn-tile btn-icon-right\u0022\u003E\n                \u003Cspan class=\u0022icon-shopping-cart\u0022\u003E\u003C\/span\u003E\n                \u003Cspan class=\u0022btn-tile-text\u0022\u003EKoupit\u003C\/span\u003E\n            \u003C\/a\u003E\n            \u003C\/div\u003E\n    \u003C\/div\u003E        \u003C\/div\u003E\n                            \u003Cdiv class=\u0022product-tile-item-variants js-product-item-variants\u0022\u003E\n                                                \u003Ca href=\u0022\/barovy-stul-wood-deska-bila-wood-white\u0022\n                   class=\u0022tile-varinat-tab js-variant-item js-ajax active\u0022\n                   data-show-preloader=\u00220\u0022\n                   data-href=\u0022\/product-list-tile\/3522\/2874?renderParameterIds%5B0%5D=7\u0026amp;renderParameterIds%5B1%5D=117\u0026amp;renderParameterIds%5B2%5D=143\u0026amp;renderParameterIds%5B3%5D=145\u0026amp;renderParameterIds%5B4%5D=150\u0026amp;renderParameterIds%5B5%5D=214\u0022\n                   data-toggle=\u0022tooltip\u0022 title=\u0022Barov\u00fd st\u016fl Wood - deska b\u00edl\u00e1\u0022\n                   data-placement=\u0022left\u0022\u003E\n\n                    \n                    \u003Cimg src=\u0022\u0022 data-src=\u0022https:\/\/www.kresla-zidle.cz\/temp\/product\/list\/wood-1.png\u0022 class=\u0022img-fluid js-lazy-img\u0022 alt=\u0022Barov\u00fd st\u016fl Wood - deska b\u00edl\u00e1\u0022 loading=\u0022lazy\u0022\u003E\n                \u003C\/a\u003E\n                                                                            \u003Ca href=\u0022\/barovy-stul-wood-deska-antracit-wood-antracit\u0022\n                       class=\u0022tile-varinat-tab js-variant-item js-ajax\u0022\n                       data-show-preloader=\u00220\u0022\n                       data-href=\u0022\/product-list-tile\/3523\/2874?renderParameterIds%5B0%5D=7\u0026amp;renderParameterIds%5B1%5D=117\u0026amp;renderParameterIds%5B2%5D=143\u0026amp;renderParameterIds%5B3%5D=145\u0026amp;renderParameterIds%5B4%5D=150\u0026amp;renderParameterIds%5B5%5D=214\u0022\n                       data-toggle=\u0022tooltip\u0022 title=\u0022Barov\u00fd st\u016fl Wood - deska antracit\u0022\n                       data-placement=\u0022left\u0022\u003E\n\n                        \n                        \u003Cimg src=\u0022\u0022 data-src=\u0022https:\/\/www.kresla-zidle.cz\/temp\/product\/list\/wood-3.png\u0022 alt=\u0022Barov\u00fd st\u016fl Wood - deska antracit\u0022 class=\u0022img-fluid js-lazy-img\u0022 loading=\u0022lazy\u0022\u003E\n                    \u003C\/a\u003E\n                            \u003C\/div\u003E\n            \u003C\/div\u003E\n\u003C\/div\u003E            \u003Cdiv class=\u0022product-tile-item js-product-tile js-block-preloader\u0022 id=\u0022js-product-tile-2875\u0022\u003E\n    \u003Cdiv class=\u0022product-tile-item-foreground js-product-tile-foreground with-variants\u0022\u003E\n        \u003Cdiv class=\u0022product-tile-item-info-wrapper\u0022 id=\u0022js-product-tile-2875-info\u0022\u003E\n            \u003Cdiv class=\u0022product-tile-item-basic-info\u0022\u003E\n    \u003Cdiv class=\u0022product-tile-item-image-wrapper position-relative\u0022\u003E\n        \u003Cdiv class=\u0022product-tile-item-image\u0022\u003E\n                        \u003Ca href=\u0022\/jidelni-stul-wood-kulaty-110-cm-deska-antracit-wood-110-antracit\u0022\u003E\n                \u003Cpicture\u003E\n                    \u003Cimg\n                            src=\u0022\u0022\n                            data-src=\u0022https:\/\/www.kresla-zidle.cz\/temp\/product\/list\/wood-110-2.png\u0022\n                            alt=\u0022J\u00eddeln\u00ed st\u016fl Wood kulat\u00fd \u00d8 110 cm\u0022\n                            class=\u0022img-fluid js-lazy-img\u0022\u003E\n                \u003C\/picture\u003E\n            \u003C\/a\u003E\n        \u003C\/div\u003E\n        \u003Cdiv class=\u0022product-tile-item-tags-wrapper\u0022\u003E\n    \u003Cdiv class=\u0022product-item-tags-left\u0022\u003E\n                                                    \u003C\/div\u003E\n    \u003Cdiv class=\u0022product-item-tags-right\u0022\u003E\n                                                                                \u003Cdiv class=\u0022product-tile-tags-manufacturer\u0022\u003E\n                \u003Ca href=\u0022\/antares\u0022\u003E\n                    \u003Cimg src=\u0022https:\/\/www.kresla-zidle.cz\/images\/manufacturer-front-tag\/9.png\u0022 alt=\u0022ANTARES\u0022 class=\u0022img-fluid\u0022 loading=\u0022lazy\u0022\u003E\n                \u003C\/a\u003E\n            \u003C\/div\u003E\n            \u003C\/div\u003E\n\u003C\/div\u003E    \u003C\/div\u003E\n\n                \n    \u003Cdiv class=\u0022product-tile-item-heading-info\u0022\u003E\n        \u003Cdiv class=\u0022product-tile-category\u0022\u003EJ\u00eddelna a restaurace\u003C\/div\u003E        \u003Ch2 class=\u0022product-tile-heading\u0022\u003E\u003Ca href=\u0022\/jidelni-stul-wood-kulaty-110-cm-deska-antracit-wood-110-antracit\u0022\u003EJ\u00eddeln\u00ed st\u016fl Wood kulat\u00fd \u00d8 110 cm - deska antracit\u003C\/a\u003E\u003C\/h2\u003E\n    \u003C\/div\u003E\n    \u003Cdiv class=\u0022product-tile-item-params\u0022\u003E\n                                                                                        \u003Cdiv class=\u0022product-tile-item-params__item\u0022\u003E\n                                            \u003C\/div\u003E\n                                                                                    \u003Cdiv class=\u0022product-tile-item-params__item\u0022\u003E\n                                            \u003C\/div\u003E\n                                                                                    \u003Cdiv class=\u0022product-tile-item-params__item\u0022\u003E\n                                                    2 roky\n                            \n                                            \u003C\/div\u003E\n                                                                                    \u003Cdiv class=\u0022product-tile-item-params__item\u0022\u003E\n                                                    Kruh\n                            \n                                            \u003C\/div\u003E\n                                                                                                \u003C\/div\u003E\n    \u003Cdiv class=\u0022product-tile-item-price-availability\u0022\u003E\n        \u003Cdiv class=\u0022product-tile-item-price-wrapper\u0022\u003E\n            \n\n        \u003Cdiv class=\u0022price-current\u0022\u003E8 756 K\u010d\u003C\/div\u003E\n    \u003Cdiv class=\u0022price-info\u0022\u003E7 236 K\u010d bez DPH\u003C\/div\u003E        \u003C\/div\u003E\n        \u003Cdiv class=\u0022product-tile-item-availability-wrapper\u0022\u003E\n            \u003Cdiv class=\u0022availability\u0022 style=\u0022color: #fb8908;\u0022\u003E\u003Cspan class=\u0022availability-icon icon-glass-hour\u0022\u003E\u003C\/span\u003E do 21 dn\u016f\u003C\/div\u003E        \u003C\/div\u003E\n        \u003Cdiv\u003E\n            \n    \n    \n\n\n        \u003C\/div\u003E\n    \u003C\/div\u003E\n\u003C\/div\u003E\n\u003Cdiv class=\u0022product-tile-item-extended-info\u0022\u003E\n\n            \u003Cdiv class=\u0022product-tile-item-description\u0022\u003E\n            \u003Cp\u003EKulat\u00fd j\u00eddeln\u00ed st\u016fl Wood s masivn\u00ed bukovou podno\u017e\u00ed v dekoru Egger b\u00edl\u00e1 nebo Kronospan antracit. Lakovan\u00fd buk, nosnost 100 kg, z\u00e1ruka 24 m\u011bs\u00edc\u016f, \u010desk\u00fd v\u00fdrobek\u003C\/p\u003E\n        \u003C\/div\u003E\n                \u003Cdiv class=\u0022product-tile-item-services\u0022\u003E\n        \u003Ca href=\u0022\/product\/favourite\/add\/2875\u0022 class=\u0022service-item \u0022 data-product-favourite=\u00222875\u0022 data-method=\u0022POST\u0022\u003E\u003Cspan class=\u0022icon-heart\u0022\u003E\u003C\/span\u003E Obl\u00edben\u00e9\u003C\/a\u003E        \u003Cspan class=\u0022service-item\u0022\u003E\u003Cspan class=\u0022icon-chart\u0022\u003E\u003C\/span\u003E WOOD 110 Antracit\u003C\/span\u003E\n    \u003C\/div\u003E\n    \n            \n    \u003Cdiv class=\u0022product-tile-item-action-wrapper\u0022\u003E\n        \u003Ca href=\u0022\/jidelni-stul-wood-kulaty-110-cm-deska-antracit-wood-110-antracit\u0022 class=\u0022btn-tile\u0022\n           data-text-desktop=\u0022Detail produktu\u0022\n           data-text-mobile=\u0022Detail\u0022\u003E\u003C\/a\u003E\n                    \u003Ca href=\u0022\/jidelni-stul-wood-kulaty-110-cm-deska-antracit-wood-110-antracit\u0022\n               class=\u0022btn-tile btn-icon-right\u0022\u003E\n                \u003Cspan class=\u0022icon-shopping-cart\u0022\u003E\u003C\/span\u003E\n                \u003Cspan class=\u0022btn-tile-text\u0022\u003EKoupit\u003C\/span\u003E\n            \u003C\/a\u003E\n            \u003C\/div\u003E\n    \u003C\/div\u003E        \u003C\/div\u003E\n                            \u003Cdiv class=\u0022product-tile-item-variants js-product-item-variants\u0022\u003E\n                                                \u003Ca href=\u0022\/jidelni-stul-wood-kulaty-110-cm-deska-antracit-wood-110-antracit\u0022\n                   class=\u0022tile-varinat-tab js-variant-item js-ajax active\u0022\n                   data-show-preloader=\u00220\u0022\n                   data-href=\u0022\/product-list-tile\/3524\/2875?renderParameterIds%5B0%5D=7\u0026amp;renderParameterIds%5B1%5D=117\u0026amp;renderParameterIds%5B2%5D=143\u0026amp;renderParameterIds%5B3%5D=145\u0026amp;renderParameterIds%5B4%5D=150\u0026amp;renderParameterIds%5B5%5D=214\u0022\n                   data-toggle=\u0022tooltip\u0022 title=\u0022J\u00eddeln\u00ed st\u016fl Wood kulat\u00fd \u00d8 110 cm - deska antracit\u0022\n                   data-placement=\u0022left\u0022\u003E\n\n                    \n                    \u003Cimg src=\u0022\u0022 data-src=\u0022https:\/\/www.kresla-zidle.cz\/temp\/product\/list\/wood-110-2.png\u0022 class=\u0022img-fluid js-lazy-img\u0022 alt=\u0022J\u00eddeln\u00ed st\u016fl Wood kulat\u00fd \u00d8 110 cm - deska antracit\u0022 loading=\u0022lazy\u0022\u003E\n                \u003C\/a\u003E\n                                                                            \u003Ca href=\u0022\/jidelni-stul-wood-kulaty-oe-110-cm-deska-bila-wood-110-white\u0022\n                       class=\u0022tile-varinat-tab js-variant-item js-ajax\u0022\n                       data-show-preloader=\u00220\u0022\n                       data-href=\u0022\/product-list-tile\/3525\/2875?renderParameterIds%5B0%5D=7\u0026amp;renderParameterIds%5B1%5D=117\u0026amp;renderParameterIds%5B2%5D=143\u0026amp;renderParameterIds%5B3%5D=145\u0026amp;renderParameterIds%5B4%5D=150\u0026amp;renderParameterIds%5B5%5D=214\u0022\n                       data-toggle=\u0022tooltip\u0022 title=\u0022J\u00eddeln\u00ed st\u016fl Wood kulat\u00fd \u00d8 110 cm - deska b\u00edl\u00e1\u0022\n                       data-placement=\u0022left\u0022\u003E\n\n                        \n                        \u003Cimg src=\u0022\u0022 data-src=\u0022https:\/\/www.kresla-zidle.cz\/temp\/product\/list\/wood-110-1.png\u0022 alt=\u0022J\u00eddeln\u00ed st\u016fl Wood kulat\u00fd \u00d8 110 cm - deska b\u00edl\u00e1\u0022 class=\u0022img-fluid js-lazy-img\u0022 loading=\u0022lazy\u0022\u003E\n                    \u003C\/a\u003E\n                                                                            \u003Ca href=\u0022\/jidelni-stul-wood-90x90-cm-deska-antracit-wood-90x90-antracite\u0022\n                       class=\u0022tile-varinat-tab js-variant-item js-ajax\u0022\n                       data-show-preloader=\u00220\u0022\n                       data-href=\u0022\/product-list-tile\/3529\/2875?renderParameterIds%5B0%5D=7\u0026amp;renderParameterIds%5B1%5D=117\u0026amp;renderParameterIds%5B2%5D=143\u0026amp;renderParameterIds%5B3%5D=145\u0026amp;renderParameterIds%5B4%5D=150\u0026amp;renderParameterIds%5B5%5D=214\u0022\n                       data-toggle=\u0022tooltip\u0022 title=\u0022J\u00eddeln\u00ed st\u016fl Wood 90x90 cm - deska antracit\u0022\n                       data-placement=\u0022left\u0022\u003E\n\n                        \n                        \u003Cimg src=\u0022\u0022 data-src=\u0022https:\/\/www.kresla-zidle.cz\/temp\/product\/list\/wood-90x90-1.png\u0022 alt=\u0022J\u00eddeln\u00ed st\u016fl Wood 90x90 cm - deska antracit\u0022 class=\u0022img-fluid js-lazy-img\u0022 loading=\u0022lazy\u0022\u003E\n                    \u003C\/a\u003E\n                                                                            \u003Ca href=\u0022\/jidelni-stul-wood-90x90-cm-deska-bila-wood-90x90-white\u0022\n                       class=\u0022tile-varinat-tab js-variant-item js-ajax\u0022\n                       data-show-preloader=\u00220\u0022\n                       data-href=\u0022\/product-list-tile\/3530\/2875?renderParameterIds%5B0%5D=7\u0026amp;renderParameterIds%5B1%5D=117\u0026amp;renderParameterIds%5B2%5D=143\u0026amp;renderParameterIds%5B3%5D=145\u0026amp;renderParameterIds%5B4%5D=150\u0026amp;renderParameterIds%5B5%5D=214\u0022\n                       data-toggle=\u0022tooltip\u0022 title=\u0022J\u00eddeln\u00ed st\u016fl Wood 90x90 cm - deska b\u00edl\u00e1\u0022\n                       data-placement=\u0022left\u0022\u003E\n\n                        \n                        \u003Cimg src=\u0022\u0022 data-src=\u0022https:\/\/www.kresla-zidle.cz\/temp\/product\/list\/wood-90x90-2.png\u0022 alt=\u0022J\u00eddeln\u00ed st\u016fl Wood 90x90 cm - deska b\u00edl\u00e1\u0022 class=\u0022img-fluid js-lazy-img\u0022 loading=\u0022lazy\u0022\u003E\n                    \u003C\/a\u003E\n                            \u003C\/div\u003E\n            \u003C\/div\u003E\n\u003C\/div\u003E            \u003Cdiv class=\u0022product-tile-item js-product-tile js-block-preloader\u0022 id=\u0022js-product-tile-2891\u0022\u003E\n    \u003Cdiv class=\u0022product-tile-item-foreground js-product-tile-foreground\u0022\u003E\n        \u003Cdiv class=\u0022product-tile-item-info-wrapper\u0022 id=\u0022js-product-tile-2891-info\u0022\u003E\n            \u003Cdiv class=\u0022product-tile-item-basic-info\u0022\u003E\n    \u003Cdiv class=\u0022product-tile-item-image-wrapper position-relative\u0022\u003E\n        \u003Cdiv class=\u0022product-tile-item-image\u0022\u003E\n                        \u003Ca href=\u0022\/stul-istra-120x60\u0022\u003E\n                \u003Cpicture\u003E\n                    \u003Cimg\n                            src=\u0022\u0022\n                            data-src=\u0022https:\/\/www.kresla-zidle.cz\/temp\/product\/list\/istra-sedy-2.png\u0022\n                            alt=\u0022St\u016fl ISTRA, nohy - sv\u011btle \u0161ed\u00e1, deska - sv\u011btle \u0161ed\u00e1\u0022\n                            class=\u0022img-fluid js-lazy-img\u0022\u003E\n                \u003C\/picture\u003E\n            \u003C\/a\u003E\n        \u003C\/div\u003E\n        \u003Cdiv class=\u0022product-tile-item-tags-wrapper\u0022\u003E\n    \u003Cdiv class=\u0022product-item-tags-left\u0022\u003E\n                                                    \u003C\/div\u003E\n    \u003Cdiv class=\u0022product-item-tags-right\u0022\u003E\n                                                                                \u003Cdiv class=\u0022product-tile-tags-manufacturer\u0022\u003E\n                \u003Ca href=\u0022\/antares\u0022\u003E\n                    \u003Cimg src=\u0022https:\/\/www.kresla-zidle.cz\/images\/manufacturer-front-tag\/9.png\u0022 alt=\u0022ANTARES\u0022 class=\u0022img-fluid\u0022 loading=\u0022lazy\u0022\u003E\n                \u003C\/a\u003E\n            \u003C\/div\u003E\n            \u003C\/div\u003E\n\u003C\/div\u003E    \u003C\/div\u003E\n\n                \n    \u003Cdiv class=\u0022product-tile-item-heading-info\u0022\u003E\n        \u003Cdiv class=\u0022product-tile-category\u0022\u003EKancel\u00e1\u0159\u003C\/div\u003E        \u003Ch2 class=\u0022product-tile-heading\u0022\u003E\u003Ca href=\u0022\/stul-istra-120x60\u0022\u003ESt\u016fl Istra 120x60\u003C\/a\u003E\u003C\/h2\u003E\n    \u003C\/div\u003E\n    \u003Cdiv class=\u0022product-tile-item-params\u0022\u003E\n                                                                                        \u003Cdiv class=\u0022product-tile-item-params__item\u0022\u003E\n                                            \u003C\/div\u003E\n                                                                                    \u003Cdiv class=\u0022product-tile-item-params__item\u0022\u003E\n                                                    4 nohy\n                            \n                                            \u003C\/div\u003E\n                                                                                    \u003Cdiv class=\u0022product-tile-item-params__item\u0022\u003E\n                                                    3 roky\n                            \n                                            \u003C\/div\u003E\n                                                                                    \u003Cdiv class=\u0022product-tile-item-params__item\u0022\u003E\n                                                    Obd\u00e9ln\u00edk\n                            \n                                            \u003C\/div\u003E\n                                                                                                \u003C\/div\u003E\n    \u003Cdiv class=\u0022product-tile-item-price-availability\u0022\u003E\n        \u003Cdiv class=\u0022product-tile-item-price-wrapper\u0022\u003E\n            \n\n        \u003Cdiv class=\u0022price-current\u0022\u003E4 042 K\u010d\u003C\/div\u003E\n    \u003Cdiv class=\u0022price-info\u0022\u003E3 340 K\u010d bez DPH\u003C\/div\u003E        \u003C\/div\u003E\n        \u003Cdiv class=\u0022product-tile-item-availability-wrapper\u0022\u003E\n            \u003Cdiv class=\u0022availability\u0022 style=\u0022color: #fb8908;\u0022\u003E\u003Cspan class=\u0022availability-icon icon-glass-hour\u0022\u003E\u003C\/span\u003E do 21 dn\u016f\u003C\/div\u003E        \u003C\/div\u003E\n        \u003Cdiv\u003E\n            \n    \n    \n\n\n        \u003C\/div\u003E\n    \u003C\/div\u003E\n\u003C\/div\u003E\n\u003Cdiv class=\u0022product-tile-item-extended-info\u0022\u003E\n\n            \u003Cdiv class=\u0022product-tile-item-description\u0022\u003E\n            \u003Cp\u003EJednoduch\u00fd st\u016fl s deskou 25 mm a ocelovou podno\u017e\u00ed.\u003C\/p\u003E\n        \u003C\/div\u003E\n                \u003Cdiv class=\u0022product-tile-item-services\u0022\u003E\n        \u003Ca href=\u0022\/product\/favourite\/add\/2891\u0022 class=\u0022service-item \u0022 data-product-favourite=\u00222891\u0022 data-method=\u0022POST\u0022\u003E\u003Cspan class=\u0022icon-heart\u0022\u003E\u003C\/span\u003E Obl\u00edben\u00e9\u003C\/a\u003E        \u003Cspan class=\u0022service-item\u0022\u003E\u003Cspan class=\u0022icon-chart\u0022\u003E\u003C\/span\u003E ISTRA 120x60\u003C\/span\u003E\n    \u003C\/div\u003E\n    \n            \n    \u003Cdiv class=\u0022product-tile-item-action-wrapper\u0022\u003E\n        \u003Ca href=\u0022\/stul-istra-120x60\u0022 class=\u0022btn-tile\u0022\n           data-text-desktop=\u0022Detail produktu\u0022\n           data-text-mobile=\u0022Detail\u0022\u003E\u003C\/a\u003E\n                    \u003Ca href=\u0022\/stul-istra-120x60\u0022\n               class=\u0022btn-tile btn-icon-right\u0022\u003E\n                \u003Cspan class=\u0022icon-shopping-cart\u0022\u003E\u003C\/span\u003E\n                \u003Cspan class=\u0022btn-tile-text\u0022\u003EKoupit\u003C\/span\u003E\n            \u003C\/a\u003E\n            \u003C\/div\u003E\n    \u003C\/div\u003E        \u003C\/div\u003E\n                    \u003C\/div\u003E\n\u003C\/div\u003E","action":"append"},"#js-pagination-wrapper":{"html":"\u003Cdiv class=\u0022product-list-tiles-pagination\u0022 id=\u0022js-pagination-wrapper\u0022\u003E\n                                        \n    \u003Cdiv class=\u0022product-list-tiles-more-wrapper\u0022 id=\u0022js-pagination-show-more\u0022\u003E\n                \u003Cdiv class=\u0022product-list-tiles-more-note\u0022\u003Ezobrazeno 30 z 30\u003C\/div\u003E\n    \u003C\/div\u003E\n    \u003Cdiv class=\u0022product-list-tiles-pagination-wrapper\u0022\u003E\n        \u003Cul class=\u0022pagination\u0022\u003E\n            \u003Cli class=\u0022page-item-break\u0022\u003E\u003C\/li\u003E\n            \u003Cli class=\u0022page-item pagination-item-left\u0022\u003E\n                \u003Ca class=\u0022page-link js-product-scroll  js-ajax\u0022\n                   href=\u0022\/drevene-jidelni-stoly?page=1\u0026amp;displayedPages=1\u0022\u003E\u003Cspan\n                            class=\u0022icon-double-chevron-left\u0022\u003E\u003C\/span\u003E\u003C\/a\u003E\n            \u003C\/li\u003E\n\n                        \u003Cli class=\u0022page-item pagination-item-left\u0022\u003E\n                \u003Ca class=\u0022page-link js-product-scroll  js-ajax\u0022\n                   href=\u0022\/drevene-jidelni-stoly?page=1\u0026amp;displayedPages=1\u0022\u003E\u003Cspan\n                            class=\u0022icon-arrow-left\u0022\u003E\u003C\/span\u003E\u003C\/a\u003E\n            \u003C\/li\u003E\n\n                            \u003Cli class=\u0022page-item\u0022\u003E\n                    \u003Ca class=\u0022page-link js-product-scroll  js-ajax\u0022\n                       href=\u0022\/drevene-jidelni-stoly?page=1\u0026amp;displayedPages=1\u0022\u003E1\u003C\/a\u003E\n                \u003C\/li\u003E\n                            \u003Cli class=\u0022page-item active\u0022\u003E\n                    \u003Ca class=\u0022page-link js-product-scroll  js-ajax\u0022\n                       href=\u0022\/drevene-jidelni-stoly?page=2\u0026amp;displayedPages=1\u0022\u003E2\u003C\/a\u003E\n                \u003C\/li\u003E\n            \n                        \u003Cli class=\u0022page-item pagination-item-right disabled\u0022\u003E\n                \u003Ca class=\u0022page-link js-product-scroll  js-ajax\u0022\n                   href=\u0022\/drevene-jidelni-stoly?page=2\u0026amp;displayedPages=1\u0022\u003E\u003Cspan\n                            class=\u0022icon-arrow-right\u0022\u003E\u003C\/span\u003E\u003C\/a\u003E\n            \u003C\/li\u003E\n\n            \u003Cli class=\u0022page-item pagination-item-right disabled\u0022\u003E\n                \u003Ca class=\u0022page-link js-product-scroll  js-ajax\u0022\n                   href=\u0022\/drevene-jidelni-stoly?page=2\u0026amp;displayedPages=1\u0022\u003E\u003Cspan\n                            class=\u0022icon-double-chevron-right\u0022\u003E\u003C\/span\u003E\u003C\/a\u003E\n            \u003C\/li\u003E\n        \u003C\/ul\u003E\n    \u003C\/div\u003E\n\n\u003C\/div\u003E","action":"replace"}},"actions":{"historyPushState":{"url":"\/drevene-jidelni-stoly?displayedPages=2\u0026page=2","state":[],"title":"stateChange"}},"payload":[]}