{"snippets":{"#js-product-list-items-wrapper":{"html":"            \u003Cdiv class=\u0022product-tile-item js-product-tile js-block-preloader\u0022 id=\u0022js-product-tile-49\u0022\u003E\n    \u003Cdiv class=\u0022product-tile-item-foreground js-product-tile-foreground\u0022\u003E\n        \u003Cdiv class=\u0022product-tile-item-info-wrapper\u0022 id=\u0022js-product-tile-49-info\u0022\u003E\n            \u003Cdiv class=\u0022product-tile-item-basic-info\u0022\u003E\n    \u003Cdiv class=\u0022product-tile-item-image-wrapper position-relative\u0022\u003E\n        \u003Cdiv class=\u0022product-tile-item-image\u0022\u003E\n                        \u003Ca href=\u0022\/plastova-zidle-2130-s-tc-strike-2130-s-tc\u0022\u003E\n                \u003Cpicture\u003E\n                    \u003Cimg\n                            src=\u0022\u0022\n                            data-src=\u0022https:\/\/www.kresla-zidle.cz\/temp\/product\/list\/img-p-2-6-2-6-6-26266.png\u0022\n                            alt=\u0022Plastov\u00e1 \u017eidle STRIKE  s \u010daloun\u011bn\u00fdm sed\u00e1kem\u0022\n                            class=\u0022img-fluid js-lazy-img\u0022\u003E\n                \u003C\/picture\u003E\n            \u003C\/a\u003E\n        \u003C\/div\u003E\n        \u003Cdiv class=\u0022product-tile-item-tags-wrapper\u0022\u003E\n    \u003Cdiv class=\u0022product-item-tags-left\u0022\u003E\n                                                    \u003C\/div\u003E\n    \u003Cdiv class=\u0022product-item-tags-right\u0022\u003E\n                                                                                \u003Cdiv class=\u0022product-tile-tags-manufacturer\u0022\u003E\n                \u003Ca href=\u0022\/alba\u0022\u003E\n                    \u003Cimg src=\u0022https:\/\/www.kresla-zidle.cz\/images\/manufacturer-front-tag\/11.png\u0022 alt=\u0022ALBA\u0022 class=\u0022img-fluid\u0022 loading=\u0022lazy\u0022\u003E\n                \u003C\/a\u003E\n            \u003C\/div\u003E\n            \u003C\/div\u003E\n\u003C\/div\u003E    \u003C\/div\u003E\n\n                \n    \u003Cdiv class=\u0022product-tile-item-heading-info\u0022\u003E\n        \u003Cdiv class=\u0022product-tile-category\u0022\u003EKancel\u00e1\u0159\u003C\/div\u003E        \u003Ch2 class=\u0022product-tile-heading\u0022\u003E\u003Ca href=\u0022\/plastova-zidle-2130-s-tc-strike-2130-s-tc\u0022\u003EPlastov\u00e1 \u017eidle 2130\/S TC Strike\u003C\/a\u003E\u003C\/h2\u003E\n    \u003C\/div\u003E\n    \u003Cdiv class=\u0022product-tile-item-params\u0022\u003E\n                                                                                        \u003Cdiv class=\u0022product-tile-item-params__item\u0022\u003E\n                                                    plastov\u00fd\n                            \n                                            \u003C\/div\u003E\n                                                                                    \u003Cdiv class=\u0022product-tile-item-params__item\u0022\u003E\n                                                    \u010daloun\u011bn\u00fd\n                            \n                                            \u003C\/div\u003E\n                                                                                    \u003Cdiv class=\u0022product-tile-item-params__item\u0022\u003E\n                                                    kov\n                            \n                                            \u003C\/div\u003E\n                                                                                    \u003Cdiv class=\u0022product-tile-item-params__item\u0022\u003E\n                                                    NE\n                            \n                                            \u003C\/div\u003E\n                                                                                                                            \u003C\/div\u003E\n    \u003Cdiv class=\u0022product-tile-item-price-availability\u0022\u003E\n        \u003Cdiv class=\u0022product-tile-item-price-wrapper\u0022\u003E\n            \n\n        \u003Cdiv class=\u0022price-current\u0022\u003E2 917 K\u010d\u003C\/div\u003E\n    \u003Cdiv class=\u0022price-info\u0022\u003E2 410 K\u010d bez DPH\u003C\/div\u003E        \u003C\/div\u003E\n        \u003Cdiv class=\u0022product-tile-item-availability-wrapper\u0022\u003E\n            \u003Cdiv class=\u0022availability\u0022 style=\u0022color: #fb8908;\u0022\u003E\u003Cspan class=\u0022availability-icon icon-glass-hour\u0022\u003E\u003C\/span\u003E do 28 dn\u016f\u003C\/div\u003E        \u003C\/div\u003E\n        \u003Cdiv\u003E\n            \n    \n    \n\n\n        \u003C\/div\u003E\n    \u003C\/div\u003E\n\u003C\/div\u003E\n\u003Cdiv class=\u0022product-tile-item-extended-info\u0022\u003E\n\n            \u003Cdiv class=\u0022product-tile-item-description\u0022\u003E\n            \u003Cp\u003EPraktick\u00e1 plastov\u00e1 \u017eidle vhodn\u00e1 p\u0159edev\u0161\u00edm do ve\u0159ejn\u00fdch prostor.\u003C\/p\u003E\n        \u003C\/div\u003E\n                \u003Cdiv class=\u0022product-tile-item-services\u0022\u003E\n        \u003Ca href=\u0022\/product\/favourite\/add\/49\u0022 class=\u0022service-item \u0022 data-product-favourite=\u002249\u0022 data-method=\u0022POST\u0022\u003E\u003Cspan class=\u0022icon-heart\u0022\u003E\u003C\/span\u003E Obl\u00edben\u00e9\u003C\/a\u003E        \u003Cspan class=\u0022service-item\u0022\u003E\u003Cspan class=\u0022icon-chart\u0022\u003E\u003C\/span\u003E 2130\/S TC\u003C\/span\u003E\n    \u003C\/div\u003E\n    \n            \n    \u003Cdiv class=\u0022product-tile-item-action-wrapper\u0022\u003E\n        \u003Ca href=\u0022\/plastova-zidle-2130-s-tc-strike-2130-s-tc\u0022 class=\u0022btn-tile\u0022\n           data-text-desktop=\u0022Detail produktu\u0022\n           data-text-mobile=\u0022Detail\u0022\u003E\u003C\/a\u003E\n                    \u003Ca href=\u0022\/plastova-zidle-2130-s-tc-strike-2130-s-tc\u0022\n               class=\u0022btn-tile btn-icon-right\u0022\u003E\n                \u003Cspan class=\u0022icon-shopping-cart\u0022\u003E\u003C\/span\u003E\n                \u003Cspan class=\u0022btn-tile-text\u0022\u003EKoupit\u003C\/span\u003E\n            \u003C\/a\u003E\n            \u003C\/div\u003E\n    \u003C\/div\u003E        \u003C\/div\u003E\n                    \u003C\/div\u003E\n\u003C\/div\u003E            \u003Cdiv class=\u0022product-tile-item js-product-tile js-block-preloader\u0022 id=\u0022js-product-tile-51\u0022\u003E\n    \u003Cdiv class=\u0022product-tile-item-foreground js-product-tile-foreground\u0022\u003E\n        \u003Cdiv class=\u0022product-tile-item-info-wrapper\u0022 id=\u0022js-product-tile-51-info\u0022\u003E\n            \u003Cdiv class=\u0022product-tile-item-basic-info\u0022\u003E\n    \u003Cdiv class=\u0022product-tile-item-image-wrapper position-relative\u0022\u003E\n        \u003Cdiv class=\u0022product-tile-item-image\u0022\u003E\n                        \u003Ca href=\u0022\/plastova-zidle-2130-tc-strike-2130-tc\u0022\u003E\n                \u003Cpicture\u003E\n                    \u003Cimg\n                            src=\u0022\u0022\n                            data-src=\u0022https:\/\/www.kresla-zidle.cz\/temp\/product\/list\/strike-2.png\u0022\n                            alt=\u0022Plastov\u00e1 \u017eidle 2130 TC Strike\u0022\n                            class=\u0022img-fluid js-lazy-img\u0022\u003E\n                \u003C\/picture\u003E\n            \u003C\/a\u003E\n        \u003C\/div\u003E\n        \u003Cdiv class=\u0022product-tile-item-tags-wrapper\u0022\u003E\n    \u003Cdiv class=\u0022product-item-tags-left\u0022\u003E\n                                                    \u003C\/div\u003E\n    \u003Cdiv class=\u0022product-item-tags-right\u0022\u003E\n                                                                                \u003Cdiv class=\u0022product-tile-tags-manufacturer\u0022\u003E\n                \u003Ca href=\u0022\/alba\u0022\u003E\n                    \u003Cimg src=\u0022https:\/\/www.kresla-zidle.cz\/images\/manufacturer-front-tag\/11.png\u0022 alt=\u0022ALBA\u0022 class=\u0022img-fluid\u0022 loading=\u0022lazy\u0022\u003E\n                \u003C\/a\u003E\n            \u003C\/div\u003E\n            \u003C\/div\u003E\n\u003C\/div\u003E    \u003C\/div\u003E\n\n                \n    \u003Cdiv class=\u0022product-tile-item-heading-info\u0022\u003E\n        \u003Cdiv class=\u0022product-tile-category\u0022\u003EKancel\u00e1\u0159\u003C\/div\u003E        \u003Ch2 class=\u0022product-tile-heading\u0022\u003E\u003Ca href=\u0022\/plastova-zidle-2130-tc-strike-2130-tc\u0022\u003EPlastov\u00e1 \u010daloun\u011bn\u00e1 \u017eidle 2130 TC Strike\u003C\/a\u003E\u003C\/h2\u003E\n    \u003C\/div\u003E\n    \u003Cdiv class=\u0022product-tile-item-params\u0022\u003E\n                                                                                        \u003Cdiv class=\u0022product-tile-item-params__item\u0022\u003E\n                                                    plastov\u00fd\n                            \n                                            \u003C\/div\u003E\n                                                                                    \u003Cdiv class=\u0022product-tile-item-params__item\u0022\u003E\n                                                    \u010daloun\u011bn\u00fd\n                            \n                                            \u003C\/div\u003E\n                                                                                    \u003Cdiv class=\u0022product-tile-item-params__item\u0022\u003E\n                                                    kov\n                            \n                                            \u003C\/div\u003E\n                                                                                    \u003Cdiv class=\u0022product-tile-item-params__item\u0022\u003E\n                                                    NE\n                            \n                                            \u003C\/div\u003E\n                                                                                                                            \u003C\/div\u003E\n    \u003Cdiv class=\u0022product-tile-item-price-availability\u0022\u003E\n        \u003Cdiv class=\u0022product-tile-item-price-wrapper\u0022\u003E\n            \n\n        \u003Cdiv class=\u0022price-current\u0022\u003E2 306 K\u010d\u003C\/div\u003E\n    \u003Cdiv class=\u0022price-info\u0022\u003E1 905 K\u010d bez DPH\u003C\/div\u003E        \u003C\/div\u003E\n        \u003Cdiv class=\u0022product-tile-item-availability-wrapper\u0022\u003E\n            \u003Cdiv class=\u0022availability\u0022 style=\u0022color: #fb8908;\u0022\u003E\u003Cspan class=\u0022availability-icon icon-glass-hour\u0022\u003E\u003C\/span\u003E do 28 dn\u016f\u003C\/div\u003E        \u003C\/div\u003E\n        \u003Cdiv\u003E\n            \n    \n    \n\n\n        \u003C\/div\u003E\n    \u003C\/div\u003E\n\u003C\/div\u003E\n\u003Cdiv class=\u0022product-tile-item-extended-info\u0022\u003E\n\n            \u003Cdiv class=\u0022product-tile-item-description\u0022\u003E\n            \u003Cp\u003EUniverz\u00e1ln\u00ed plastov\u00e1 \u017eidle vhodn\u00e1 do j\u00eddelen nebo \u0161kolic\u00edch m\u00edstnost\u00ed.\u003C\/p\u003E\n        \u003C\/div\u003E\n                \u003Cdiv class=\u0022product-tile-item-services\u0022\u003E\n        \u003Ca href=\u0022\/product\/favourite\/add\/51\u0022 class=\u0022service-item \u0022 data-product-favourite=\u002251\u0022 data-method=\u0022POST\u0022\u003E\u003Cspan class=\u0022icon-heart\u0022\u003E\u003C\/span\u003E Obl\u00edben\u00e9\u003C\/a\u003E        \u003Cspan class=\u0022service-item\u0022\u003E\u003Cspan class=\u0022icon-chart\u0022\u003E\u003C\/span\u003E 2130 TC\u003C\/span\u003E\n    \u003C\/div\u003E\n    \n            \n    \u003Cdiv class=\u0022product-tile-item-action-wrapper\u0022\u003E\n        \u003Ca href=\u0022\/plastova-zidle-2130-tc-strike-2130-tc\u0022 class=\u0022btn-tile\u0022\n           data-text-desktop=\u0022Detail produktu\u0022\n           data-text-mobile=\u0022Detail\u0022\u003E\u003C\/a\u003E\n                    \u003Ca href=\u0022\/plastova-zidle-2130-tc-strike-2130-tc\u0022\n               class=\u0022btn-tile btn-icon-right\u0022\u003E\n                \u003Cspan class=\u0022icon-shopping-cart\u0022\u003E\u003C\/span\u003E\n                \u003Cspan class=\u0022btn-tile-text\u0022\u003EKoupit\u003C\/span\u003E\n            \u003C\/a\u003E\n            \u003C\/div\u003E\n    \u003C\/div\u003E        \u003C\/div\u003E\n                    \u003C\/div\u003E\n\u003C\/div\u003E            \u003Cdiv class=\u0022product-tile-item js-product-tile js-block-preloader\u0022 id=\u0022js-product-tile-52\u0022\u003E\n    \u003Cdiv class=\u0022product-tile-item-foreground js-product-tile-foreground\u0022\u003E\n        \u003Cdiv class=\u0022product-tile-item-info-wrapper\u0022 id=\u0022js-product-tile-52-info\u0022\u003E\n            \u003Cdiv class=\u0022product-tile-item-basic-info\u0022\u003E\n    \u003Cdiv class=\u0022product-tile-item-image-wrapper position-relative\u0022\u003E\n        \u003Cdiv class=\u0022product-tile-item-image\u0022\u003E\n                        \u003Ca href=\u0022\/plastova-zidle-2130-pc-strike-2130-pc\u0022\u003E\n                \u003Cpicture\u003E\n                    \u003Cimg\n                            src=\u0022\u0022\n                            data-src=\u0022https:\/\/www.kresla-zidle.cz\/temp\/product\/list\/img-p-2-6-2-7-8-26278.png\u0022\n                            alt=\u0022Plastov\u00e1 \u017eidle STRIKE 2130 PC\u0022\n                            class=\u0022img-fluid js-lazy-img\u0022\u003E\n                \u003C\/picture\u003E\n            \u003C\/a\u003E\n        \u003C\/div\u003E\n        \u003Cdiv class=\u0022product-tile-item-tags-wrapper\u0022\u003E\n    \u003Cdiv class=\u0022product-item-tags-left\u0022\u003E\n                                                    \u003C\/div\u003E\n    \u003Cdiv class=\u0022product-item-tags-right\u0022\u003E\n                                                                                \u003Cdiv class=\u0022product-tile-tags-manufacturer\u0022\u003E\n                \u003Ca href=\u0022\/alba\u0022\u003E\n                    \u003Cimg src=\u0022https:\/\/www.kresla-zidle.cz\/images\/manufacturer-front-tag\/11.png\u0022 alt=\u0022ALBA\u0022 class=\u0022img-fluid\u0022 loading=\u0022lazy\u0022\u003E\n                \u003C\/a\u003E\n            \u003C\/div\u003E\n            \u003C\/div\u003E\n\u003C\/div\u003E    \u003C\/div\u003E\n\n                \n    \u003Cdiv class=\u0022product-tile-item-heading-info\u0022\u003E\n        \u003Cdiv class=\u0022product-tile-category\u0022\u003EKancel\u00e1\u0159\u003C\/div\u003E        \u003Ch2 class=\u0022product-tile-heading\u0022\u003E\u003Ca href=\u0022\/plastova-zidle-2130-pc-strike-2130-pc\u0022\u003EPlastov\u00e1 \u017eidle 2130 PC Strike\u003C\/a\u003E\u003C\/h2\u003E\n    \u003C\/div\u003E\n    \u003Cdiv class=\u0022product-tile-item-params\u0022\u003E\n                                                                                        \u003Cdiv class=\u0022product-tile-item-params__item\u0022\u003E\n                                                    plastov\u00fd\n                            \n                                            \u003C\/div\u003E\n                                                                                    \u003Cdiv class=\u0022product-tile-item-params__item\u0022\u003E\n                                                    Plastov\u00fd\n                            \n                                            \u003C\/div\u003E\n                                                                                    \u003Cdiv class=\u0022product-tile-item-params__item\u0022\u003E\n                                                    kov\n                            \n                                            \u003C\/div\u003E\n                                                                                    \u003Cdiv class=\u0022product-tile-item-params__item\u0022\u003E\n                                                    NE\n                            \n                                            \u003C\/div\u003E\n                                                                                                                            \u003C\/div\u003E\n    \u003Cdiv class=\u0022product-tile-item-price-availability\u0022\u003E\n        \u003Cdiv class=\u0022product-tile-item-price-wrapper\u0022\u003E\n            \n\n        \u003Cdiv class=\u0022price-current\u0022\u003E1 797 K\u010d\u003C\/div\u003E\n    \u003Cdiv class=\u0022price-info\u0022\u003E1 485 K\u010d bez DPH\u003C\/div\u003E        \u003C\/div\u003E\n        \u003Cdiv class=\u0022product-tile-item-availability-wrapper\u0022\u003E\n            \u003Cdiv class=\u0022availability\u0022 style=\u0022color: #fb8908;\u0022\u003E\u003Cspan class=\u0022availability-icon icon-glass-hour\u0022\u003E\u003C\/span\u003E do 28 dn\u016f\u003C\/div\u003E        \u003C\/div\u003E\n        \u003Cdiv\u003E\n            \n    \n    \n\n\n        \u003C\/div\u003E\n    \u003C\/div\u003E\n\u003C\/div\u003E\n\u003Cdiv class=\u0022product-tile-item-extended-info\u0022\u003E\n\n            \u003Cdiv class=\u0022product-tile-item-description\u0022\u003E\n            \u003Cp\u003EUniverz\u00e1ln\u00ed plastov\u00e1 \u017eidle vhodn\u00e1 do j\u00eddelen nebo \u0161kolic\u00edch m\u00edstnost\u00ed.\u003C\/p\u003E\n        \u003C\/div\u003E\n                \u003Cdiv class=\u0022product-tile-item-services\u0022\u003E\n        \u003Ca href=\u0022\/product\/favourite\/add\/52\u0022 class=\u0022service-item \u0022 data-product-favourite=\u002252\u0022 data-method=\u0022POST\u0022\u003E\u003Cspan class=\u0022icon-heart\u0022\u003E\u003C\/span\u003E Obl\u00edben\u00e9\u003C\/a\u003E        \u003Cspan class=\u0022service-item\u0022\u003E\u003Cspan class=\u0022icon-chart\u0022\u003E\u003C\/span\u003E 2130 PC\u003C\/span\u003E\n    \u003C\/div\u003E\n    \n            \n    \u003Cdiv class=\u0022product-tile-item-action-wrapper\u0022\u003E\n        \u003Ca href=\u0022\/plastova-zidle-2130-pc-strike-2130-pc\u0022 class=\u0022btn-tile\u0022\n           data-text-desktop=\u0022Detail produktu\u0022\n           data-text-mobile=\u0022Detail\u0022\u003E\u003C\/a\u003E\n                    \u003Ca href=\u0022\/plastova-zidle-2130-pc-strike-2130-pc\u0022\n               class=\u0022btn-tile btn-icon-right\u0022\u003E\n                \u003Cspan class=\u0022icon-shopping-cart\u0022\u003E\u003C\/span\u003E\n                \u003Cspan class=\u0022btn-tile-text\u0022\u003EKoupit\u003C\/span\u003E\n            \u003C\/a\u003E\n            \u003C\/div\u003E\n    \u003C\/div\u003E        \u003C\/div\u003E\n                    \u003C\/div\u003E\n\u003C\/div\u003E            \u003Cdiv class=\u0022product-tile-item js-product-tile js-block-preloader\u0022 id=\u0022js-product-tile-53\u0022\u003E\n    \u003Cdiv class=\u0022product-tile-item-foreground js-product-tile-foreground with-variants\u0022\u003E\n        \u003Cdiv class=\u0022product-tile-item-info-wrapper\u0022 id=\u0022js-product-tile-53-info\u0022\u003E\n            \u003Cdiv class=\u0022product-tile-item-basic-info\u0022\u003E\n    \u003Cdiv class=\u0022product-tile-item-image-wrapper position-relative\u0022\u003E\n        \u003Cdiv class=\u0022product-tile-item-image\u0022\u003E\n                        \u003Ca href=\u0022\/jednaci-zidle-rewind-rw-2103-celocalounena-rw-2103\u0022\u003E\n                \u003Cpicture\u003E\n                    \u003Cimg\n                            src=\u0022\u0022\n                            data-src=\u0022https:\/\/www.kresla-zidle.cz\/temp\/product\/list\/img-p-1-6-5-0-5-16505.png\u0022\n                            alt=\u0022Jednac\u00ed \u017eidle REWIND RW2103 celo\u010daloun\u011bn\u00e1\u0022\n                            class=\u0022img-fluid js-lazy-img\u0022\u003E\n                \u003C\/picture\u003E\n            \u003C\/a\u003E\n        \u003C\/div\u003E\n        \u003Cdiv class=\u0022product-tile-item-tags-wrapper\u0022\u003E\n    \u003Cdiv class=\u0022product-item-tags-left\u0022\u003E\n                                                    \u003C\/div\u003E\n    \u003Cdiv class=\u0022product-item-tags-right\u0022\u003E\n                                                                                \u003Cdiv class=\u0022product-tile-tags-manufacturer\u0022\u003E\n                \u003Ca href=\u0022\/rim\u0022\u003E\n                    \u003Cimg src=\u0022https:\/\/www.kresla-zidle.cz\/images\/manufacturer-front-tag\/7.png\u0022 alt=\u0022RIM\u0022 class=\u0022img-fluid\u0022 loading=\u0022lazy\u0022\u003E\n                \u003C\/a\u003E\n            \u003C\/div\u003E\n            \u003C\/div\u003E\n\u003C\/div\u003E    \u003C\/div\u003E\n\n                \n    \u003Cdiv class=\u0022product-tile-item-heading-info\u0022\u003E\n        \u003Cdiv class=\u0022product-tile-category\u0022\u003EKancel\u00e1\u0159\u003C\/div\u003E        \u003Ch2 class=\u0022product-tile-heading\u0022\u003E\u003Ca href=\u0022\/jednaci-zidle-rewind-rw-2103-celocalounena-rw-2103\u0022\u003EJednac\u00ed \u017eidle REWIND RW 2103\u003C\/a\u003E\u003C\/h2\u003E\n    \u003C\/div\u003E\n    \u003Cdiv class=\u0022product-tile-item-params\u0022\u003E\n                                                                                        \u003Cdiv class=\u0022product-tile-item-params__item\u0022\u003E\n                                                    \u010daloun\u011bn\u00fd\n                            \n                                            \u003C\/div\u003E\n                                                                                    \u003Cdiv class=\u0022product-tile-item-params__item\u0022\u003E\n                                                    \u010daloun\u011bn\u00fd\n                            \n                                            \u003C\/div\u003E\n                                                                                    \u003Cdiv class=\u0022product-tile-item-params__item\u0022\u003E\n                                                    kov\n                            \n                                            \u003C\/div\u003E\n                                                                                    \u003Cdiv class=\u0022product-tile-item-params__item\u0022\u003E\n                                                    ANO, NE\n                            \n                                            \u003C\/div\u003E\n                                                                                                                            \u003C\/div\u003E\n    \u003Cdiv class=\u0022product-tile-item-price-availability\u0022\u003E\n        \u003Cdiv class=\u0022product-tile-item-price-wrapper\u0022\u003E\n            \n\n        \u003Cdiv class=\u0022price-current\u0022\u003E3 860 K\u010d\u003C\/div\u003E\n    \u003Cdiv class=\u0022price-info\u0022\u003E3 190 K\u010d bez DPH\u003C\/div\u003E        \u003C\/div\u003E\n        \u003Cdiv class=\u0022product-tile-item-availability-wrapper\u0022\u003E\n            \u003Cdiv class=\u0022availability\u0022 style=\u0022color: #fb8908;\u0022\u003E\u003Cspan class=\u0022availability-icon icon-glass-hour\u0022\u003E\u003C\/span\u003E do 21 dn\u016f\u003C\/div\u003E        \u003C\/div\u003E\n        \u003Cdiv\u003E\n            \n    \n    \n\n\n        \u003C\/div\u003E\n    \u003C\/div\u003E\n\u003C\/div\u003E\n\u003Cdiv class=\u0022product-tile-item-extended-info\u0022\u003E\n\n            \u003Cdiv class=\u0022product-tile-item-description\u0022\u003E\n            \u003Cp\u003ECelo\u010daloun\u011bn\u00e1 konferen\u010dn\u00ed \u017eidle do jednac\u00edch m\u00edstnost\u00ed.\u003C\/p\u003E\n        \u003C\/div\u003E\n                \u003Cdiv class=\u0022product-tile-item-services\u0022\u003E\n        \u003Ca href=\u0022\/product\/favourite\/add\/53\u0022 class=\u0022service-item \u0022 data-product-favourite=\u002253\u0022 data-method=\u0022POST\u0022\u003E\u003Cspan class=\u0022icon-heart\u0022\u003E\u003C\/span\u003E Obl\u00edben\u00e9\u003C\/a\u003E        \u003Cspan class=\u0022service-item\u0022\u003E\u003Cspan class=\u0022icon-chart\u0022\u003E\u003C\/span\u003E RW 2103\u003C\/span\u003E\n    \u003C\/div\u003E\n    \n            \n    \u003Cdiv class=\u0022product-tile-item-action-wrapper\u0022\u003E\n        \u003Ca href=\u0022\/jednaci-zidle-rewind-rw-2103-celocalounena-rw-2103\u0022 class=\u0022btn-tile\u0022\n           data-text-desktop=\u0022Detail produktu\u0022\n           data-text-mobile=\u0022Detail\u0022\u003E\u003C\/a\u003E\n                    \u003Ca href=\u0022\/jednaci-zidle-rewind-rw-2103-celocalounena-rw-2103\u0022\n               class=\u0022btn-tile btn-icon-right\u0022\u003E\n                \u003Cspan class=\u0022icon-shopping-cart\u0022\u003E\u003C\/span\u003E\n                \u003Cspan class=\u0022btn-tile-text\u0022\u003EKoupit\u003C\/span\u003E\n            \u003C\/a\u003E\n            \u003C\/div\u003E\n    \u003C\/div\u003E        \u003C\/div\u003E\n                            \u003Cdiv class=\u0022product-tile-item-variants js-product-item-variants\u0022\u003E\n                                                \u003Ca href=\u0022\/jednaci-zidle-rewind-rw-2103-celocalounena-rw-2103\u0022\n                   class=\u0022tile-varinat-tab js-variant-item js-ajax active\u0022\n                   data-show-preloader=\u00220\u0022\n                   data-href=\u0022\/product-list-tile\/55\/53?renderParameterIds%5B0%5D=2\u0026amp;renderParameterIds%5B1%5D=3\u0026amp;renderParameterIds%5B2%5D=7\u0026amp;renderParameterIds%5B3%5D=73\u0026amp;renderParameterIds%5B4%5D=74\u0026amp;renderParameterIds%5B5%5D=111\u0026amp;renderParameterIds%5B6%5D=143\u0022\n                   data-toggle=\u0022tooltip\u0022 title=\u0022Jednac\u00ed \u017eidle REWIND RW 2103\u0022\n                   data-placement=\u0022left\u0022\u003E\n\n                    \n                    \u003Cimg src=\u0022\u0022 data-src=\u0022https:\/\/www.kresla-zidle.cz\/temp\/product\/list\/img-p-1-6-5-0-5-16505.png\u0022 class=\u0022img-fluid js-lazy-img\u0022 alt=\u0022Jednac\u00ed \u017eidle REWIND RW 2103\u0022 loading=\u0022lazy\u0022\u003E\n                \u003C\/a\u003E\n                                                                            \u003Ca href=\u0022\/jednaci-zidle-rewind-rw-2103-plast-bily-rw-2103-w\u0022\n                       class=\u0022tile-varinat-tab js-variant-item js-ajax\u0022\n                       data-show-preloader=\u00220\u0022\n                       data-href=\u0022\/product-list-tile\/2193\/53?renderParameterIds%5B0%5D=2\u0026amp;renderParameterIds%5B1%5D=3\u0026amp;renderParameterIds%5B2%5D=7\u0026amp;renderParameterIds%5B3%5D=73\u0026amp;renderParameterIds%5B4%5D=74\u0026amp;renderParameterIds%5B5%5D=111\u0026amp;renderParameterIds%5B6%5D=143\u0022\n                       data-toggle=\u0022tooltip\u0022 title=\u0022Jednac\u00ed \u017eidle REWIND RW 2103 plast b\u00edl\u00fd\u0022\n                       data-placement=\u0022left\u0022\u003E\n\n                        \n                        \u003Cimg src=\u0022\u0022 data-src=\u0022https:\/\/www.kresla-zidle.cz\/temp\/product\/list\/rewind-calounena-bila.png\u0022 alt=\u0022Jednac\u00ed \u017eidle REWIND RW 2103 plast b\u00edl\u00fd\u0022 class=\u0022img-fluid js-lazy-img\u0022 loading=\u0022lazy\u0022\u003E\n                    \u003C\/a\u003E\n                            \u003C\/div\u003E\n            \u003C\/div\u003E\n\u003C\/div\u003E            \u003Cdiv class=\u0022product-tile-item js-product-tile js-block-preloader\u0022 id=\u0022js-product-tile-64\u0022\u003E\n    \u003Cdiv class=\u0022product-tile-item-foreground js-product-tile-foreground with-variants\u0022\u003E\n        \u003Cdiv class=\u0022product-tile-item-info-wrapper\u0022 id=\u0022js-product-tile-64-info\u0022\u003E\n            \u003Cdiv class=\u0022product-tile-item-basic-info\u0022\u003E\n    \u003Cdiv class=\u0022product-tile-item-image-wrapper position-relative\u0022\u003E\n        \u003Cdiv class=\u0022product-tile-item-image\u0022\u003E\n                        \u003Ca href=\u0022\/konferencni-zidle-2171-rocky-net\u0022\u003E\n                \u003Cpicture\u003E\n                    \u003Cimg\n                            src=\u0022\u0022\n                            data-src=\u0022https:\/\/www.kresla-zidle.cz\/temp\/product\/list\/img-p-1-7-7-8-5-17785.png\u0022\n                            alt=\u00222170 Rocky NET\u0022\n                            class=\u0022img-fluid js-lazy-img\u0022\u003E\n                \u003C\/picture\u003E\n            \u003C\/a\u003E\n        \u003C\/div\u003E\n        \u003Cdiv class=\u0022product-tile-item-tags-wrapper\u0022\u003E\n    \u003Cdiv class=\u0022product-item-tags-left\u0022\u003E\n                                                            \u003Cdiv class=\u0022product-item-tags-discount\u0022\u003E\n                \u003Cdiv class=\u0022tag-discount\u0022\u003E-6%\u003C\/div\u003E\n            \u003C\/div\u003E\n            \u003C\/div\u003E\n    \u003Cdiv class=\u0022product-item-tags-right\u0022\u003E\n                    \u003Cdiv class=\u0022tag-item-wrapper\u0022\u003E\n                \u003Cdiv class=\u0022tag-item\u0022 style=\u0022background-color: #58c582; color: #ffffff;\u0022\u003E\n                    U\u0160ET\u0158\u00cdTE 154 K\u010d\n                \u003C\/div\u003E\n            \u003C\/div\u003E\n                                                                                \u003Cdiv class=\u0022product-tile-tags-manufacturer\u0022\u003E\n                \u003Ca href=\u0022\/antares\u0022\u003E\n                    \u003Cimg src=\u0022https:\/\/www.kresla-zidle.cz\/images\/manufacturer-front-tag\/9.png\u0022 alt=\u0022ANTARES\u0022 class=\u0022img-fluid\u0022 loading=\u0022lazy\u0022\u003E\n                \u003C\/a\u003E\n            \u003C\/div\u003E\n            \u003C\/div\u003E\n\u003C\/div\u003E    \u003C\/div\u003E\n\n                \n    \u003Cdiv class=\u0022product-tile-item-heading-info\u0022\u003E\n        \u003Cdiv class=\u0022product-tile-category\u0022\u003EKancel\u00e1\u0159\u003C\/div\u003E        \u003Ch2 class=\u0022product-tile-heading\u0022\u003E\u003Ca href=\u0022\/konferencni-zidle-2171-rocky-net\u0022\u003EKonferen\u010dn\u00ed \u017eidle 2171 Rocky NET\u003C\/a\u003E\u003C\/h2\u003E\n    \u003C\/div\u003E\n    \u003Cdiv class=\u0022product-tile-item-params\u0022\u003E\n                                                                                        \u003Cdiv class=\u0022product-tile-item-params__item\u0022\u003E\n                                                    S\u00ed\u0165ovina\n                            \n                                            \u003C\/div\u003E\n                                                                                    \u003Cdiv class=\u0022product-tile-item-params__item\u0022\u003E\n                                                    \u010daloun\u011bn\u00fd\n                            \n                                            \u003C\/div\u003E\n                                                                                    \u003Cdiv class=\u0022product-tile-item-params__item\u0022\u003E\n                                                    kov\n                            \n                                            \u003C\/div\u003E\n                                                                                    \u003Cdiv class=\u0022product-tile-item-params__item\u0022\u003E\n                                                    NE\n                            \n                                            \u003C\/div\u003E\n                                                                                                                            \u003C\/div\u003E\n    \u003Cdiv class=\u0022product-tile-item-price-availability\u0022\u003E\n        \u003Cdiv class=\u0022product-tile-item-price-wrapper\u0022\u003E\n            \n\n    \u003Cdiv class=\u0022price-original\u0022\u003E2 572 K\u010d\u003C\/div\u003E    \u003Cdiv class=\u0022price-current\u0022\u003E2 418 K\u010d\u003C\/div\u003E\n    \u003Cdiv class=\u0022price-info\u0022\u003E1 998 K\u010d bez DPH\u003C\/div\u003E        \u003C\/div\u003E\n        \u003Cdiv class=\u0022product-tile-item-availability-wrapper\u0022\u003E\n            \u003Cdiv class=\u0022availability\u0022 style=\u0022color: #fb8908;\u0022\u003E\u003Cspan class=\u0022availability-icon icon-glass-hour\u0022\u003E\u003C\/span\u003E do 21 dn\u016f\u003C\/div\u003E        \u003C\/div\u003E\n        \u003Cdiv\u003E\n            \n    \n    \n\n\n        \u003C\/div\u003E\n    \u003C\/div\u003E\n\u003C\/div\u003E\n\u003Cdiv class=\u0022product-tile-item-extended-info\u0022\u003E\n\n            \u003Cdiv class=\u0022product-tile-item-description\u0022\u003E\n            \u003Cp\u003EKonferen\u010dn\u00ed \u017eidle Rocky s \u010daloun\u011bn\u00fdm sed\u00e1kem a s\u00ed\u0165ovinov\u00fdm op\u011br\u00e1kem.\u003C\/p\u003E\n        \u003C\/div\u003E\n                \u003Cdiv class=\u0022product-tile-item-services\u0022\u003E\n        \u003Ca href=\u0022\/product\/favourite\/add\/64\u0022 class=\u0022service-item \u0022 data-product-favourite=\u002264\u0022 data-method=\u0022POST\u0022\u003E\u003Cspan class=\u0022icon-heart\u0022\u003E\u003C\/span\u003E Obl\u00edben\u00e9\u003C\/a\u003E        \u003Cspan class=\u0022service-item\u0022\u003E\u003Cspan class=\u0022icon-chart\u0022\u003E\u003C\/span\u003E 2171 Rocky NET\u003C\/span\u003E\n    \u003C\/div\u003E\n    \n            \n    \u003Cdiv class=\u0022product-tile-item-action-wrapper\u0022\u003E\n        \u003Ca href=\u0022\/konferencni-zidle-2171-rocky-net\u0022 class=\u0022btn-tile\u0022\n           data-text-desktop=\u0022Detail produktu\u0022\n           data-text-mobile=\u0022Detail\u0022\u003E\u003C\/a\u003E\n                    \u003Ca href=\u0022\/konferencni-zidle-2171-rocky-net\u0022\n               class=\u0022btn-tile btn-icon-right\u0022\u003E\n                \u003Cspan class=\u0022icon-shopping-cart\u0022\u003E\u003C\/span\u003E\n                \u003Cspan class=\u0022btn-tile-text\u0022\u003EKoupit\u003C\/span\u003E\n            \u003C\/a\u003E\n            \u003C\/div\u003E\n    \u003C\/div\u003E        \u003C\/div\u003E\n                            \u003Cdiv class=\u0022product-tile-item-variants js-product-item-variants\u0022\u003E\n                                                \u003Ca href=\u0022\/konferencni-zidle-2171-rocky-net\u0022\n                   class=\u0022tile-varinat-tab js-variant-item js-ajax active\u0022\n                   data-show-preloader=\u00220\u0022\n                   data-href=\u0022\/product-list-tile\/66\/64?renderParameterIds%5B0%5D=2\u0026amp;renderParameterIds%5B1%5D=3\u0026amp;renderParameterIds%5B2%5D=7\u0026amp;renderParameterIds%5B3%5D=73\u0026amp;renderParameterIds%5B4%5D=74\u0026amp;renderParameterIds%5B5%5D=111\u0026amp;renderParameterIds%5B6%5D=143\u0022\n                   data-toggle=\u0022tooltip\u0022 title=\u0022Konferen\u010dn\u00ed \u017eidle 2171 Rocky NET\u0022\n                   data-placement=\u0022left\u0022\u003E\n\n                    \n                    \u003Cimg src=\u0022\u0022 data-src=\u0022https:\/\/www.kresla-zidle.cz\/temp\/product\/list\/img-p-1-7-7-8-5-17785.png\u0022 class=\u0022img-fluid js-lazy-img\u0022 alt=\u0022Konferen\u010dn\u00ed \u017eidle 2171 Rocky NET\u0022 loading=\u0022lazy\u0022\u003E\n                \u003C\/a\u003E\n                                                                            \u003Ca href=\u0022\/konferencni-zidle-2171-rocky-net-kol\u0022\n                       class=\u0022tile-varinat-tab js-variant-item js-ajax\u0022\n                       data-show-preloader=\u00220\u0022\n                       data-href=\u0022\/product-list-tile\/3111\/64?renderParameterIds%5B0%5D=2\u0026amp;renderParameterIds%5B1%5D=3\u0026amp;renderParameterIds%5B2%5D=7\u0026amp;renderParameterIds%5B3%5D=73\u0026amp;renderParameterIds%5B4%5D=74\u0026amp;renderParameterIds%5B5%5D=111\u0026amp;renderParameterIds%5B6%5D=143\u0022\n                       data-toggle=\u0022tooltip\u0022 title=\u0022Konferen\u010dn\u00ed \u017eidle 2171 Rocky NET kol\u0022\n                       data-placement=\u0022left\u0022\u003E\n\n                        \n                        \u003Cimg src=\u0022\u0022 data-src=\u0022https:\/\/www.kresla-zidle.cz\/temp\/product\/list\/rocky-net-1.png\u0022 alt=\u0022Konferen\u010dn\u00ed \u017eidle 2171 Rocky NET kol\u0022 class=\u0022img-fluid js-lazy-img\u0022 loading=\u0022lazy\u0022\u003E\n                    \u003C\/a\u003E\n                            \u003C\/div\u003E\n            \u003C\/div\u003E\n\u003C\/div\u003E            \u003Cdiv class=\u0022product-tile-item js-product-tile js-block-preloader\u0022 id=\u0022js-product-tile-65\u0022\u003E\n    \u003Cdiv class=\u0022product-tile-item-foreground js-product-tile-foreground with-variants\u0022\u003E\n        \u003Cdiv class=\u0022product-tile-item-info-wrapper\u0022 id=\u0022js-product-tile-65-info\u0022\u003E\n            \u003Cdiv class=\u0022product-tile-item-basic-info\u0022\u003E\n    \u003Cdiv class=\u0022product-tile-item-image-wrapper position-relative\u0022\u003E\n        \u003Cdiv class=\u0022product-tile-item-image\u0022\u003E\n                        \u003Ca href=\u0022\/konferencni-zidle-rocky-2171\u0022\u003E\n                \u003Cpicture\u003E\n                    \u003Cimg\n                            src=\u0022\u0022\n                            data-src=\u0022https:\/\/www.kresla-zidle.cz\/temp\/product\/list\/img-p-1-7-7-8-8-17788.png\u0022\n                            alt=\u0022Konferen\u010dn\u00ed \u017eidle Rocky 2171\u0022\n                            class=\u0022img-fluid js-lazy-img\u0022\u003E\n                \u003C\/picture\u003E\n            \u003C\/a\u003E\n        \u003C\/div\u003E\n        \u003Cdiv class=\u0022product-tile-item-tags-wrapper\u0022\u003E\n    \u003Cdiv class=\u0022product-item-tags-left\u0022\u003E\n                                                            \u003Cdiv class=\u0022product-item-tags-discount\u0022\u003E\n                \u003Cdiv class=\u0022tag-discount\u0022\u003E-6%\u003C\/div\u003E\n            \u003C\/div\u003E\n            \u003C\/div\u003E\n    \u003Cdiv class=\u0022product-item-tags-right\u0022\u003E\n                    \u003Cdiv class=\u0022tag-item-wrapper\u0022\u003E\n                \u003Cdiv class=\u0022tag-item\u0022 style=\u0022background-color: #58c582; color: #ffffff;\u0022\u003E\n                    U\u0160ET\u0158\u00cdTE 155 K\u010d\n                \u003C\/div\u003E\n            \u003C\/div\u003E\n                                                                                \u003Cdiv class=\u0022product-tile-tags-manufacturer\u0022\u003E\n                \u003Ca href=\u0022\/antares\u0022\u003E\n                    \u003Cimg src=\u0022https:\/\/www.kresla-zidle.cz\/images\/manufacturer-front-tag\/9.png\u0022 alt=\u0022ANTARES\u0022 class=\u0022img-fluid\u0022 loading=\u0022lazy\u0022\u003E\n                \u003C\/a\u003E\n            \u003C\/div\u003E\n            \u003C\/div\u003E\n\u003C\/div\u003E    \u003C\/div\u003E\n\n                \n    \u003Cdiv class=\u0022product-tile-item-heading-info\u0022\u003E\n        \u003Cdiv class=\u0022product-tile-category\u0022\u003EKancel\u00e1\u0159\u003C\/div\u003E        \u003Ch2 class=\u0022product-tile-heading\u0022\u003E\u003Ca href=\u0022\/konferencni-zidle-rocky-2171\u0022\u003EKonferen\u010dn\u00ed \u017eidle 2171 Rocky\u003C\/a\u003E\u003C\/h2\u003E\n    \u003C\/div\u003E\n    \u003Cdiv class=\u0022product-tile-item-params\u0022\u003E\n                                                                                        \u003Cdiv class=\u0022product-tile-item-params__item\u0022\u003E\n                                                    \u010daloun\u011bn\u00fd\n                            \n                                            \u003C\/div\u003E\n                                                                                    \u003Cdiv class=\u0022product-tile-item-params__item\u0022\u003E\n                                                    \u010daloun\u011bn\u00fd\n                            \n                                            \u003C\/div\u003E\n                                                                                    \u003Cdiv class=\u0022product-tile-item-params__item\u0022\u003E\n                                                    kov\n                            \n                                            \u003C\/div\u003E\n                                                                                    \u003Cdiv class=\u0022product-tile-item-params__item\u0022\u003E\n                                                    NE\n                            \n                                            \u003C\/div\u003E\n                                                                                                                            \u003C\/div\u003E\n    \u003Cdiv class=\u0022product-tile-item-price-availability\u0022\u003E\n        \u003Cdiv class=\u0022product-tile-item-price-wrapper\u0022\u003E\n            \n\n    \u003Cdiv class=\u0022price-original\u0022\u003E2 590 K\u010d\u003C\/div\u003E    \u003Cdiv class=\u0022price-current\u0022\u003E2 435 K\u010d\u003C\/div\u003E\n    \u003Cdiv class=\u0022price-info\u0022\u003E2 012 K\u010d bez DPH\u003C\/div\u003E        \u003C\/div\u003E\n        \u003Cdiv class=\u0022product-tile-item-availability-wrapper\u0022\u003E\n            \u003Cdiv class=\u0022availability\u0022 style=\u0022color: #fb8908;\u0022\u003E\u003Cspan class=\u0022availability-icon icon-glass-hour\u0022\u003E\u003C\/span\u003E do 21 dn\u016f\u003C\/div\u003E        \u003C\/div\u003E\n        \u003Cdiv\u003E\n            \n    \n    \n\n\n        \u003C\/div\u003E\n    \u003C\/div\u003E\n\u003C\/div\u003E\n\u003Cdiv class=\u0022product-tile-item-extended-info\u0022\u003E\n\n            \u003Cdiv class=\u0022product-tile-item-description\u0022\u003E\n            \u003Cp\u003EKonferen\u010dn\u00ed \u017eidle s \u010daloun\u011bn\u00fdm sed\u00e1kem a op\u011br\u00e1kem na kovov\u00e9 kost\u0159e.\u003C\/p\u003E\n        \u003C\/div\u003E\n                \u003Cdiv class=\u0022product-tile-item-services\u0022\u003E\n        \u003Ca href=\u0022\/product\/favourite\/add\/65\u0022 class=\u0022service-item \u0022 data-product-favourite=\u002265\u0022 data-method=\u0022POST\u0022\u003E\u003Cspan class=\u0022icon-heart\u0022\u003E\u003C\/span\u003E Obl\u00edben\u00e9\u003C\/a\u003E        \u003Cspan class=\u0022service-item\u0022\u003E\u003Cspan class=\u0022icon-chart\u0022\u003E\u003C\/span\u003E 2171\u003C\/span\u003E\n    \u003C\/div\u003E\n    \n            \n    \u003Cdiv class=\u0022product-tile-item-action-wrapper\u0022\u003E\n        \u003Ca href=\u0022\/konferencni-zidle-rocky-2171\u0022 class=\u0022btn-tile\u0022\n           data-text-desktop=\u0022Detail produktu\u0022\n           data-text-mobile=\u0022Detail\u0022\u003E\u003C\/a\u003E\n                    \u003Ca href=\u0022\/konferencni-zidle-rocky-2171\u0022\n               class=\u0022btn-tile btn-icon-right\u0022\u003E\n                \u003Cspan class=\u0022icon-shopping-cart\u0022\u003E\u003C\/span\u003E\n                \u003Cspan class=\u0022btn-tile-text\u0022\u003EKoupit\u003C\/span\u003E\n            \u003C\/a\u003E\n            \u003C\/div\u003E\n    \u003C\/div\u003E        \u003C\/div\u003E\n                            \u003Cdiv class=\u0022product-tile-item-variants js-product-item-variants\u0022\u003E\n                                                \u003Ca href=\u0022\/konferencni-zidle-rocky-2171\u0022\n                   class=\u0022tile-varinat-tab js-variant-item js-ajax active\u0022\n                   data-show-preloader=\u00220\u0022\n                   data-href=\u0022\/product-list-tile\/67\/65?renderParameterIds%5B0%5D=2\u0026amp;renderParameterIds%5B1%5D=3\u0026amp;renderParameterIds%5B2%5D=7\u0026amp;renderParameterIds%5B3%5D=73\u0026amp;renderParameterIds%5B4%5D=74\u0026amp;renderParameterIds%5B5%5D=111\u0026amp;renderParameterIds%5B6%5D=143\u0022\n                   data-toggle=\u0022tooltip\u0022 title=\u0022Konferen\u010dn\u00ed \u017eidle 2171 Rocky\u0022\n                   data-placement=\u0022left\u0022\u003E\n\n                    \n                    \u003Cimg src=\u0022\u0022 data-src=\u0022https:\/\/www.kresla-zidle.cz\/temp\/product\/list\/img-p-1-7-7-8-8-17788.png\u0022 class=\u0022img-fluid js-lazy-img\u0022 alt=\u0022Konferen\u010dn\u00ed \u017eidle 2171 Rocky\u0022 loading=\u0022lazy\u0022\u003E\n                \u003C\/a\u003E\n                                                                            \u003Ca href=\u0022\/konferencni-zidle-2171-rocky-kol-2171-kol\u0022\n                       class=\u0022tile-varinat-tab js-variant-item js-ajax\u0022\n                       data-show-preloader=\u00220\u0022\n                       data-href=\u0022\/product-list-tile\/3114\/65?renderParameterIds%5B0%5D=2\u0026amp;renderParameterIds%5B1%5D=3\u0026amp;renderParameterIds%5B2%5D=7\u0026amp;renderParameterIds%5B3%5D=73\u0026amp;renderParameterIds%5B4%5D=74\u0026amp;renderParameterIds%5B5%5D=111\u0026amp;renderParameterIds%5B6%5D=143\u0022\n                       data-toggle=\u0022tooltip\u0022 title=\u0022Konferen\u010dn\u00ed \u017eidle 2171 Rocky kol\u0022\n                       data-placement=\u0022left\u0022\u003E\n\n                        \n                        \u003Cimg src=\u0022\u0022 data-src=\u0022https:\/\/www.kresla-zidle.cz\/temp\/product\/list\/rocky-10.png\u0022 alt=\u0022Konferen\u010dn\u00ed \u017eidle 2171 Rocky kol\u0022 class=\u0022img-fluid js-lazy-img\u0022 loading=\u0022lazy\u0022\u003E\n                    \u003C\/a\u003E\n                            \u003C\/div\u003E\n            \u003C\/div\u003E\n\u003C\/div\u003E            \u003Cdiv class=\u0022product-tile-item js-product-tile js-block-preloader\u0022 id=\u0022js-product-tile-83\u0022\u003E\n    \u003Cdiv class=\u0022product-tile-item-foreground js-product-tile-foreground\u0022\u003E\n        \u003Cdiv class=\u0022product-tile-item-info-wrapper\u0022 id=\u0022js-product-tile-83-info\u0022\u003E\n            \u003Cdiv class=\u0022product-tile-item-basic-info\u0022\u003E\n    \u003Cdiv class=\u0022product-tile-item-image-wrapper position-relative\u0022\u003E\n        \u003Cdiv class=\u0022product-tile-item-image\u0022\u003E\n                        \u003Ca href=\u0022\/paged-meble-contract-kresilko-lubi-b-5005-b5005\u0022\u003E\n                \u003Cpicture\u003E\n                    \u003Cimg\n                            src=\u0022\u0022\n                            data-src=\u0022https:\/\/www.kresla-zidle.cz\/temp\/product\/list\/img-p-1-8-2-7-6-18276.png\u0022\n                            alt=\u0022K\u0159es\u00edlko LUBI B-5005\u0022\n                            class=\u0022img-fluid js-lazy-img\u0022\u003E\n                \u003C\/picture\u003E\n            \u003C\/a\u003E\n        \u003C\/div\u003E\n        \u003Cdiv class=\u0022product-tile-item-tags-wrapper\u0022\u003E\n    \u003Cdiv class=\u0022product-item-tags-left\u0022\u003E\n                                                    \u003C\/div\u003E\n    \u003Cdiv class=\u0022product-item-tags-right\u0022\u003E\n                                                                                \u003Cdiv class=\u0022product-tile-tags-manufacturer\u0022\u003E\n                \u003Ca href=\u0022\/paged-meble-contract\u0022\u003E\n                    \u003Cimg src=\u0022https:\/\/www.kresla-zidle.cz\/images\/manufacturer-front-tag\/10.png\u0022 alt=\u0022Paged Meble contract\u0022 class=\u0022img-fluid\u0022 loading=\u0022lazy\u0022\u003E\n                \u003C\/a\u003E\n            \u003C\/div\u003E\n            \u003C\/div\u003E\n\u003C\/div\u003E    \u003C\/div\u003E\n\n                \n    \u003Cdiv class=\u0022product-tile-item-heading-info\u0022\u003E\n        \u003Cdiv class=\u0022product-tile-category\u0022\u003EOb\u00fdvac\u00ed pokoj\u003C\/div\u003E        \u003Ch2 class=\u0022product-tile-heading\u0022\u003E\u003Ca href=\u0022\/paged-meble-contract-kresilko-lubi-b-5005-b5005\u0022\u003EK\u0159es\u00edlko LUBI B-5005\u003C\/a\u003E\u003C\/h2\u003E\n    \u003C\/div\u003E\n    \u003Cdiv class=\u0022product-tile-item-params\u0022\u003E\n                                                                                        \u003Cdiv class=\u0022product-tile-item-params__item\u0022\u003E\n                                                    \u010daloun\u011bn\u00fd\n                            \n                                            \u003C\/div\u003E\n                                                                                    \u003Cdiv class=\u0022product-tile-item-params__item\u0022\u003E\n                                                    \u010daloun\u011bn\u00fd\n                            \n                                            \u003C\/div\u003E\n                                                                                    \u003Cdiv class=\u0022product-tile-item-params__item\u0022\u003E\n                                                    D\u0159evo\n                            \n                                            \u003C\/div\u003E\n                                                                                    \u003Cdiv class=\u0022product-tile-item-params__item\u0022\u003E\n                                                    ANO\n                            \n                                            \u003C\/div\u003E\n                                                                                                                            \u003C\/div\u003E\n    \u003Cdiv class=\u0022product-tile-item-price-availability\u0022\u003E\n        \u003Cdiv class=\u0022product-tile-item-price-wrapper\u0022\u003E\n            \n\n        \u003Cdiv class=\u0022price-current\u0022\u003E15 997 K\u010d\u003C\/div\u003E\n    \u003Cdiv class=\u0022price-info\u0022\u003E13 220 K\u010d bez DPH\u003C\/div\u003E        \u003C\/div\u003E\n        \u003Cdiv class=\u0022product-tile-item-availability-wrapper\u0022\u003E\n            \u003Cdiv class=\u0022availability\u0022\u003E\u003Cspan class=\u0022availability-icon icon-glass-hour\u0022\u003E\u003C\/span\u003E do 42 dn\u016f\u003C\/div\u003E        \u003C\/div\u003E\n        \u003Cdiv\u003E\n            \n    \n    \n\n\n        \u003C\/div\u003E\n    \u003C\/div\u003E\n\u003C\/div\u003E\n\u003Cdiv class=\u0022product-tile-item-extended-info\u0022\u003E\n\n            \u003Cdiv class=\u0022product-tile-item-description\u0022\u003E\n            \u003Cp\u003E\u010caloun\u011bn\u00e9 k\u0159es\u00edlko Lubi od design\u00e9ra Tomka Rygalika.\u003C\/p\u003E\n        \u003C\/div\u003E\n                \u003Cdiv class=\u0022product-tile-item-services\u0022\u003E\n        \u003Ca href=\u0022\/product\/favourite\/add\/83\u0022 class=\u0022service-item \u0022 data-product-favourite=\u002283\u0022 data-method=\u0022POST\u0022\u003E\u003Cspan class=\u0022icon-heart\u0022\u003E\u003C\/span\u003E Obl\u00edben\u00e9\u003C\/a\u003E        \u003Cspan class=\u0022service-item\u0022\u003E\u003Cspan class=\u0022icon-chart\u0022\u003E\u003C\/span\u003E B-5005\u003C\/span\u003E\n    \u003C\/div\u003E\n    \n            \n    \u003Cdiv class=\u0022product-tile-item-action-wrapper\u0022\u003E\n        \u003Ca href=\u0022\/paged-meble-contract-kresilko-lubi-b-5005-b5005\u0022 class=\u0022btn-tile\u0022\n           data-text-desktop=\u0022Detail produktu\u0022\n           data-text-mobile=\u0022Detail\u0022\u003E\u003C\/a\u003E\n                    \u003Ca href=\u0022\/paged-meble-contract-kresilko-lubi-b-5005-b5005\u0022\n               class=\u0022btn-tile btn-icon-right\u0022\u003E\n                \u003Cspan class=\u0022icon-shopping-cart\u0022\u003E\u003C\/span\u003E\n                \u003Cspan class=\u0022btn-tile-text\u0022\u003EKoupit\u003C\/span\u003E\n            \u003C\/a\u003E\n            \u003C\/div\u003E\n    \u003C\/div\u003E        \u003C\/div\u003E\n                    \u003C\/div\u003E\n\u003C\/div\u003E            \u003Cdiv class=\u0022product-tile-item js-product-tile js-block-preloader\u0022 id=\u0022js-product-tile-92\u0022\u003E\n    \u003Cdiv class=\u0022product-tile-item-foreground js-product-tile-foreground\u0022\u003E\n        \u003Cdiv class=\u0022product-tile-item-info-wrapper\u0022 id=\u0022js-product-tile-92-info\u0022\u003E\n            \u003Cdiv class=\u0022product-tile-item-basic-info\u0022\u003E\n    \u003Cdiv class=\u0022product-tile-item-image-wrapper position-relative\u0022\u003E\n        \u003Cdiv class=\u0022product-tile-item-image\u0022\u003E\n                        \u003Ca href=\u0022\/konferencni-zidle-elsi-tc-celocalounena-elsi-tc-all-uph\u0022\u003E\n                \u003Cpicture\u003E\n                    \u003Cimg\n                            src=\u0022\u0022\n                            data-src=\u0022https:\/\/www.kresla-zidle.cz\/temp\/product\/list\/img-p-2-7-7-8-3-27783.png\u0022\n                            alt=\u0022Konferen\u010dn\u00ed \u017eidle Elsi TC ALL UPH\u0022\n                            class=\u0022img-fluid js-lazy-img\u0022\u003E\n                \u003C\/picture\u003E\n            \u003C\/a\u003E\n        \u003C\/div\u003E\n        \u003Cdiv class=\u0022product-tile-item-tags-wrapper\u0022\u003E\n    \u003Cdiv class=\u0022product-item-tags-left\u0022\u003E\n                                                    \u003C\/div\u003E\n    \u003Cdiv class=\u0022product-item-tags-right\u0022\u003E\n                                                                                \u003Cdiv class=\u0022product-tile-tags-manufacturer\u0022\u003E\n                \u003Ca href=\u0022\/antares\u0022\u003E\n                    \u003Cimg src=\u0022https:\/\/www.kresla-zidle.cz\/images\/manufacturer-front-tag\/9.png\u0022 alt=\u0022ANTARES\u0022 class=\u0022img-fluid\u0022 loading=\u0022lazy\u0022\u003E\n                \u003C\/a\u003E\n            \u003C\/div\u003E\n            \u003C\/div\u003E\n\u003C\/div\u003E    \u003C\/div\u003E\n\n                \n    \u003Cdiv class=\u0022product-tile-item-heading-info\u0022\u003E\n        \u003Cdiv class=\u0022product-tile-category\u0022\u003EKancel\u00e1\u0159\u003C\/div\u003E        \u003Ch2 class=\u0022product-tile-heading\u0022\u003E\u003Ca href=\u0022\/konferencni-zidle-elsi-tc-celocalounena-elsi-tc-all-uph\u0022\u003EKonferen\u010dn\u00ed \u017eidle Elsi TC celo\u010daloun\u011bn\u00e1\u003C\/a\u003E\u003C\/h2\u003E\n    \u003C\/div\u003E\n    \u003Cdiv class=\u0022product-tile-item-params\u0022\u003E\n                                                                                        \u003Cdiv class=\u0022product-tile-item-params__item\u0022\u003E\n                                                    \u010daloun\u011bn\u00fd\n                            \n                                            \u003C\/div\u003E\n                                                                                    \u003Cdiv class=\u0022product-tile-item-params__item\u0022\u003E\n                                                    \u010daloun\u011bn\u00fd\n                            \n                                            \u003C\/div\u003E\n                                                                                    \u003Cdiv class=\u0022product-tile-item-params__item\u0022\u003E\n                                                    kov\n                            \n                                            \u003C\/div\u003E\n                                                                                    \u003Cdiv class=\u0022product-tile-item-params__item\u0022\u003E\n                                                    NE\n                            \n                                            \u003C\/div\u003E\n                                                                                                                            \u003C\/div\u003E\n    \u003Cdiv class=\u0022product-tile-item-price-availability\u0022\u003E\n        \u003Cdiv class=\u0022product-tile-item-price-wrapper\u0022\u003E\n            \n\n        \u003Cdiv class=\u0022price-current\u0022\u003E3 363 K\u010d\u003C\/div\u003E\n    \u003Cdiv class=\u0022price-info\u0022\u003E2 779 K\u010d bez DPH\u003C\/div\u003E        \u003C\/div\u003E\n        \u003Cdiv class=\u0022product-tile-item-availability-wrapper\u0022\u003E\n            \u003Cdiv class=\u0022availability\u0022 style=\u0022color: #fb8908;\u0022\u003E\u003Cspan class=\u0022availability-icon icon-glass-hour\u0022\u003E\u003C\/span\u003E do 21 dn\u016f\u003C\/div\u003E        \u003C\/div\u003E\n        \u003Cdiv\u003E\n            \n    \n    \n\n\n        \u003C\/div\u003E\n    \u003C\/div\u003E\n\u003C\/div\u003E\n\u003Cdiv class=\u0022product-tile-item-extended-info\u0022\u003E\n\n            \u003Cdiv class=\u0022product-tile-item-description\u0022\u003E\n            \u003Cp\u003ECelo\u010daloun\u011bn\u00e1 konferen\u010dn\u00ed \u017eidle Elsi na chromov\u00e9m ocelov\u00e9m r\u00e1mu.\u003C\/p\u003E\n        \u003C\/div\u003E\n                \u003Cdiv class=\u0022product-tile-item-services\u0022\u003E\n        \u003Ca href=\u0022\/product\/favourite\/add\/92\u0022 class=\u0022service-item \u0022 data-product-favourite=\u002292\u0022 data-method=\u0022POST\u0022\u003E\u003Cspan class=\u0022icon-heart\u0022\u003E\u003C\/span\u003E Obl\u00edben\u00e9\u003C\/a\u003E        \u003Cspan class=\u0022service-item\u0022\u003E\u003Cspan class=\u0022icon-chart\u0022\u003E\u003C\/span\u003E Elsi TC ALL UPH\u003C\/span\u003E\n    \u003C\/div\u003E\n    \n            \n    \u003Cdiv class=\u0022product-tile-item-action-wrapper\u0022\u003E\n        \u003Ca href=\u0022\/konferencni-zidle-elsi-tc-celocalounena-elsi-tc-all-uph\u0022 class=\u0022btn-tile\u0022\n           data-text-desktop=\u0022Detail produktu\u0022\n           data-text-mobile=\u0022Detail\u0022\u003E\u003C\/a\u003E\n                    \u003Ca href=\u0022\/konferencni-zidle-elsi-tc-celocalounena-elsi-tc-all-uph\u0022\n               class=\u0022btn-tile btn-icon-right\u0022\u003E\n                \u003Cspan class=\u0022icon-shopping-cart\u0022\u003E\u003C\/span\u003E\n                \u003Cspan class=\u0022btn-tile-text\u0022\u003EKoupit\u003C\/span\u003E\n            \u003C\/a\u003E\n            \u003C\/div\u003E\n    \u003C\/div\u003E        \u003C\/div\u003E\n                    \u003C\/div\u003E\n\u003C\/div\u003E            \u003Cdiv class=\u0022product-tile-item js-product-tile js-block-preloader\u0022 id=\u0022js-product-tile-93\u0022\u003E\n    \u003Cdiv class=\u0022product-tile-item-foreground js-product-tile-foreground\u0022\u003E\n        \u003Cdiv class=\u0022product-tile-item-info-wrapper\u0022 id=\u0022js-product-tile-93-info\u0022\u003E\n            \u003Cdiv class=\u0022product-tile-item-basic-info\u0022\u003E\n    \u003Cdiv class=\u0022product-tile-item-image-wrapper position-relative\u0022\u003E\n        \u003Cdiv class=\u0022product-tile-item-image\u0022\u003E\n                        \u003Ca href=\u0022\/konferencni-zidle-elsi-tc-calouneny-sedak-elsi-tc-seat-uph\u0022\u003E\n                \u003Cpicture\u003E\n                    \u003Cimg\n                            src=\u0022\u0022\n                            data-src=\u0022https:\/\/www.kresla-zidle.cz\/temp\/product\/list\/img-p-2-7-9-1-2-27912.png\u0022\n                            alt=\u0022D\u0159ev\u011bn\u00e1 konferen\u010dn\u00ed \u017eidle Elsi TC s \u010daloun\u011bn\u00fdm sed\u00e1kem\u0022\n                            class=\u0022img-fluid js-lazy-img\u0022\u003E\n                \u003C\/picture\u003E\n            \u003C\/a\u003E\n        \u003C\/div\u003E\n        \u003Cdiv class=\u0022product-tile-item-tags-wrapper\u0022\u003E\n    \u003Cdiv class=\u0022product-item-tags-left\u0022\u003E\n                                                    \u003C\/div\u003E\n    \u003Cdiv class=\u0022product-item-tags-right\u0022\u003E\n                                                                                \u003Cdiv class=\u0022product-tile-tags-manufacturer\u0022\u003E\n                \u003Ca href=\u0022\/antares\u0022\u003E\n                    \u003Cimg src=\u0022https:\/\/www.kresla-zidle.cz\/images\/manufacturer-front-tag\/9.png\u0022 alt=\u0022ANTARES\u0022 class=\u0022img-fluid\u0022 loading=\u0022lazy\u0022\u003E\n                \u003C\/a\u003E\n            \u003C\/div\u003E\n            \u003C\/div\u003E\n\u003C\/div\u003E    \u003C\/div\u003E\n\n                \n    \u003Cdiv class=\u0022product-tile-item-heading-info\u0022\u003E\n        \u003Cdiv class=\u0022product-tile-category\u0022\u003EKancel\u00e1\u0159\u003C\/div\u003E        \u003Ch2 class=\u0022product-tile-heading\u0022\u003E\u003Ca href=\u0022\/konferencni-zidle-elsi-tc-calouneny-sedak-elsi-tc-seat-uph\u0022\u003EKonferen\u010dn\u00ed \u017eidle Elsi TC \u010daloun\u011bn\u00fd sed\u00e1k\u003C\/a\u003E\u003C\/h2\u003E\n    \u003C\/div\u003E\n    \u003Cdiv class=\u0022product-tile-item-params\u0022\u003E\n                                                                                        \u003Cdiv class=\u0022product-tile-item-params__item\u0022\u003E\n                                                    D\u0159ev\u011bn\u00fd\n                            \n                                            \u003C\/div\u003E\n                                                                                    \u003Cdiv class=\u0022product-tile-item-params__item\u0022\u003E\n                                                    \u010daloun\u011bn\u00fd\n                            \n                                            \u003C\/div\u003E\n                                                                                    \u003Cdiv class=\u0022product-tile-item-params__item\u0022\u003E\n                                                    kov\n                            \n                                            \u003C\/div\u003E\n                                                                                    \u003Cdiv class=\u0022product-tile-item-params__item\u0022\u003E\n                                                    NE\n                            \n                                            \u003C\/div\u003E\n                                                                                                                            \u003C\/div\u003E\n    \u003Cdiv class=\u0022product-tile-item-price-availability\u0022\u003E\n        \u003Cdiv class=\u0022product-tile-item-price-wrapper\u0022\u003E\n            \n\n        \u003Cdiv class=\u0022price-current\u0022\u003E3 108 K\u010d\u003C\/div\u003E\n    \u003Cdiv class=\u0022price-info\u0022\u003E2 568 K\u010d bez DPH\u003C\/div\u003E        \u003C\/div\u003E\n        \u003Cdiv class=\u0022product-tile-item-availability-wrapper\u0022\u003E\n            \u003Cdiv class=\u0022availability\u0022 style=\u0022color: #fb8908;\u0022\u003E\u003Cspan class=\u0022availability-icon icon-glass-hour\u0022\u003E\u003C\/span\u003E do 21 dn\u016f\u003C\/div\u003E        \u003C\/div\u003E\n        \u003Cdiv\u003E\n            \n    \n    \n\n\n        \u003C\/div\u003E\n    \u003C\/div\u003E\n\u003C\/div\u003E\n\u003Cdiv class=\u0022product-tile-item-extended-info\u0022\u003E\n\n            \u003Cdiv class=\u0022product-tile-item-description\u0022\u003E\n            \u003Cp\u003ED\u0159ev\u011bn\u00e1 konferen\u010dn\u00ed \u017eidle Elsi TC SEAT UPH s \u010daloun\u011bn\u00fdm sed\u00e1kem.\u003C\/p\u003E\n        \u003C\/div\u003E\n                \u003Cdiv class=\u0022product-tile-item-services\u0022\u003E\n        \u003Ca href=\u0022\/product\/favourite\/add\/93\u0022 class=\u0022service-item \u0022 data-product-favourite=\u002293\u0022 data-method=\u0022POST\u0022\u003E\u003Cspan class=\u0022icon-heart\u0022\u003E\u003C\/span\u003E Obl\u00edben\u00e9\u003C\/a\u003E        \u003Cspan class=\u0022service-item\u0022\u003E\u003Cspan class=\u0022icon-chart\u0022\u003E\u003C\/span\u003E Elsi TC SEAT UPH\u003C\/span\u003E\n    \u003C\/div\u003E\n    \n            \n    \u003Cdiv class=\u0022product-tile-item-action-wrapper\u0022\u003E\n        \u003Ca href=\u0022\/konferencni-zidle-elsi-tc-calouneny-sedak-elsi-tc-seat-uph\u0022 class=\u0022btn-tile\u0022\n           data-text-desktop=\u0022Detail produktu\u0022\n           data-text-mobile=\u0022Detail\u0022\u003E\u003C\/a\u003E\n                    \u003Ca href=\u0022\/konferencni-zidle-elsi-tc-calouneny-sedak-elsi-tc-seat-uph\u0022\n               class=\u0022btn-tile btn-icon-right\u0022\u003E\n                \u003Cspan class=\u0022icon-shopping-cart\u0022\u003E\u003C\/span\u003E\n                \u003Cspan class=\u0022btn-tile-text\u0022\u003EKoupit\u003C\/span\u003E\n            \u003C\/a\u003E\n            \u003C\/div\u003E\n    \u003C\/div\u003E        \u003C\/div\u003E\n                    \u003C\/div\u003E\n\u003C\/div\u003E            \u003Cdiv class=\u0022product-tile-item js-product-tile js-block-preloader\u0022 id=\u0022js-product-tile-106\u0022\u003E\n    \u003Cdiv class=\u0022product-tile-item-foreground js-product-tile-foreground\u0022\u003E\n        \u003Cdiv class=\u0022product-tile-item-info-wrapper\u0022 id=\u0022js-product-tile-106-info\u0022\u003E\n            \u003Cdiv class=\u0022product-tile-item-basic-info\u0022\u003E\n    \u003Cdiv class=\u0022product-tile-item-image-wrapper position-relative\u0022\u003E\n        \u003Cdiv class=\u0022product-tile-item-image\u0022\u003E\n                        \u003Ca href=\u0022\/konferencni-zidle-kvadrato-131-kv-131\u0022\u003E\n                \u003Cpicture\u003E\n                    \u003Cimg\n                            src=\u0022\u0022\n                            data-src=\u0022https:\/\/www.kresla-zidle.cz\/temp\/product\/list\/kvadrato-131-1.png\u0022\n                            alt=\u0022Konferen\u010dn\u00ed \u017eidle KVADRATO 131\u0022\n                            class=\u0022img-fluid js-lazy-img\u0022\u003E\n                \u003C\/picture\u003E\n            \u003C\/a\u003E\n        \u003C\/div\u003E\n        \u003Cdiv class=\u0022product-tile-item-tags-wrapper\u0022\u003E\n    \u003Cdiv class=\u0022product-item-tags-left\u0022\u003E\n                                                    \u003C\/div\u003E\n    \u003Cdiv class=\u0022product-item-tags-right\u0022\u003E\n                                                                                \u003Cdiv class=\u0022product-tile-tags-manufacturer\u0022\u003E\n                \u003Ca href=\u0022\/rim\u0022\u003E\n                    \u003Cimg src=\u0022https:\/\/www.kresla-zidle.cz\/images\/manufacturer-front-tag\/7.png\u0022 alt=\u0022RIM\u0022 class=\u0022img-fluid\u0022 loading=\u0022lazy\u0022\u003E\n                \u003C\/a\u003E\n            \u003C\/div\u003E\n            \u003C\/div\u003E\n\u003C\/div\u003E    \u003C\/div\u003E\n\n                \n    \u003Cdiv class=\u0022product-tile-item-heading-info\u0022\u003E\n        \u003Cdiv class=\u0022product-tile-category\u0022\u003EKancel\u00e1\u0159\u003C\/div\u003E        \u003Ch2 class=\u0022product-tile-heading\u0022\u003E\u003Ca href=\u0022\/konferencni-zidle-kvadrato-131-kv-131\u0022\u003EKonferen\u010dn\u00ed \u017eidle KVADRATO 131\u003C\/a\u003E\u003C\/h2\u003E\n    \u003C\/div\u003E\n    \u003Cdiv class=\u0022product-tile-item-params\u0022\u003E\n                                                                                        \u003Cdiv class=\u0022product-tile-item-params__item\u0022\u003E\n                                                    plastov\u00fd\n                            \n                                            \u003C\/div\u003E\n                                                                                    \u003Cdiv class=\u0022product-tile-item-params__item\u0022\u003E\n                                                    Plastov\u00fd\n                            \n                                            \u003C\/div\u003E\n                                                                                    \u003Cdiv class=\u0022product-tile-item-params__item\u0022\u003E\n                                            \u003C\/div\u003E\n                                                                                    \u003Cdiv class=\u0022product-tile-item-params__item\u0022\u003E\n                                            \u003C\/div\u003E\n                                                                                                                            \u003C\/div\u003E\n    \u003Cdiv class=\u0022product-tile-item-price-availability\u0022\u003E\n        \u003Cdiv class=\u0022product-tile-item-price-wrapper\u0022\u003E\n            \n\n        \u003Cdiv class=\u0022price-current\u0022\u003E2 796 K\u010d\u003C\/div\u003E\n    \u003Cdiv class=\u0022price-info\u0022\u003E2 310 K\u010d bez DPH\u003C\/div\u003E        \u003C\/div\u003E\n        \u003Cdiv class=\u0022product-tile-item-availability-wrapper\u0022\u003E\n            \u003Cdiv class=\u0022availability\u0022 style=\u0022color: #fb8908;\u0022\u003E\u003Cspan class=\u0022availability-icon icon-glass-hour\u0022\u003E\u003C\/span\u003E do 21 dn\u016f\u003C\/div\u003E        \u003C\/div\u003E\n        \u003Cdiv\u003E\n            \n    \n    \n\n\n        \u003C\/div\u003E\n    \u003C\/div\u003E\n\u003C\/div\u003E\n\u003Cdiv class=\u0022product-tile-item-extended-info\u0022\u003E\n\n            \u003Cdiv class=\u0022product-tile-item-description\u0022\u003E\n            \u003Cp\u003EPlastov\u00e1 konferen\u010dn\u00ed \u017eidle.\u003C\/p\u003E\n        \u003C\/div\u003E\n                \u003Cdiv class=\u0022product-tile-item-services\u0022\u003E\n        \u003Ca href=\u0022\/product\/favourite\/add\/106\u0022 class=\u0022service-item \u0022 data-product-favourite=\u0022106\u0022 data-method=\u0022POST\u0022\u003E\u003Cspan class=\u0022icon-heart\u0022\u003E\u003C\/span\u003E Obl\u00edben\u00e9\u003C\/a\u003E        \u003Cspan class=\u0022service-item\u0022\u003E\u003Cspan class=\u0022icon-chart\u0022\u003E\u003C\/span\u003E KV 131\u003C\/span\u003E\n    \u003C\/div\u003E\n    \n            \n    \u003Cdiv class=\u0022product-tile-item-action-wrapper\u0022\u003E\n        \u003Ca href=\u0022\/konferencni-zidle-kvadrato-131-kv-131\u0022 class=\u0022btn-tile\u0022\n           data-text-desktop=\u0022Detail produktu\u0022\n           data-text-mobile=\u0022Detail\u0022\u003E\u003C\/a\u003E\n                    \u003Ca href=\u0022\/konferencni-zidle-kvadrato-131-kv-131\u0022\n               class=\u0022btn-tile btn-icon-right\u0022\u003E\n                \u003Cspan class=\u0022icon-shopping-cart\u0022\u003E\u003C\/span\u003E\n                \u003Cspan class=\u0022btn-tile-text\u0022\u003EKoupit\u003C\/span\u003E\n            \u003C\/a\u003E\n            \u003C\/div\u003E\n    \u003C\/div\u003E        \u003C\/div\u003E\n                    \u003C\/div\u003E\n\u003C\/div\u003E            \u003Cdiv class=\u0022product-tile-item js-product-tile js-block-preloader\u0022 id=\u0022js-product-tile-107\u0022\u003E\n    \u003Cdiv class=\u0022product-tile-item-foreground js-product-tile-foreground\u0022\u003E\n        \u003Cdiv class=\u0022product-tile-item-info-wrapper\u0022 id=\u0022js-product-tile-107-info\u0022\u003E\n            \u003Cdiv class=\u0022product-tile-item-basic-info\u0022\u003E\n    \u003Cdiv class=\u0022product-tile-item-image-wrapper position-relative\u0022\u003E\n        \u003Cdiv class=\u0022product-tile-item-image\u0022\u003E\n                        \u003Ca href=\u0022\/konferencni-zidle-kvadrato-132-kv-132\u0022\u003E\n                \u003Cpicture\u003E\n                    \u003Cimg\n                            src=\u0022\u0022\n                            data-src=\u0022https:\/\/www.kresla-zidle.cz\/temp\/product\/list\/132-kvadrato-02.png\u0022\n                            alt=\u0022Konferen\u010dn\u00ed \u017eidle KVADRATO 132\u0022\n                            class=\u0022img-fluid js-lazy-img\u0022\u003E\n                \u003C\/picture\u003E\n            \u003C\/a\u003E\n        \u003C\/div\u003E\n        \u003Cdiv class=\u0022product-tile-item-tags-wrapper\u0022\u003E\n    \u003Cdiv class=\u0022product-item-tags-left\u0022\u003E\n                                                    \u003C\/div\u003E\n    \u003Cdiv class=\u0022product-item-tags-right\u0022\u003E\n                                                                                \u003Cdiv class=\u0022product-tile-tags-manufacturer\u0022\u003E\n                \u003Ca href=\u0022\/rim\u0022\u003E\n                    \u003Cimg src=\u0022https:\/\/www.kresla-zidle.cz\/images\/manufacturer-front-tag\/7.png\u0022 alt=\u0022RIM\u0022 class=\u0022img-fluid\u0022 loading=\u0022lazy\u0022\u003E\n                \u003C\/a\u003E\n            \u003C\/div\u003E\n            \u003C\/div\u003E\n\u003C\/div\u003E    \u003C\/div\u003E\n\n                \n    \u003Cdiv class=\u0022product-tile-item-heading-info\u0022\u003E\n        \u003Cdiv class=\u0022product-tile-category\u0022\u003EKancel\u00e1\u0159\u003C\/div\u003E        \u003Ch2 class=\u0022product-tile-heading\u0022\u003E\u003Ca href=\u0022\/konferencni-zidle-kvadrato-132-kv-132\u0022\u003EKonferen\u010dn\u00ed \u017eidle KVADRATO 132\u003C\/a\u003E\u003C\/h2\u003E\n    \u003C\/div\u003E\n    \u003Cdiv class=\u0022product-tile-item-params\u0022\u003E\n                                                                                        \u003Cdiv class=\u0022product-tile-item-params__item\u0022\u003E\n                                                    plastov\u00fd\n                            \n                                            \u003C\/div\u003E\n                                                                                    \u003Cdiv class=\u0022product-tile-item-params__item\u0022\u003E\n                                                    \u010daloun\u011bn\u00fd\n                            \n                                            \u003C\/div\u003E\n                                                                                    \u003Cdiv class=\u0022product-tile-item-params__item\u0022\u003E\n                                                    kov\n                            \n                                            \u003C\/div\u003E\n                                                                                    \u003Cdiv class=\u0022product-tile-item-params__item\u0022\u003E\n                                                    ANO, NE\n                            \n                                            \u003C\/div\u003E\n                                                                                                                            \u003C\/div\u003E\n    \u003Cdiv class=\u0022product-tile-item-price-availability\u0022\u003E\n        \u003Cdiv class=\u0022product-tile-item-price-wrapper\u0022\u003E\n            \n\n        \u003Cdiv class=\u0022price-current\u0022\u003E3 074 K\u010d\u003C\/div\u003E\n    \u003Cdiv class=\u0022price-info\u0022\u003E2 540 K\u010d bez DPH\u003C\/div\u003E        \u003C\/div\u003E\n        \u003Cdiv class=\u0022product-tile-item-availability-wrapper\u0022\u003E\n            \u003Cdiv class=\u0022availability\u0022 style=\u0022color: #fb8908;\u0022\u003E\u003Cspan class=\u0022availability-icon icon-glass-hour\u0022\u003E\u003C\/span\u003E do 21 dn\u016f\u003C\/div\u003E        \u003C\/div\u003E\n        \u003Cdiv\u003E\n            \n    \n    \n\n\n        \u003C\/div\u003E\n    \u003C\/div\u003E\n\u003C\/div\u003E\n\u003Cdiv class=\u0022product-tile-item-extended-info\u0022\u003E\n\n            \u003Cdiv class=\u0022product-tile-item-description\u0022\u003E\n            \u003Cp\u003EKonferen\u010dn\u00ed \u017eidle s \u010daloun\u011bn\u00fdm sed\u00e1kem.\u003C\/p\u003E\n        \u003C\/div\u003E\n                \u003Cdiv class=\u0022product-tile-item-services\u0022\u003E\n        \u003Ca href=\u0022\/product\/favourite\/add\/107\u0022 class=\u0022service-item \u0022 data-product-favourite=\u0022107\u0022 data-method=\u0022POST\u0022\u003E\u003Cspan class=\u0022icon-heart\u0022\u003E\u003C\/span\u003E Obl\u00edben\u00e9\u003C\/a\u003E        \u003Cspan class=\u0022service-item\u0022\u003E\u003Cspan class=\u0022icon-chart\u0022\u003E\u003C\/span\u003E KV 132\u003C\/span\u003E\n    \u003C\/div\u003E\n    \n            \n    \u003Cdiv class=\u0022product-tile-item-action-wrapper\u0022\u003E\n        \u003Ca href=\u0022\/konferencni-zidle-kvadrato-132-kv-132\u0022 class=\u0022btn-tile\u0022\n           data-text-desktop=\u0022Detail produktu\u0022\n           data-text-mobile=\u0022Detail\u0022\u003E\u003C\/a\u003E\n                    \u003Ca href=\u0022\/konferencni-zidle-kvadrato-132-kv-132\u0022\n               class=\u0022btn-tile btn-icon-right\u0022\u003E\n                \u003Cspan class=\u0022icon-shopping-cart\u0022\u003E\u003C\/span\u003E\n                \u003Cspan class=\u0022btn-tile-text\u0022\u003EKoupit\u003C\/span\u003E\n            \u003C\/a\u003E\n            \u003C\/div\u003E\n    \u003C\/div\u003E        \u003C\/div\u003E\n                    \u003C\/div\u003E\n\u003C\/div\u003E            \u003Cdiv class=\u0022product-tile-item js-product-tile js-block-preloader\u0022 id=\u0022js-product-tile-108\u0022\u003E\n    \u003Cdiv class=\u0022product-tile-item-foreground js-product-tile-foreground\u0022\u003E\n        \u003Cdiv class=\u0022product-tile-item-info-wrapper\u0022 id=\u0022js-product-tile-108-info\u0022\u003E\n            \u003Cdiv class=\u0022product-tile-item-basic-info\u0022\u003E\n    \u003Cdiv class=\u0022product-tile-item-image-wrapper position-relative\u0022\u003E\n        \u003Cdiv class=\u0022product-tile-item-image\u0022\u003E\n                        \u003Ca href=\u0022\/konferencni-zidle-kvadrato-133-kv-133\u0022\u003E\n                \u003Cpicture\u003E\n                    \u003Cimg\n                            src=\u0022\u0022\n                            data-src=\u0022https:\/\/www.kresla-zidle.cz\/temp\/product\/list\/kvadrato-1.png\u0022\n                            alt=\u0022Konferen\u010dn\u00ed \u017eidle KVADRATO 133 s podru\u010dkami\u0022\n                            class=\u0022img-fluid js-lazy-img\u0022\u003E\n                \u003C\/picture\u003E\n            \u003C\/a\u003E\n        \u003C\/div\u003E\n        \u003Cdiv class=\u0022product-tile-item-tags-wrapper\u0022\u003E\n    \u003Cdiv class=\u0022product-item-tags-left\u0022\u003E\n                                                    \u003C\/div\u003E\n    \u003Cdiv class=\u0022product-item-tags-right\u0022\u003E\n                                                                                \u003Cdiv class=\u0022product-tile-tags-manufacturer\u0022\u003E\n                \u003Ca href=\u0022\/rim\u0022\u003E\n                    \u003Cimg src=\u0022https:\/\/www.kresla-zidle.cz\/images\/manufacturer-front-tag\/7.png\u0022 alt=\u0022RIM\u0022 class=\u0022img-fluid\u0022 loading=\u0022lazy\u0022\u003E\n                \u003C\/a\u003E\n            \u003C\/div\u003E\n            \u003C\/div\u003E\n\u003C\/div\u003E    \u003C\/div\u003E\n\n                \n    \u003Cdiv class=\u0022product-tile-item-heading-info\u0022\u003E\n        \u003Cdiv class=\u0022product-tile-category\u0022\u003EKancel\u00e1\u0159\u003C\/div\u003E        \u003Ch2 class=\u0022product-tile-heading\u0022\u003E\u003Ca href=\u0022\/konferencni-zidle-kvadrato-133-kv-133\u0022\u003EKonferen\u010dn\u00ed \u017eidle KVADRATO 133\u003C\/a\u003E\u003C\/h2\u003E\n    \u003C\/div\u003E\n    \u003Cdiv class=\u0022product-tile-item-params\u0022\u003E\n                                                                                        \u003Cdiv class=\u0022product-tile-item-params__item\u0022\u003E\n                                                    \u010daloun\u011bn\u00fd\n                            \n                                            \u003C\/div\u003E\n                                                                                    \u003Cdiv class=\u0022product-tile-item-params__item\u0022\u003E\n                                                    \u010daloun\u011bn\u00fd\n                            \n                                            \u003C\/div\u003E\n                                                                                    \u003Cdiv class=\u0022product-tile-item-params__item\u0022\u003E\n                                                    kov\n                            \n                                            \u003C\/div\u003E\n                                                                                    \u003Cdiv class=\u0022product-tile-item-params__item\u0022\u003E\n                                                    ANO, NE\n                            \n                                            \u003C\/div\u003E\n                                                                                                                            \u003C\/div\u003E\n    \u003Cdiv class=\u0022product-tile-item-price-availability\u0022\u003E\n        \u003Cdiv class=\u0022product-tile-item-price-wrapper\u0022\u003E\n            \n\n        \u003Cdiv class=\u0022price-current\u0022\u003E3 812 K\u010d\u003C\/div\u003E\n    \u003Cdiv class=\u0022price-info\u0022\u003E3 150 K\u010d bez DPH\u003C\/div\u003E        \u003C\/div\u003E\n        \u003Cdiv class=\u0022product-tile-item-availability-wrapper\u0022\u003E\n            \u003Cdiv class=\u0022availability\u0022 style=\u0022color: #fb8908;\u0022\u003E\u003Cspan class=\u0022availability-icon icon-glass-hour\u0022\u003E\u003C\/span\u003E do 21 dn\u016f\u003C\/div\u003E        \u003C\/div\u003E\n        \u003Cdiv\u003E\n            \n    \n    \n\n\n        \u003C\/div\u003E\n    \u003C\/div\u003E\n\u003C\/div\u003E\n\u003Cdiv class=\u0022product-tile-item-extended-info\u0022\u003E\n\n            \u003Cdiv class=\u0022product-tile-item-description\u0022\u003E\n            \u003Cp\u003EKonferen\u010dn\u00ed \u010daloun\u011bn\u00e1 \u017eidle.\u003C\/p\u003E\n        \u003C\/div\u003E\n                \u003Cdiv class=\u0022product-tile-item-services\u0022\u003E\n        \u003Ca href=\u0022\/product\/favourite\/add\/108\u0022 class=\u0022service-item \u0022 data-product-favourite=\u0022108\u0022 data-method=\u0022POST\u0022\u003E\u003Cspan class=\u0022icon-heart\u0022\u003E\u003C\/span\u003E Obl\u00edben\u00e9\u003C\/a\u003E        \u003Cspan class=\u0022service-item\u0022\u003E\u003Cspan class=\u0022icon-chart\u0022\u003E\u003C\/span\u003E KV 133\u003C\/span\u003E\n    \u003C\/div\u003E\n    \n            \n    \u003Cdiv class=\u0022product-tile-item-action-wrapper\u0022\u003E\n        \u003Ca href=\u0022\/konferencni-zidle-kvadrato-133-kv-133\u0022 class=\u0022btn-tile\u0022\n           data-text-desktop=\u0022Detail produktu\u0022\n           data-text-mobile=\u0022Detail\u0022\u003E\u003C\/a\u003E\n                    \u003Ca href=\u0022\/konferencni-zidle-kvadrato-133-kv-133\u0022\n               class=\u0022btn-tile btn-icon-right\u0022\u003E\n                \u003Cspan class=\u0022icon-shopping-cart\u0022\u003E\u003C\/span\u003E\n                \u003Cspan class=\u0022btn-tile-text\u0022\u003EKoupit\u003C\/span\u003E\n            \u003C\/a\u003E\n            \u003C\/div\u003E\n    \u003C\/div\u003E        \u003C\/div\u003E\n                    \u003C\/div\u003E\n\u003C\/div\u003E            \u003Cdiv class=\u0022product-tile-item js-product-tile js-block-preloader\u0022 id=\u0022js-product-tile-109\u0022\u003E\n    \u003Cdiv class=\u0022product-tile-item-foreground js-product-tile-foreground with-variants\u0022\u003E\n        \u003Cdiv class=\u0022product-tile-item-info-wrapper\u0022 id=\u0022js-product-tile-109-info\u0022\u003E\n            \u003Cdiv class=\u0022product-tile-item-basic-info\u0022\u003E\n    \u003Cdiv class=\u0022product-tile-item-image-wrapper position-relative\u0022\u003E\n        \u003Cdiv class=\u0022product-tile-item-image\u0022\u003E\n                        \u003Ca href=\u0022\/designova-zidle-edge-420106-ed-420106\u0022\u003E\n                \u003Cpicture\u003E\n                    \u003Cimg\n                            src=\u0022\u0022\n                            data-src=\u0022https:\/\/www.kresla-zidle.cz\/temp\/product\/list\/img-p-3-4-0-1-2-34012.png\u0022\n                            alt=\u0022Designov\u00e1 \u017eidle EDGE 4201.06, 4202.06\u0022\n                            class=\u0022img-fluid js-lazy-img\u0022\u003E\n                \u003C\/picture\u003E\n            \u003C\/a\u003E\n        \u003C\/div\u003E\n        \u003Cdiv class=\u0022product-tile-item-tags-wrapper\u0022\u003E\n    \u003Cdiv class=\u0022product-item-tags-left\u0022\u003E\n                                                    \u003C\/div\u003E\n    \u003Cdiv class=\u0022product-item-tags-right\u0022\u003E\n                                                                                \u003Cdiv class=\u0022product-tile-tags-manufacturer\u0022\u003E\n                \u003Ca href=\u0022\/rim\u0022\u003E\n                    \u003Cimg src=\u0022https:\/\/www.kresla-zidle.cz\/images\/manufacturer-front-tag\/7.png\u0022 alt=\u0022RIM\u0022 class=\u0022img-fluid\u0022 loading=\u0022lazy\u0022\u003E\n                \u003C\/a\u003E\n            \u003C\/div\u003E\n            \u003C\/div\u003E\n\u003C\/div\u003E    \u003C\/div\u003E\n\n                \n    \u003Cdiv class=\u0022product-tile-item-heading-info\u0022\u003E\n        \u003Cdiv class=\u0022product-tile-category\u0022\u003EKancel\u00e1\u0159\u003C\/div\u003E        \u003Ch2 class=\u0022product-tile-heading\u0022\u003E\u003Ca href=\u0022\/designova-zidle-edge-420106-ed-420106\u0022\u003EDesignov\u00e1 \u017eidle EDGE 4201.06\u003C\/a\u003E\u003C\/h2\u003E\n    \u003C\/div\u003E\n    \u003Cdiv class=\u0022product-tile-item-params\u0022\u003E\n                                                                                        \u003Cdiv class=\u0022product-tile-item-params__item\u0022\u003E\n                                                    \u010daloun\u011bn\u00fd\n                            \n                                            \u003C\/div\u003E\n                                                                                    \u003Cdiv class=\u0022product-tile-item-params__item\u0022\u003E\n                                                    \u010daloun\u011bn\u00fd\n                            \n                                            \u003C\/div\u003E\n                                                                                    \u003Cdiv class=\u0022product-tile-item-params__item\u0022\u003E\n                                                    D\u0159evo\n                            \n                                            \u003C\/div\u003E\n                                                                                    \u003Cdiv class=\u0022product-tile-item-params__item\u0022\u003E\n                                                    ANO, NE\n                            \n                                            \u003C\/div\u003E\n                                                                                                                            \u003C\/div\u003E\n    \u003Cdiv class=\u0022product-tile-item-price-availability\u0022\u003E\n        \u003Cdiv class=\u0022product-tile-item-price-wrapper\u0022\u003E\n            \n\n        \u003Cdiv class=\u0022price-current\u0022\u003E11 931 K\u010d\u003C\/div\u003E\n    \u003Cdiv class=\u0022price-info\u0022\u003E9 860 K\u010d bez DPH\u003C\/div\u003E        \u003C\/div\u003E\n        \u003Cdiv class=\u0022product-tile-item-availability-wrapper\u0022\u003E\n            \u003Cdiv class=\u0022availability\u0022 style=\u0022color: #fb8908;\u0022\u003E\u003Cspan class=\u0022availability-icon icon-glass-hour\u0022\u003E\u003C\/span\u003E do 35 dn\u016f\u003C\/div\u003E        \u003C\/div\u003E\n        \u003Cdiv\u003E\n            \n    \n    \n\n\n        \u003C\/div\u003E\n    \u003C\/div\u003E\n\u003C\/div\u003E\n\u003Cdiv class=\u0022product-tile-item-extended-info\u0022\u003E\n\n            \u003Cdiv class=\u0022product-tile-item-description\u0022\u003E\n            \u003Cp\u003EDesignov\u00e1 \u010daloun\u011bn\u00e1 \u017eidle.\u003C\/p\u003E\n        \u003C\/div\u003E\n                \u003Cdiv class=\u0022product-tile-item-services\u0022\u003E\n        \u003Ca href=\u0022\/product\/favourite\/add\/109\u0022 class=\u0022service-item \u0022 data-product-favourite=\u0022109\u0022 data-method=\u0022POST\u0022\u003E\u003Cspan class=\u0022icon-heart\u0022\u003E\u003C\/span\u003E Obl\u00edben\u00e9\u003C\/a\u003E        \u003Cspan class=\u0022service-item\u0022\u003E\u003Cspan class=\u0022icon-chart\u0022\u003E\u003C\/span\u003E ED 4201.06\u003C\/span\u003E\n    \u003C\/div\u003E\n    \n            \n    \u003Cdiv class=\u0022product-tile-item-action-wrapper\u0022\u003E\n        \u003Ca href=\u0022\/designova-zidle-edge-420106-ed-420106\u0022 class=\u0022btn-tile\u0022\n           data-text-desktop=\u0022Detail produktu\u0022\n           data-text-mobile=\u0022Detail\u0022\u003E\u003C\/a\u003E\n                    \u003Ca href=\u0022\/designova-zidle-edge-420106-ed-420106\u0022\n               class=\u0022btn-tile btn-icon-right\u0022\u003E\n                \u003Cspan class=\u0022icon-shopping-cart\u0022\u003E\u003C\/span\u003E\n                \u003Cspan class=\u0022btn-tile-text\u0022\u003EKoupit\u003C\/span\u003E\n            \u003C\/a\u003E\n            \u003C\/div\u003E\n    \u003C\/div\u003E        \u003C\/div\u003E\n                            \u003Cdiv class=\u0022product-tile-item-variants js-product-item-variants\u0022\u003E\n                                                \u003Ca href=\u0022\/designova-zidle-edge-420106-ed-420106\u0022\n                   class=\u0022tile-varinat-tab js-variant-item js-ajax active\u0022\n                   data-show-preloader=\u00220\u0022\n                   data-href=\u0022\/product-list-tile\/111\/109?renderParameterIds%5B0%5D=2\u0026amp;renderParameterIds%5B1%5D=3\u0026amp;renderParameterIds%5B2%5D=7\u0026amp;renderParameterIds%5B3%5D=73\u0026amp;renderParameterIds%5B4%5D=74\u0026amp;renderParameterIds%5B5%5D=111\u0026amp;renderParameterIds%5B6%5D=143\u0022\n                   data-toggle=\u0022tooltip\u0022 title=\u0022Designov\u00e1 \u017eidle EDGE 4201.06\u0022\n                   data-placement=\u0022left\u0022\u003E\n\n                    \n                    \u003Cimg src=\u0022\u0022 data-src=\u0022https:\/\/www.kresla-zidle.cz\/temp\/product\/list\/img-p-3-4-0-1-2-34012.png\u0022 class=\u0022img-fluid js-lazy-img\u0022 alt=\u0022Designov\u00e1 \u017eidle EDGE 4201.06\u0022 loading=\u0022lazy\u0022\u003E\n                \u003C\/a\u003E\n                                                                            \u003Ca href=\u0022\/designova-zidle-edge-4202-06-ed-420206\u0022\n                       class=\u0022tile-varinat-tab js-variant-item js-ajax\u0022\n                       data-show-preloader=\u00220\u0022\n                       data-href=\u0022\/product-list-tile\/2209\/109?renderParameterIds%5B0%5D=2\u0026amp;renderParameterIds%5B1%5D=3\u0026amp;renderParameterIds%5B2%5D=7\u0026amp;renderParameterIds%5B3%5D=73\u0026amp;renderParameterIds%5B4%5D=74\u0026amp;renderParameterIds%5B5%5D=111\u0026amp;renderParameterIds%5B6%5D=143\u0022\n                       data-toggle=\u0022tooltip\u0022 title=\u0022Designov\u00e1 \u017eidle EDGE 4202.06\u0022\n                       data-placement=\u0022left\u0022\u003E\n\n                        \n                        \u003Cimg src=\u0022\u0022 data-src=\u0022https:\/\/www.kresla-zidle.cz\/temp\/product\/list\/img-p-3-4-0-1-7-34017.png\u0022 alt=\u0022Designov\u00e1 \u017eidle EDGE 4202.06\u0022 class=\u0022img-fluid js-lazy-img\u0022 loading=\u0022lazy\u0022\u003E\n                    \u003C\/a\u003E\n                            \u003C\/div\u003E\n            \u003C\/div\u003E\n\u003C\/div\u003E            \u003Cdiv class=\u0022product-tile-item js-product-tile js-block-preloader\u0022 id=\u0022js-product-tile-138\u0022\u003E\n    \u003Cdiv class=\u0022product-tile-item-foreground js-product-tile-foreground\u0022\u003E\n        \u003Cdiv class=\u0022product-tile-item-info-wrapper\u0022 id=\u0022js-product-tile-138-info\u0022\u003E\n            \u003Cdiv class=\u0022product-tile-item-basic-info\u0022\u003E\n    \u003Cdiv class=\u0022product-tile-item-image-wrapper position-relative\u0022\u003E\n        \u003Cdiv class=\u0022product-tile-item-image\u0022\u003E\n                        \u003Ca href=\u0022\/konferencni-zidle-taurus-taurus-t\u0022\u003E\n                \u003Cpicture\u003E\n                    \u003Cimg\n                            src=\u0022\u0022\n                            data-src=\u0022https:\/\/www.kresla-zidle.cz\/temp\/product\/list\/taurus-19.png\u0022\n                            alt=\u0022Konferen\u010dn\u00ed \u017eidle TAURUS\u0022\n                            class=\u0022img-fluid js-lazy-img\u0022\u003E\n                \u003C\/picture\u003E\n            \u003C\/a\u003E\n        \u003C\/div\u003E\n        \u003Cdiv class=\u0022product-tile-item-tags-wrapper\u0022\u003E\n    \u003Cdiv class=\u0022product-item-tags-left\u0022\u003E\n                                                    \u003C\/div\u003E\n    \u003Cdiv class=\u0022product-item-tags-right\u0022\u003E\n                                                                                \u003Cdiv class=\u0022product-tile-tags-manufacturer\u0022\u003E\n                \u003Ca href=\u0022\/antares\u0022\u003E\n                    \u003Cimg src=\u0022https:\/\/www.kresla-zidle.cz\/images\/manufacturer-front-tag\/9.png\u0022 alt=\u0022ANTARES\u0022 class=\u0022img-fluid\u0022 loading=\u0022lazy\u0022\u003E\n                \u003C\/a\u003E\n            \u003C\/div\u003E\n            \u003C\/div\u003E\n\u003C\/div\u003E    \u003C\/div\u003E\n\n                \n    \u003Cdiv class=\u0022product-tile-item-heading-info\u0022\u003E\n        \u003Cdiv class=\u0022product-tile-category\u0022\u003EKancel\u00e1\u0159\u003C\/div\u003E        \u003Ch2 class=\u0022product-tile-heading\u0022\u003E\u003Ca href=\u0022\/konferencni-zidle-taurus-taurus-t\u0022\u003EKonferen\u010dn\u00ed \u017eidle TAURUS\u003C\/a\u003E\u003C\/h2\u003E\n    \u003C\/div\u003E\n    \u003Cdiv class=\u0022product-tile-item-params\u0022\u003E\n                                                                                        \u003Cdiv class=\u0022product-tile-item-params__item\u0022\u003E\n                                                    \u010daloun\u011bn\u00fd\n                            \n                                            \u003C\/div\u003E\n                                                                                    \u003Cdiv class=\u0022product-tile-item-params__item\u0022\u003E\n                                                    \u010daloun\u011bn\u00fd\n                            \n                                            \u003C\/div\u003E\n                                                                                    \u003Cdiv class=\u0022product-tile-item-params__item\u0022\u003E\n                                                    kov\n                            \n                                            \u003C\/div\u003E\n                                                                                    \u003Cdiv class=\u0022product-tile-item-params__item\u0022\u003E\n                                                    NE, ANO\n                            \n                                            \u003C\/div\u003E\n                                                                                                                            \u003C\/div\u003E\n    \u003Cdiv class=\u0022product-tile-item-price-availability\u0022\u003E\n        \u003Cdiv class=\u0022product-tile-item-price-wrapper\u0022\u003E\n            \n\n        \u003Cdiv class=\u0022price-current\u0022\u003E896 K\u010d\u003C\/div\u003E\n    \u003Cdiv class=\u0022price-info\u0022\u003E740 K\u010d bez DPH\u003C\/div\u003E        \u003C\/div\u003E\n        \u003Cdiv class=\u0022product-tile-item-availability-wrapper\u0022\u003E\n            \u003Cdiv class=\u0022availability\u0022\u003E\u003Cspan class=\u0022availability-icon icon-glass-hour\u0022\u003E\u003C\/span\u003E do 14 dn\u016f\u003C\/div\u003E        \u003C\/div\u003E\n        \u003Cdiv\u003E\n            \n    \n    \n\n\n        \u003C\/div\u003E\n    \u003C\/div\u003E\n\u003C\/div\u003E\n\u003Cdiv class=\u0022product-tile-item-extended-info\u0022\u003E\n\n            \u003Cdiv class=\u0022product-tile-item-description\u0022\u003E\n            \u003Cp\u003E\u010caloun\u011bn\u00e1 jednac\u00ed\u00a0\u017eidle klasick\u00e9ho designu m\u00e1 univerz\u00e1ln\u00ed vyu\u017eit\u00ed.\u003C\/p\u003E\n        \u003C\/div\u003E\n                \u003Cdiv class=\u0022product-tile-item-services\u0022\u003E\n        \u003Ca href=\u0022\/product\/favourite\/add\/138\u0022 class=\u0022service-item \u0022 data-product-favourite=\u0022138\u0022 data-method=\u0022POST\u0022\u003E\u003Cspan class=\u0022icon-heart\u0022\u003E\u003C\/span\u003E Obl\u00edben\u00e9\u003C\/a\u003E        \u003Cspan class=\u0022service-item\u0022\u003E\u003Cspan class=\u0022icon-chart\u0022\u003E\u003C\/span\u003E TAURUS T\u003C\/span\u003E\n    \u003C\/div\u003E\n    \n            \n    \u003Cdiv class=\u0022product-tile-item-action-wrapper\u0022\u003E\n        \u003Ca href=\u0022\/konferencni-zidle-taurus-taurus-t\u0022 class=\u0022btn-tile\u0022\n           data-text-desktop=\u0022Detail produktu\u0022\n           data-text-mobile=\u0022Detail\u0022\u003E\u003C\/a\u003E\n                    \u003Ca href=\u0022\/konferencni-zidle-taurus-taurus-t\u0022\n               class=\u0022btn-tile btn-icon-right\u0022\u003E\n                \u003Cspan class=\u0022icon-shopping-cart\u0022\u003E\u003C\/span\u003E\n                \u003Cspan class=\u0022btn-tile-text\u0022\u003EKoupit\u003C\/span\u003E\n            \u003C\/a\u003E\n            \u003C\/div\u003E\n    \u003C\/div\u003E        \u003C\/div\u003E\n                    \u003C\/div\u003E\n\u003C\/div\u003E            \u003Cdiv class=\u0022product-tile-item js-product-tile js-block-preloader\u0022 id=\u0022js-product-tile-140\u0022\u003E\n    \u003Cdiv class=\u0022product-tile-item-foreground js-product-tile-foreground\u0022\u003E\n        \u003Cdiv class=\u0022product-tile-item-info-wrapper\u0022 id=\u0022js-product-tile-140-info\u0022\u003E\n            \u003Cdiv class=\u0022product-tile-item-basic-info\u0022\u003E\n    \u003Cdiv class=\u0022product-tile-item-image-wrapper position-relative\u0022\u003E\n        \u003Cdiv class=\u0022product-tile-item-image\u0022\u003E\n                        \u003Ca href=\u0022\/plastova-zidle-layer\u0022\u003E\n                \u003Cpicture\u003E\n                    \u003Cimg\n                            src=\u0022\u0022\n                            data-src=\u0022https:\/\/www.kresla-zidle.cz\/temp\/product\/list\/img-p-1-8-0-1-1801.png\u0022\n                            alt=\u0022Plastov\u00e1 \u017eidle LAYER\u0022\n                            class=\u0022img-fluid js-lazy-img\u0022\u003E\n                \u003C\/picture\u003E\n            \u003C\/a\u003E\n        \u003C\/div\u003E\n        \u003Cdiv class=\u0022product-tile-item-tags-wrapper\u0022\u003E\n    \u003Cdiv class=\u0022product-item-tags-left\u0022\u003E\n                                                    \u003C\/div\u003E\n    \u003Cdiv class=\u0022product-item-tags-right\u0022\u003E\n                                                                                \u003Cdiv class=\u0022product-tile-tags-manufacturer\u0022\u003E\n                \u003Ca href=\u0022\/alba\u0022\u003E\n                    \u003Cimg src=\u0022https:\/\/www.kresla-zidle.cz\/images\/manufacturer-front-tag\/11.png\u0022 alt=\u0022ALBA\u0022 class=\u0022img-fluid\u0022 loading=\u0022lazy\u0022\u003E\n                \u003C\/a\u003E\n            \u003C\/div\u003E\n            \u003C\/div\u003E\n\u003C\/div\u003E    \u003C\/div\u003E\n\n                \n    \u003Cdiv class=\u0022product-tile-item-heading-info\u0022\u003E\n        \u003Cdiv class=\u0022product-tile-category\u0022\u003EKancel\u00e1\u0159\u003C\/div\u003E        \u003Ch2 class=\u0022product-tile-heading\u0022\u003E\u003Ca href=\u0022\/plastova-zidle-layer\u0022\u003EPlastov\u00e1 \u017eidle LAYER\u003C\/a\u003E\u003C\/h2\u003E\n    \u003C\/div\u003E\n    \u003Cdiv class=\u0022product-tile-item-params\u0022\u003E\n                                                                                        \u003Cdiv class=\u0022product-tile-item-params__item\u0022\u003E\n                                                    plastov\u00fd\n                            \n                                            \u003C\/div\u003E\n                                                                                    \u003Cdiv class=\u0022product-tile-item-params__item\u0022\u003E\n                                                    Plastov\u00fd\n                            \n                                            \u003C\/div\u003E\n                                                                                    \u003Cdiv class=\u0022product-tile-item-params__item\u0022\u003E\n                                                    kov\n                            \n                                            \u003C\/div\u003E\n                                                                                    \u003Cdiv class=\u0022product-tile-item-params__item\u0022\u003E\n                                                    ANO, NE\n                            \n                                            \u003C\/div\u003E\n                                                                                                                            \u003C\/div\u003E\n    \u003Cdiv class=\u0022product-tile-item-price-availability\u0022\u003E\n        \u003Cdiv class=\u0022product-tile-item-price-wrapper\u0022\u003E\n            \n\n        \u003Cdiv class=\u0022price-current\u0022\u003E1 169 K\u010d\u003C\/div\u003E\n    \u003Cdiv class=\u0022price-info\u0022\u003E966 K\u010d bez DPH\u003C\/div\u003E        \u003C\/div\u003E\n        \u003Cdiv class=\u0022product-tile-item-availability-wrapper\u0022\u003E\n            \u003Cdiv class=\u0022availability\u0022 style=\u0022color: #fb8908;\u0022\u003E\u003Cspan class=\u0022availability-icon icon-glass-hour\u0022\u003E\u003C\/span\u003E do 28 dn\u016f\u003C\/div\u003E        \u003C\/div\u003E\n        \u003Cdiv\u003E\n            \n    \n    \n\n\n        \u003C\/div\u003E\n    \u003C\/div\u003E\n\u003C\/div\u003E\n\u003Cdiv class=\u0022product-tile-item-extended-info\u0022\u003E\n\n            \u003Cdiv class=\u0022product-tile-item-description\u0022\u003E\n            \u003Cp\u003EPraktick\u00e1 plastov\u00e1 \u017eidle LAYER s kovovou kostrou.\u003C\/p\u003E\n        \u003C\/div\u003E\n                \u003Cdiv class=\u0022product-tile-item-services\u0022\u003E\n        \u003Ca href=\u0022\/product\/favourite\/add\/140\u0022 class=\u0022service-item \u0022 data-product-favourite=\u0022140\u0022 data-method=\u0022POST\u0022\u003E\u003Cspan class=\u0022icon-heart\u0022\u003E\u003C\/span\u003E Obl\u00edben\u00e9\u003C\/a\u003E        \u003Cspan class=\u0022service-item\u0022\u003E\u003Cspan class=\u0022icon-chart\u0022\u003E\u003C\/span\u003E LAYER\u003C\/span\u003E\n    \u003C\/div\u003E\n    \n            \n    \u003Cdiv class=\u0022product-tile-item-action-wrapper\u0022\u003E\n        \u003Ca href=\u0022\/plastova-zidle-layer\u0022 class=\u0022btn-tile\u0022\n           data-text-desktop=\u0022Detail produktu\u0022\n           data-text-mobile=\u0022Detail\u0022\u003E\u003C\/a\u003E\n                    \u003Ca href=\u0022\/plastova-zidle-layer\u0022\n               class=\u0022btn-tile btn-icon-right\u0022\u003E\n                \u003Cspan class=\u0022icon-shopping-cart\u0022\u003E\u003C\/span\u003E\n                \u003Cspan class=\u0022btn-tile-text\u0022\u003EKoupit\u003C\/span\u003E\n            \u003C\/a\u003E\n            \u003C\/div\u003E\n    \u003C\/div\u003E        \u003C\/div\u003E\n                    \u003C\/div\u003E\n\u003C\/div\u003E            \u003Cdiv class=\u0022product-tile-item js-product-tile js-block-preloader\u0022 id=\u0022js-product-tile-141\u0022\u003E\n    \u003Cdiv class=\u0022product-tile-item-foreground js-product-tile-foreground\u0022\u003E\n        \u003Cdiv class=\u0022product-tile-item-info-wrapper\u0022 id=\u0022js-product-tile-141-info\u0022\u003E\n            \u003Cdiv class=\u0022product-tile-item-basic-info\u0022\u003E\n    \u003Cdiv class=\u0022product-tile-item-image-wrapper position-relative\u0022\u003E\n        \u003Cdiv class=\u0022product-tile-item-image\u0022\u003E\n                        \u003Ca href=\u0022\/plastova-zidle-filo\u0022\u003E\n                \u003Cpicture\u003E\n                    \u003Cimg\n                            src=\u0022\u0022\n                            data-src=\u0022https:\/\/www.kresla-zidle.cz\/temp\/product\/list\/filo-zelena-p.png\u0022\n                            alt=\u0022Plastov\u00e1 \u017eidle FILO\u0022\n                            class=\u0022img-fluid js-lazy-img\u0022\u003E\n                \u003C\/picture\u003E\n            \u003C\/a\u003E\n        \u003C\/div\u003E\n        \u003Cdiv class=\u0022product-tile-item-tags-wrapper\u0022\u003E\n    \u003Cdiv class=\u0022product-item-tags-left\u0022\u003E\n                                                    \u003C\/div\u003E\n    \u003Cdiv class=\u0022product-item-tags-right\u0022\u003E\n                                                                                \u003Cdiv class=\u0022product-tile-tags-manufacturer\u0022\u003E\n                \u003Ca href=\u0022\/alba\u0022\u003E\n                    \u003Cimg src=\u0022https:\/\/www.kresla-zidle.cz\/images\/manufacturer-front-tag\/11.png\u0022 alt=\u0022ALBA\u0022 class=\u0022img-fluid\u0022 loading=\u0022lazy\u0022\u003E\n                \u003C\/a\u003E\n            \u003C\/div\u003E\n            \u003C\/div\u003E\n\u003C\/div\u003E    \u003C\/div\u003E\n\n                \n    \u003Cdiv class=\u0022product-tile-item-heading-info\u0022\u003E\n        \u003Cdiv class=\u0022product-tile-category\u0022\u003EKancel\u00e1\u0159\u003C\/div\u003E        \u003Ch2 class=\u0022product-tile-heading\u0022\u003E\u003Ca href=\u0022\/plastova-zidle-filo\u0022\u003EPlastov\u00e1 \u017eidle FILO\u003C\/a\u003E\u003C\/h2\u003E\n    \u003C\/div\u003E\n    \u003Cdiv class=\u0022product-tile-item-params\u0022\u003E\n                                                                                        \u003Cdiv class=\u0022product-tile-item-params__item\u0022\u003E\n                                                    plastov\u00fd\n                            \n                                            \u003C\/div\u003E\n                                                                                    \u003Cdiv class=\u0022product-tile-item-params__item\u0022\u003E\n                                                    Plastov\u00fd\n                            \n                                            \u003C\/div\u003E\n                                                                                    \u003Cdiv class=\u0022product-tile-item-params__item\u0022\u003E\n                                                    kov\n                            \n                                            \u003C\/div\u003E\n                                                                                    \u003Cdiv class=\u0022product-tile-item-params__item\u0022\u003E\n                                                    NE\n                            \n                                            \u003C\/div\u003E\n                                                                                                                            \u003C\/div\u003E\n    \u003Cdiv class=\u0022product-tile-item-price-availability\u0022\u003E\n        \u003Cdiv class=\u0022product-tile-item-price-wrapper\u0022\u003E\n            \n\n        \u003Cdiv class=\u0022price-current\u0022\u003E2 811 K\u010d\u003C\/div\u003E\n    \u003Cdiv class=\u0022price-info\u0022\u003E2 323 K\u010d bez DPH\u003C\/div\u003E        \u003C\/div\u003E\n        \u003Cdiv class=\u0022product-tile-item-availability-wrapper\u0022\u003E\n            \u003Cdiv class=\u0022availability\u0022 style=\u0022color: #fb8908;\u0022\u003E\u003Cspan class=\u0022availability-icon icon-glass-hour\u0022\u003E\u003C\/span\u003E do 28 dn\u016f\u003C\/div\u003E        \u003C\/div\u003E\n        \u003Cdiv\u003E\n            \n    \n    \n\n\n        \u003C\/div\u003E\n    \u003C\/div\u003E\n\u003C\/div\u003E\n\u003Cdiv class=\u0022product-tile-item-extended-info\u0022\u003E\n\n            \u003Cdiv class=\u0022product-tile-item-description\u0022\u003E\n            \u003Cp\u003EModern\u00ed plastov\u00e1 \u017eidle FILO zaujme sv\u00fdmi hranat\u00fdmi tvary.\u003C\/p\u003E\n        \u003C\/div\u003E\n                \u003Cdiv class=\u0022product-tile-item-services\u0022\u003E\n        \u003Ca href=\u0022\/product\/favourite\/add\/141\u0022 class=\u0022service-item \u0022 data-product-favourite=\u0022141\u0022 data-method=\u0022POST\u0022\u003E\u003Cspan class=\u0022icon-heart\u0022\u003E\u003C\/span\u003E Obl\u00edben\u00e9\u003C\/a\u003E        \u003Cspan class=\u0022service-item\u0022\u003E\u003Cspan class=\u0022icon-chart\u0022\u003E\u003C\/span\u003E FILO\u003C\/span\u003E\n    \u003C\/div\u003E\n    \n            \n    \u003Cdiv class=\u0022product-tile-item-action-wrapper\u0022\u003E\n        \u003Ca href=\u0022\/plastova-zidle-filo\u0022 class=\u0022btn-tile\u0022\n           data-text-desktop=\u0022Detail produktu\u0022\n           data-text-mobile=\u0022Detail\u0022\u003E\u003C\/a\u003E\n                    \u003Ca href=\u0022\/plastova-zidle-filo\u0022\n               class=\u0022btn-tile btn-icon-right\u0022\u003E\n                \u003Cspan class=\u0022icon-shopping-cart\u0022\u003E\u003C\/span\u003E\n                \u003Cspan class=\u0022btn-tile-text\u0022\u003EKoupit\u003C\/span\u003E\n            \u003C\/a\u003E\n            \u003C\/div\u003E\n    \u003C\/div\u003E        \u003C\/div\u003E\n                    \u003C\/div\u003E\n\u003C\/div\u003E            \u003Cdiv class=\u0022product-tile-item js-product-tile js-block-preloader\u0022 id=\u0022js-product-tile-142\u0022\u003E\n    \u003Cdiv class=\u0022product-tile-item-foreground js-product-tile-foreground\u0022\u003E\n        \u003Cdiv class=\u0022product-tile-item-info-wrapper\u0022 id=\u0022js-product-tile-142-info\u0022\u003E\n            \u003Cdiv class=\u0022product-tile-item-basic-info\u0022\u003E\n    \u003Cdiv class=\u0022product-tile-item-image-wrapper position-relative\u0022\u003E\n        \u003Cdiv class=\u0022product-tile-item-image\u0022\u003E\n                        \u003Ca href=\u0022\/plastova-zidle-filo-s-podruckami\u0022\u003E\n                \u003Cpicture\u003E\n                    \u003Cimg\n                            src=\u0022\u0022\n                            data-src=\u0022https:\/\/www.kresla-zidle.cz\/temp\/product\/list\/filo-zelena.png\u0022\n                            alt=\u0022Plastov\u00e1 \u017eidle FILO s podru\u010dkami\u0022\n                            class=\u0022img-fluid js-lazy-img\u0022\u003E\n                \u003C\/picture\u003E\n            \u003C\/a\u003E\n        \u003C\/div\u003E\n        \u003Cdiv class=\u0022product-tile-item-tags-wrapper\u0022\u003E\n    \u003Cdiv class=\u0022product-item-tags-left\u0022\u003E\n                                                    \u003C\/div\u003E\n    \u003Cdiv class=\u0022product-item-tags-right\u0022\u003E\n                                                                                \u003Cdiv class=\u0022product-tile-tags-manufacturer\u0022\u003E\n                \u003Ca href=\u0022\/alba\u0022\u003E\n                    \u003Cimg src=\u0022https:\/\/www.kresla-zidle.cz\/images\/manufacturer-front-tag\/11.png\u0022 alt=\u0022ALBA\u0022 class=\u0022img-fluid\u0022 loading=\u0022lazy\u0022\u003E\n                \u003C\/a\u003E\n            \u003C\/div\u003E\n            \u003C\/div\u003E\n\u003C\/div\u003E    \u003C\/div\u003E\n\n                \n    \u003Cdiv class=\u0022product-tile-item-heading-info\u0022\u003E\n        \u003Cdiv class=\u0022product-tile-category\u0022\u003EKonferen\u010dn\u00ed \u017eidle\u003C\/div\u003E        \u003Ch2 class=\u0022product-tile-heading\u0022\u003E\u003Ca href=\u0022\/plastova-zidle-filo-s-podruckami\u0022\u003EPlastov\u00e1 \u017eidle FILO s podru\u010dkami\u003C\/a\u003E\u003C\/h2\u003E\n    \u003C\/div\u003E\n    \u003Cdiv class=\u0022product-tile-item-params\u0022\u003E\n                                                                                        \u003Cdiv class=\u0022product-tile-item-params__item\u0022\u003E\n                                                    plastov\u00fd\n                            \n                                            \u003C\/div\u003E\n                                                                                    \u003Cdiv class=\u0022product-tile-item-params__item\u0022\u003E\n                                                    Plastov\u00fd\n                            \n                                            \u003C\/div\u003E\n                                                                                    \u003Cdiv class=\u0022product-tile-item-params__item\u0022\u003E\n                                                    kov\n                            \n                                            \u003C\/div\u003E\n                                                                                    \u003Cdiv class=\u0022product-tile-item-params__item\u0022\u003E\n                                                    ANO\n                            \n                                            \u003C\/div\u003E\n                                                                                                                            \u003C\/div\u003E\n    \u003Cdiv class=\u0022product-tile-item-price-availability\u0022\u003E\n        \u003Cdiv class=\u0022product-tile-item-price-wrapper\u0022\u003E\n            \n\n        \u003Cdiv class=\u0022price-current\u0022\u003E3 477 K\u010d\u003C\/div\u003E\n    \u003Cdiv class=\u0022price-info\u0022\u003E2 873 K\u010d bez DPH\u003C\/div\u003E        \u003C\/div\u003E\n        \u003Cdiv class=\u0022product-tile-item-availability-wrapper\u0022\u003E\n            \u003Cdiv class=\u0022availability\u0022 style=\u0022color: #fb8908;\u0022\u003E\u003Cspan class=\u0022availability-icon icon-glass-hour\u0022\u003E\u003C\/span\u003E do 28 dn\u016f\u003C\/div\u003E        \u003C\/div\u003E\n        \u003Cdiv\u003E\n            \n    \n    \n\n\n        \u003C\/div\u003E\n    \u003C\/div\u003E\n\u003C\/div\u003E\n\u003Cdiv class=\u0022product-tile-item-extended-info\u0022\u003E\n\n            \u003Cdiv class=\u0022product-tile-item-description\u0022\u003E\n            \u003Cp\u003EModern\u00ed plastov\u00e1 \u017eidle FILO zaujme sv\u00fdmi hranat\u00fdmi tvary.\u003C\/p\u003E\n        \u003C\/div\u003E\n                \u003Cdiv class=\u0022product-tile-item-services\u0022\u003E\n        \u003Ca href=\u0022\/product\/favourite\/add\/142\u0022 class=\u0022service-item \u0022 data-product-favourite=\u0022142\u0022 data-method=\u0022POST\u0022\u003E\u003Cspan class=\u0022icon-heart\u0022\u003E\u003C\/span\u003E Obl\u00edben\u00e9\u003C\/a\u003E        \u003Cspan class=\u0022service-item\u0022\u003E\u003Cspan class=\u0022icon-chart\u0022\u003E\u003C\/span\u003E FILO s podru\u010dkami\u003C\/span\u003E\n    \u003C\/div\u003E\n    \n            \n    \u003Cdiv class=\u0022product-tile-item-action-wrapper\u0022\u003E\n        \u003Ca href=\u0022\/plastova-zidle-filo-s-podruckami\u0022 class=\u0022btn-tile\u0022\n           data-text-desktop=\u0022Detail produktu\u0022\n           data-text-mobile=\u0022Detail\u0022\u003E\u003C\/a\u003E\n                    \u003Ca href=\u0022\/plastova-zidle-filo-s-podruckami\u0022\n               class=\u0022btn-tile btn-icon-right\u0022\u003E\n                \u003Cspan class=\u0022icon-shopping-cart\u0022\u003E\u003C\/span\u003E\n                \u003Cspan class=\u0022btn-tile-text\u0022\u003EKoupit\u003C\/span\u003E\n            \u003C\/a\u003E\n            \u003C\/div\u003E\n    \u003C\/div\u003E        \u003C\/div\u003E\n                    \u003C\/div\u003E\n\u003C\/div\u003E            \u003Cdiv class=\u0022product-tile-item js-product-tile js-block-preloader\u0022 id=\u0022js-product-tile-143\u0022\u003E\n    \u003Cdiv class=\u0022product-tile-item-foreground js-product-tile-foreground\u0022\u003E\n        \u003Cdiv class=\u0022product-tile-item-info-wrapper\u0022 id=\u0022js-product-tile-143-info\u0022\u003E\n            \u003Cdiv class=\u0022product-tile-item-basic-info\u0022\u003E\n    \u003Cdiv class=\u0022product-tile-item-image-wrapper position-relative\u0022\u003E\n        \u003Cdiv class=\u0022product-tile-item-image\u0022\u003E\n                        \u003Ca href=\u0022\/plastova-zidle-filo-s-calounenim\u0022\u003E\n                \u003Cpicture\u003E\n                    \u003Cimg\n                            src=\u0022\u0022\n                            data-src=\u0022https:\/\/www.kresla-zidle.cz\/temp\/product\/list\/img-p-3-2-7-6-3276.png\u0022\n                            alt=\u0022Plastov\u00e1 \u017eidle FILO s \u010daloun\u011bn\u00edm\u0022\n                            class=\u0022img-fluid js-lazy-img\u0022\u003E\n                \u003C\/picture\u003E\n            \u003C\/a\u003E\n        \u003C\/div\u003E\n        \u003Cdiv class=\u0022product-tile-item-tags-wrapper\u0022\u003E\n    \u003Cdiv class=\u0022product-item-tags-left\u0022\u003E\n                                                    \u003C\/div\u003E\n    \u003Cdiv class=\u0022product-item-tags-right\u0022\u003E\n                                                                                \u003Cdiv class=\u0022product-tile-tags-manufacturer\u0022\u003E\n                \u003Ca href=\u0022\/alba\u0022\u003E\n                    \u003Cimg src=\u0022https:\/\/www.kresla-zidle.cz\/images\/manufacturer-front-tag\/11.png\u0022 alt=\u0022ALBA\u0022 class=\u0022img-fluid\u0022 loading=\u0022lazy\u0022\u003E\n                \u003C\/a\u003E\n            \u003C\/div\u003E\n            \u003C\/div\u003E\n\u003C\/div\u003E    \u003C\/div\u003E\n\n                \n    \u003Cdiv class=\u0022product-tile-item-heading-info\u0022\u003E\n        \u003Cdiv class=\u0022product-tile-category\u0022\u003EKonferen\u010dn\u00ed \u017eidle\u003C\/div\u003E        \u003Ch2 class=\u0022product-tile-heading\u0022\u003E\u003Ca href=\u0022\/plastova-zidle-filo-s-calounenim\u0022\u003EPlastov\u00e1 \u017eidle FILO s \u010daloun\u011bn\u00edm\u003C\/a\u003E\u003C\/h2\u003E\n    \u003C\/div\u003E\n    \u003Cdiv class=\u0022product-tile-item-params\u0022\u003E\n                                                                                        \u003Cdiv class=\u0022product-tile-item-params__item\u0022\u003E\n                                                    \u010daloun\u011bn\u00fd, plastov\u00fd\n                            \n                                            \u003C\/div\u003E\n                                                                                    \u003Cdiv class=\u0022product-tile-item-params__item\u0022\u003E\n                                                    \u010daloun\u011bn\u00fd, Plastov\u00fd\n                            \n                                            \u003C\/div\u003E\n                                                                                    \u003Cdiv class=\u0022product-tile-item-params__item\u0022\u003E\n                                                    kov\n                            \n                                            \u003C\/div\u003E\n                                                                                    \u003Cdiv class=\u0022product-tile-item-params__item\u0022\u003E\n                                                    NE\n                            \n                                            \u003C\/div\u003E\n                                                                                                                            \u003C\/div\u003E\n    \u003Cdiv class=\u0022product-tile-item-price-availability\u0022\u003E\n        \u003Cdiv class=\u0022product-tile-item-price-wrapper\u0022\u003E\n            \n\n        \u003Cdiv class=\u0022price-current\u0022\u003E3 676 K\u010d\u003C\/div\u003E\n    \u003Cdiv class=\u0022price-info\u0022\u003E3 038 K\u010d bez DPH\u003C\/div\u003E        \u003C\/div\u003E\n        \u003Cdiv class=\u0022product-tile-item-availability-wrapper\u0022\u003E\n            \u003Cdiv class=\u0022availability\u0022 style=\u0022color: #fb8908;\u0022\u003E\u003Cspan class=\u0022availability-icon icon-glass-hour\u0022\u003E\u003C\/span\u003E do 28 dn\u016f\u003C\/div\u003E        \u003C\/div\u003E\n        \u003Cdiv\u003E\n            \n    \n    \n\n\n        \u003C\/div\u003E\n    \u003C\/div\u003E\n\u003C\/div\u003E\n\u003Cdiv class=\u0022product-tile-item-extended-info\u0022\u003E\n\n            \u003Cdiv class=\u0022product-tile-item-description\u0022\u003E\n            \u003Cp\u003EModern\u00ed plastov\u00e1 \u017eidle FILO zaujme sv\u00fdmi hranat\u00fdmi tvary.\u003C\/p\u003E\n        \u003C\/div\u003E\n                \u003Cdiv class=\u0022product-tile-item-services\u0022\u003E\n        \u003Ca href=\u0022\/product\/favourite\/add\/143\u0022 class=\u0022service-item \u0022 data-product-favourite=\u0022143\u0022 data-method=\u0022POST\u0022\u003E\u003Cspan class=\u0022icon-heart\u0022\u003E\u003C\/span\u003E Obl\u00edben\u00e9\u003C\/a\u003E        \u003Cspan class=\u0022service-item\u0022\u003E\u003Cspan class=\u0022icon-chart\u0022\u003E\u003C\/span\u003E FILO s \u010daloun\u011bn\u00edm\u003C\/span\u003E\n    \u003C\/div\u003E\n    \n            \n    \u003Cdiv class=\u0022product-tile-item-action-wrapper\u0022\u003E\n        \u003Ca href=\u0022\/plastova-zidle-filo-s-calounenim\u0022 class=\u0022btn-tile\u0022\n           data-text-desktop=\u0022Detail produktu\u0022\n           data-text-mobile=\u0022Detail\u0022\u003E\u003C\/a\u003E\n                    \u003Ca href=\u0022\/plastova-zidle-filo-s-calounenim\u0022\n               class=\u0022btn-tile btn-icon-right\u0022\u003E\n                \u003Cspan class=\u0022icon-shopping-cart\u0022\u003E\u003C\/span\u003E\n                \u003Cspan class=\u0022btn-tile-text\u0022\u003EKoupit\u003C\/span\u003E\n            \u003C\/a\u003E\n            \u003C\/div\u003E\n    \u003C\/div\u003E        \u003C\/div\u003E\n                    \u003C\/div\u003E\n\u003C\/div\u003E            \u003Cdiv class=\u0022product-tile-item js-product-tile js-block-preloader\u0022 id=\u0022js-product-tile-183\u0022\u003E\n    \u003Cdiv class=\u0022product-tile-item-foreground js-product-tile-foreground\u0022\u003E\n        \u003Cdiv class=\u0022product-tile-item-info-wrapper\u0022 id=\u0022js-product-tile-183-info\u0022\u003E\n            \u003Cdiv class=\u0022product-tile-item-basic-info\u0022\u003E\n    \u003Cdiv class=\u0022product-tile-item-image-wrapper position-relative\u0022\u003E\n        \u003Cdiv class=\u0022product-tile-item-image\u0022\u003E\n                        \u003Ca href=\u0022\/plastova-zidle-s-podruckami-filo-s-calounenim-filo-calounena-s-podruckami\u0022\u003E\n                \u003Cpicture\u003E\n                    \u003Cimg\n                            src=\u0022\u0022\n                            data-src=\u0022https:\/\/www.kresla-zidle.cz\/temp\/product\/list\/img-p-3-9-0-7-3907.png\u0022\n                            alt=\u0022Plastov\u00e1 \u017eidle FILO s \u010daloun\u011bn\u00edm s podru\u010dkami\u0022\n                            class=\u0022img-fluid js-lazy-img\u0022\u003E\n                \u003C\/picture\u003E\n            \u003C\/a\u003E\n        \u003C\/div\u003E\n        \u003Cdiv class=\u0022product-tile-item-tags-wrapper\u0022\u003E\n    \u003Cdiv class=\u0022product-item-tags-left\u0022\u003E\n                                                    \u003C\/div\u003E\n    \u003Cdiv class=\u0022product-item-tags-right\u0022\u003E\n                                                                                \u003Cdiv class=\u0022product-tile-tags-manufacturer\u0022\u003E\n                \u003Ca href=\u0022\/alba\u0022\u003E\n                    \u003Cimg src=\u0022https:\/\/www.kresla-zidle.cz\/images\/manufacturer-front-tag\/11.png\u0022 alt=\u0022ALBA\u0022 class=\u0022img-fluid\u0022 loading=\u0022lazy\u0022\u003E\n                \u003C\/a\u003E\n            \u003C\/div\u003E\n            \u003C\/div\u003E\n\u003C\/div\u003E    \u003C\/div\u003E\n\n                \n    \u003Cdiv class=\u0022product-tile-item-heading-info\u0022\u003E\n        \u003Cdiv class=\u0022product-tile-category\u0022\u003EKonferen\u010dn\u00ed \u017eidle\u003C\/div\u003E        \u003Ch2 class=\u0022product-tile-heading\u0022\u003E\u003Ca href=\u0022\/plastova-zidle-s-podruckami-filo-s-calounenim-filo-calounena-s-podruckami\u0022\u003EPlastov\u00e1 \u017eidle s podru\u010dkami FILO s \u010daloun\u011bn\u00edm\u003C\/a\u003E\u003C\/h2\u003E\n    \u003C\/div\u003E\n    \u003Cdiv class=\u0022product-tile-item-params\u0022\u003E\n                                                                                        \u003Cdiv class=\u0022product-tile-item-params__item\u0022\u003E\n                                                    \u010daloun\u011bn\u00fd, plastov\u00fd\n                            \n                                            \u003C\/div\u003E\n                                                                                    \u003Cdiv class=\u0022product-tile-item-params__item\u0022\u003E\n                                                    \u010daloun\u011bn\u00fd, Plastov\u00fd\n                            \n                                            \u003C\/div\u003E\n                                                                                    \u003Cdiv class=\u0022product-tile-item-params__item\u0022\u003E\n                                                    kov\n                            \n                                            \u003C\/div\u003E\n                                                                                    \u003Cdiv class=\u0022product-tile-item-params__item\u0022\u003E\n                                                    ANO\n                            \n                                            \u003C\/div\u003E\n                                                                                                                            \u003C\/div\u003E\n    \u003Cdiv class=\u0022product-tile-item-price-availability\u0022\u003E\n        \u003Cdiv class=\u0022product-tile-item-price-wrapper\u0022\u003E\n            \n\n        \u003Cdiv class=\u0022price-current\u0022\u003E4 342 K\u010d\u003C\/div\u003E\n    \u003Cdiv class=\u0022price-info\u0022\u003E3 588 K\u010d bez DPH\u003C\/div\u003E        \u003C\/div\u003E\n        \u003Cdiv class=\u0022product-tile-item-availability-wrapper\u0022\u003E\n            \u003Cdiv class=\u0022availability\u0022 style=\u0022color: #fb8908;\u0022\u003E\u003Cspan class=\u0022availability-icon icon-glass-hour\u0022\u003E\u003C\/span\u003E do 28 dn\u016f\u003C\/div\u003E        \u003C\/div\u003E\n        \u003Cdiv\u003E\n            \n    \n    \n\n\n        \u003C\/div\u003E\n    \u003C\/div\u003E\n\u003C\/div\u003E\n\u003Cdiv class=\u0022product-tile-item-extended-info\u0022\u003E\n\n            \u003Cdiv class=\u0022product-tile-item-description\u0022\u003E\n            \u003Cp\u003EModern\u00ed plastov\u00e1 \u017eidle FILO s podru\u010dkami.\u003C\/p\u003E\n        \u003C\/div\u003E\n                \u003Cdiv class=\u0022product-tile-item-services\u0022\u003E\n        \u003Ca href=\u0022\/product\/favourite\/add\/183\u0022 class=\u0022service-item \u0022 data-product-favourite=\u0022183\u0022 data-method=\u0022POST\u0022\u003E\u003Cspan class=\u0022icon-heart\u0022\u003E\u003C\/span\u003E Obl\u00edben\u00e9\u003C\/a\u003E        \u003Cspan class=\u0022service-item\u0022\u003E\u003Cspan class=\u0022icon-chart\u0022\u003E\u003C\/span\u003E FILO \u010daloun\u011bn\u00e1 s podru\u010dkami\u003C\/span\u003E\n    \u003C\/div\u003E\n    \n            \n    \u003Cdiv class=\u0022product-tile-item-action-wrapper\u0022\u003E\n        \u003Ca href=\u0022\/plastova-zidle-s-podruckami-filo-s-calounenim-filo-calounena-s-podruckami\u0022 class=\u0022btn-tile\u0022\n           data-text-desktop=\u0022Detail produktu\u0022\n           data-text-mobile=\u0022Detail\u0022\u003E\u003C\/a\u003E\n                    \u003Ca href=\u0022\/plastova-zidle-s-podruckami-filo-s-calounenim-filo-calounena-s-podruckami\u0022\n               class=\u0022btn-tile btn-icon-right\u0022\u003E\n                \u003Cspan class=\u0022icon-shopping-cart\u0022\u003E\u003C\/span\u003E\n                \u003Cspan class=\u0022btn-tile-text\u0022\u003EKoupit\u003C\/span\u003E\n            \u003C\/a\u003E\n            \u003C\/div\u003E\n    \u003C\/div\u003E        \u003C\/div\u003E\n                    \u003C\/div\u003E\n\u003C\/div\u003E            \u003Cdiv class=\u0022product-tile-item js-product-tile js-block-preloader\u0022 id=\u0022js-product-tile-224\u0022\u003E\n    \u003Cdiv class=\u0022product-tile-item-foreground js-product-tile-foreground\u0022\u003E\n        \u003Cdiv class=\u0022product-tile-item-info-wrapper\u0022 id=\u0022js-product-tile-224-info\u0022\u003E\n            \u003Cdiv class=\u0022product-tile-item-basic-info\u0022\u003E\n    \u003Cdiv class=\u0022product-tile-item-image-wrapper position-relative\u0022\u003E\n        \u003Cdiv class=\u0022product-tile-item-image\u0022\u003E\n                        \u003Ca href=\u0022\/calounena-zidle-wendy-wendy-calounena\u0022\u003E\n                \u003Cpicture\u003E\n                    \u003Cimg\n                            src=\u0022\u0022\n                            data-src=\u0022https:\/\/www.kresla-zidle.cz\/temp\/product\/list\/wendy-seda.png\u0022\n                            alt=\u0022Konferen\u010dn\u00ed \u017eidle WENDY\u0022\n                            class=\u0022img-fluid js-lazy-img\u0022\u003E\n                \u003C\/picture\u003E\n            \u003C\/a\u003E\n        \u003C\/div\u003E\n        \u003Cdiv class=\u0022product-tile-item-tags-wrapper\u0022\u003E\n    \u003Cdiv class=\u0022product-item-tags-left\u0022\u003E\n                                                    \u003C\/div\u003E\n    \u003Cdiv class=\u0022product-item-tags-right\u0022\u003E\n                                                                                \u003Cdiv class=\u0022product-tile-tags-manufacturer\u0022\u003E\n                \u003Ca href=\u0022\/alba\u0022\u003E\n                    \u003Cimg src=\u0022https:\/\/www.kresla-zidle.cz\/images\/manufacturer-front-tag\/11.png\u0022 alt=\u0022ALBA\u0022 class=\u0022img-fluid\u0022 loading=\u0022lazy\u0022\u003E\n                \u003C\/a\u003E\n            \u003C\/div\u003E\n            \u003C\/div\u003E\n\u003C\/div\u003E    \u003C\/div\u003E\n\n                \n    \u003Cdiv class=\u0022product-tile-item-heading-info\u0022\u003E\n        \u003Cdiv class=\u0022product-tile-category\u0022\u003EKancel\u00e1\u0159\u003C\/div\u003E        \u003Ch2 class=\u0022product-tile-heading\u0022\u003E\u003Ca href=\u0022\/calounena-zidle-wendy-wendy-calounena\u0022\u003E\u010caloun\u011bn\u00e1 \u017eidle WENDY\u003C\/a\u003E\u003C\/h2\u003E\n    \u003C\/div\u003E\n    \u003Cdiv class=\u0022product-tile-item-params\u0022\u003E\n                                                                                        \u003Cdiv class=\u0022product-tile-item-params__item\u0022\u003E\n                                                    \u010daloun\u011bn\u00fd\n                            \n                                            \u003C\/div\u003E\n                                                                                    \u003Cdiv class=\u0022product-tile-item-params__item\u0022\u003E\n                                                    \u010daloun\u011bn\u00fd\n                            \n                                            \u003C\/div\u003E\n                                                                                    \u003Cdiv class=\u0022product-tile-item-params__item\u0022\u003E\n                                                    kov\n                            \n                                            \u003C\/div\u003E\n                                                                                    \u003Cdiv class=\u0022product-tile-item-params__item\u0022\u003E\n                                                    ANO, NE\n                            \n                                            \u003C\/div\u003E\n                                                                                                                            \u003C\/div\u003E\n    \u003Cdiv class=\u0022product-tile-item-price-availability\u0022\u003E\n        \u003Cdiv class=\u0022product-tile-item-price-wrapper\u0022\u003E\n            \n\n        \u003Cdiv class=\u0022price-current\u0022\u003E2 068 K\u010d\u003C\/div\u003E\n    \u003Cdiv class=\u0022price-info\u0022\u003E1 709 K\u010d bez DPH\u003C\/div\u003E        \u003C\/div\u003E\n        \u003Cdiv class=\u0022product-tile-item-availability-wrapper\u0022\u003E\n            \u003Cdiv class=\u0022availability\u0022 style=\u0022color: #fb8908;\u0022\u003E\u003Cspan class=\u0022availability-icon icon-glass-hour\u0022\u003E\u003C\/span\u003E do 28 dn\u016f\u003C\/div\u003E        \u003C\/div\u003E\n        \u003Cdiv\u003E\n            \n    \n    \n\n\n        \u003C\/div\u003E\n    \u003C\/div\u003E\n\u003C\/div\u003E\n\u003Cdiv class=\u0022product-tile-item-extended-info\u0022\u003E\n\n            \u003Cdiv class=\u0022product-tile-item-description\u0022\u003E\n            \u003Cp\u003EKonferen\u010dn\u00ed \u017eidle s \u010daloun\u011bn\u00fdm sed\u00e1kem a op\u011br\u00e1kem\u003C\/p\u003E\n        \u003C\/div\u003E\n                \u003Cdiv class=\u0022product-tile-item-services\u0022\u003E\n        \u003Ca href=\u0022\/product\/favourite\/add\/224\u0022 class=\u0022service-item \u0022 data-product-favourite=\u0022224\u0022 data-method=\u0022POST\u0022\u003E\u003Cspan class=\u0022icon-heart\u0022\u003E\u003C\/span\u003E Obl\u00edben\u00e9\u003C\/a\u003E        \u003Cspan class=\u0022service-item\u0022\u003E\u003Cspan class=\u0022icon-chart\u0022\u003E\u003C\/span\u003E WENDY \u010daloun\u011bn\u00e1\u003C\/span\u003E\n    \u003C\/div\u003E\n    \n            \n    \u003Cdiv class=\u0022product-tile-item-action-wrapper\u0022\u003E\n        \u003Ca href=\u0022\/calounena-zidle-wendy-wendy-calounena\u0022 class=\u0022btn-tile\u0022\n           data-text-desktop=\u0022Detail produktu\u0022\n           data-text-mobile=\u0022Detail\u0022\u003E\u003C\/a\u003E\n                    \u003Ca href=\u0022\/calounena-zidle-wendy-wendy-calounena\u0022\n               class=\u0022btn-tile btn-icon-right\u0022\u003E\n                \u003Cspan class=\u0022icon-shopping-cart\u0022\u003E\u003C\/span\u003E\n                \u003Cspan class=\u0022btn-tile-text\u0022\u003EKoupit\u003C\/span\u003E\n            \u003C\/a\u003E\n            \u003C\/div\u003E\n    \u003C\/div\u003E        \u003C\/div\u003E\n                    \u003C\/div\u003E\n\u003C\/div\u003E            \u003Cdiv class=\u0022product-tile-item js-product-tile js-block-preloader\u0022 id=\u0022js-product-tile-225\u0022\u003E\n    \u003Cdiv class=\u0022product-tile-item-foreground js-product-tile-foreground\u0022\u003E\n        \u003Cdiv class=\u0022product-tile-item-info-wrapper\u0022 id=\u0022js-product-tile-225-info\u0022\u003E\n            \u003Cdiv class=\u0022product-tile-item-basic-info\u0022\u003E\n    \u003Cdiv class=\u0022product-tile-item-image-wrapper position-relative\u0022\u003E\n        \u003Cdiv class=\u0022product-tile-item-image\u0022\u003E\n                        \u003Ca href=\u0022\/calounena-zidle-wendy-sitovana\u0022\u003E\n                \u003Cpicture\u003E\n                    \u003Cimg\n                            src=\u0022\u0022\n                            data-src=\u0022https:\/\/www.kresla-zidle.cz\/temp\/product\/list\/img-p-4-0-9-7-4097.png\u0022\n                            alt=\u0022Konferen\u010dn\u00ed \u017eidle WENDY s\u00ed\u0165ovan\u00e1 - 4 nohy\u0022\n                            class=\u0022img-fluid js-lazy-img\u0022\u003E\n                \u003C\/picture\u003E\n            \u003C\/a\u003E\n        \u003C\/div\u003E\n        \u003Cdiv class=\u0022product-tile-item-tags-wrapper\u0022\u003E\n    \u003Cdiv class=\u0022product-item-tags-left\u0022\u003E\n                                                    \u003C\/div\u003E\n    \u003Cdiv class=\u0022product-item-tags-right\u0022\u003E\n                                                                                \u003Cdiv class=\u0022product-tile-tags-manufacturer\u0022\u003E\n                \u003Ca href=\u0022\/alba\u0022\u003E\n                    \u003Cimg src=\u0022https:\/\/www.kresla-zidle.cz\/images\/manufacturer-front-tag\/11.png\u0022 alt=\u0022ALBA\u0022 class=\u0022img-fluid\u0022 loading=\u0022lazy\u0022\u003E\n                \u003C\/a\u003E\n            \u003C\/div\u003E\n            \u003C\/div\u003E\n\u003C\/div\u003E    \u003C\/div\u003E\n\n                \n    \u003Cdiv class=\u0022product-tile-item-heading-info\u0022\u003E\n        \u003Cdiv class=\u0022product-tile-category\u0022\u003EKancel\u00e1\u0159\u003C\/div\u003E        \u003Ch2 class=\u0022product-tile-heading\u0022\u003E\u003Ca href=\u0022\/calounena-zidle-wendy-sitovana\u0022\u003E\u010caloun\u011bn\u00e1 \u017eidle WENDY s\u00ed\u0165ovan\u00e1\u003C\/a\u003E\u003C\/h2\u003E\n    \u003C\/div\u003E\n    \u003Cdiv class=\u0022product-tile-item-params\u0022\u003E\n                                                                                        \u003Cdiv class=\u0022product-tile-item-params__item\u0022\u003E\n                                                    S\u00ed\u0165ovina\n                            \n                                            \u003C\/div\u003E\n                                                                                    \u003Cdiv class=\u0022product-tile-item-params__item\u0022\u003E\n                                                    \u010daloun\u011bn\u00fd\n                            \n                                            \u003C\/div\u003E\n                                                                                    \u003Cdiv class=\u0022product-tile-item-params__item\u0022\u003E\n                                                    kov\n                            \n                                            \u003C\/div\u003E\n                                                                                    \u003Cdiv class=\u0022product-tile-item-params__item\u0022\u003E\n                                                    ANO, NE\n                            \n                                            \u003C\/div\u003E\n                                                                                                                            \u003C\/div\u003E\n    \u003Cdiv class=\u0022product-tile-item-price-availability\u0022\u003E\n        \u003Cdiv class=\u0022product-tile-item-price-wrapper\u0022\u003E\n            \n\n        \u003Cdiv class=\u0022price-current\u0022\u003E2 442 K\u010d\u003C\/div\u003E\n    \u003Cdiv class=\u0022price-info\u0022\u003E2 018 K\u010d bez DPH\u003C\/div\u003E        \u003C\/div\u003E\n        \u003Cdiv class=\u0022product-tile-item-availability-wrapper\u0022\u003E\n            \u003Cdiv class=\u0022availability\u0022 style=\u0022color: #fb8908;\u0022\u003E\u003Cspan class=\u0022availability-icon icon-glass-hour\u0022\u003E\u003C\/span\u003E do 28 dn\u016f\u003C\/div\u003E        \u003C\/div\u003E\n        \u003Cdiv\u003E\n            \n    \n    \n\n\n        \u003C\/div\u003E\n    \u003C\/div\u003E\n\u003C\/div\u003E\n\u003Cdiv class=\u0022product-tile-item-extended-info\u0022\u003E\n\n            \u003Cdiv class=\u0022product-tile-item-description\u0022\u003E\n            \u003Cp\u003EKonferen\u010dn\u00ed \u017eidle s \u010daloun\u011bn\u00fdm sed\u00e1kem a \u010dern\u00fdm s\u00ed\u0165ovan\u00fdm op\u011br\u00e1kem.\u003C\/p\u003E\n        \u003C\/div\u003E\n                \u003Cdiv class=\u0022product-tile-item-services\u0022\u003E\n        \u003Ca href=\u0022\/product\/favourite\/add\/225\u0022 class=\u0022service-item \u0022 data-product-favourite=\u0022225\u0022 data-method=\u0022POST\u0022\u003E\u003Cspan class=\u0022icon-heart\u0022\u003E\u003C\/span\u003E Obl\u00edben\u00e9\u003C\/a\u003E        \u003Cspan class=\u0022service-item\u0022\u003E\u003Cspan class=\u0022icon-chart\u0022\u003E\u003C\/span\u003E WENDY s\u00ed\u0165ovan\u00e1\u003C\/span\u003E\n    \u003C\/div\u003E\n    \n            \n    \u003Cdiv class=\u0022product-tile-item-action-wrapper\u0022\u003E\n        \u003Ca href=\u0022\/calounena-zidle-wendy-sitovana\u0022 class=\u0022btn-tile\u0022\n           data-text-desktop=\u0022Detail produktu\u0022\n           data-text-mobile=\u0022Detail\u0022\u003E\u003C\/a\u003E\n                    \u003Ca href=\u0022\/calounena-zidle-wendy-sitovana\u0022\n               class=\u0022btn-tile btn-icon-right\u0022\u003E\n                \u003Cspan class=\u0022icon-shopping-cart\u0022\u003E\u003C\/span\u003E\n                \u003Cspan class=\u0022btn-tile-text\u0022\u003EKoupit\u003C\/span\u003E\n            \u003C\/a\u003E\n            \u003C\/div\u003E\n    \u003C\/div\u003E        \u003C\/div\u003E\n                    \u003C\/div\u003E\n\u003C\/div\u003E            \u003Cdiv class=\u0022product-tile-item js-product-tile js-block-preloader\u0022 id=\u0022js-product-tile-232\u0022\u003E\n    \u003Cdiv class=\u0022product-tile-item-foreground js-product-tile-foreground\u0022\u003E\n        \u003Cdiv class=\u0022product-tile-item-info-wrapper\u0022 id=\u0022js-product-tile-232-info\u0022\u003E\n            \u003Cdiv class=\u0022product-tile-item-basic-info\u0022\u003E\n    \u003Cdiv class=\u0022product-tile-item-image-wrapper position-relative\u0022\u003E\n        \u003Cdiv class=\u0022product-tile-item-image\u0022\u003E\n                        \u003Ca href=\u0022\/konferencni-zidle-square-calounena-cerny-plast-square-cerny-plast\u0022\u003E\n                \u003Cpicture\u003E\n                    \u003Cimg\n                            src=\u0022\u0022\n                            data-src=\u0022https:\/\/www.kresla-zidle.cz\/temp\/product\/list\/img-p-4-2-3-2-4232.png\u0022\n                            alt=\u0022Konferen\u010dn\u00ed \u017eidle SQUARE\u0022\n                            class=\u0022img-fluid js-lazy-img\u0022\u003E\n                \u003C\/picture\u003E\n            \u003C\/a\u003E\n        \u003C\/div\u003E\n        \u003Cdiv class=\u0022product-tile-item-tags-wrapper\u0022\u003E\n    \u003Cdiv class=\u0022product-item-tags-left\u0022\u003E\n                                                    \u003C\/div\u003E\n    \u003Cdiv class=\u0022product-item-tags-right\u0022\u003E\n                                                                                \u003Cdiv class=\u0022product-tile-tags-manufacturer\u0022\u003E\n                \u003Ca href=\u0022\/alba\u0022\u003E\n                    \u003Cimg src=\u0022https:\/\/www.kresla-zidle.cz\/images\/manufacturer-front-tag\/11.png\u0022 alt=\u0022ALBA\u0022 class=\u0022img-fluid\u0022 loading=\u0022lazy\u0022\u003E\n                \u003C\/a\u003E\n            \u003C\/div\u003E\n            \u003C\/div\u003E\n\u003C\/div\u003E    \u003C\/div\u003E\n\n                \n    \u003Cdiv class=\u0022product-tile-item-heading-info\u0022\u003E\n        \u003Cdiv class=\u0022product-tile-category\u0022\u003EKancel\u00e1\u0159\u003C\/div\u003E        \u003Ch2 class=\u0022product-tile-heading\u0022\u003E\u003Ca href=\u0022\/konferencni-zidle-square-calounena-cerny-plast-square-cerny-plast\u0022\u003EKonferen\u010dn\u00ed \u017eidle SQUARE \u010daloun\u011bn\u00e1\/\u010dern\u00fd plast\u003C\/a\u003E\u003C\/h2\u003E\n    \u003C\/div\u003E\n    \u003Cdiv class=\u0022product-tile-item-params\u0022\u003E\n                                                                                        \u003Cdiv class=\u0022product-tile-item-params__item\u0022\u003E\n                                                    \u010daloun\u011bn\u00fd\n                            \n                                            \u003C\/div\u003E\n                                                                                    \u003Cdiv class=\u0022product-tile-item-params__item\u0022\u003E\n                                                    \u010daloun\u011bn\u00fd\n                            \n                                            \u003C\/div\u003E\n                                                                                    \u003Cdiv class=\u0022product-tile-item-params__item\u0022\u003E\n                                                    kov\n                            \n                                            \u003C\/div\u003E\n                                                                                    \u003Cdiv class=\u0022product-tile-item-params__item\u0022\u003E\n                                                    ANO, NE\n                            \n                                            \u003C\/div\u003E\n                                                                                                                            \u003C\/div\u003E\n    \u003Cdiv class=\u0022product-tile-item-price-availability\u0022\u003E\n        \u003Cdiv class=\u0022product-tile-item-price-wrapper\u0022\u003E\n            \n\n        \u003Cdiv class=\u0022price-current\u0022\u003E3 226 K\u010d\u003C\/div\u003E\n    \u003Cdiv class=\u0022price-info\u0022\u003E2 666 K\u010d bez DPH\u003C\/div\u003E        \u003C\/div\u003E\n        \u003Cdiv class=\u0022product-tile-item-availability-wrapper\u0022\u003E\n            \u003Cdiv class=\u0022availability\u0022 style=\u0022color: #fb8908;\u0022\u003E\u003Cspan class=\u0022availability-icon icon-glass-hour\u0022\u003E\u003C\/span\u003E do 28 dn\u016f\u003C\/div\u003E        \u003C\/div\u003E\n        \u003Cdiv\u003E\n            \n    \n    \n\n\n        \u003C\/div\u003E\n    \u003C\/div\u003E\n\u003C\/div\u003E\n\u003Cdiv class=\u0022product-tile-item-extended-info\u0022\u003E\n\n            \u003Cdiv class=\u0022product-tile-item-description\u0022\u003E\n            \u003Cp\u003EStabiln\u00ed konferen\u010dn\u00ed \u017eidle v modern\u00edm designu.\u003C\/p\u003E\n        \u003C\/div\u003E\n                \u003Cdiv class=\u0022product-tile-item-services\u0022\u003E\n        \u003Ca href=\u0022\/product\/favourite\/add\/232\u0022 class=\u0022service-item \u0022 data-product-favourite=\u0022232\u0022 data-method=\u0022POST\u0022\u003E\u003Cspan class=\u0022icon-heart\u0022\u003E\u003C\/span\u003E Obl\u00edben\u00e9\u003C\/a\u003E        \u003Cspan class=\u0022service-item\u0022\u003E\u003Cspan class=\u0022icon-chart\u0022\u003E\u003C\/span\u003E SQUARE \u010dern\u00fd plast\u003C\/span\u003E\n    \u003C\/div\u003E\n    \n            \n    \u003Cdiv class=\u0022product-tile-item-action-wrapper\u0022\u003E\n        \u003Ca href=\u0022\/konferencni-zidle-square-calounena-cerny-plast-square-cerny-plast\u0022 class=\u0022btn-tile\u0022\n           data-text-desktop=\u0022Detail produktu\u0022\n           data-text-mobile=\u0022Detail\u0022\u003E\u003C\/a\u003E\n                    \u003Ca href=\u0022\/konferencni-zidle-square-calounena-cerny-plast-square-cerny-plast\u0022\n               class=\u0022btn-tile btn-icon-right\u0022\u003E\n                \u003Cspan class=\u0022icon-shopping-cart\u0022\u003E\u003C\/span\u003E\n                \u003Cspan class=\u0022btn-tile-text\u0022\u003EKoupit\u003C\/span\u003E\n            \u003C\/a\u003E\n            \u003C\/div\u003E\n    \u003C\/div\u003E        \u003C\/div\u003E\n                    \u003C\/div\u003E\n\u003C\/div\u003E            \u003Cdiv class=\u0022product-tile-item js-product-tile js-block-preloader\u0022 id=\u0022js-product-tile-233\u0022\u003E\n    \u003Cdiv class=\u0022product-tile-item-foreground js-product-tile-foreground\u0022\u003E\n        \u003Cdiv class=\u0022product-tile-item-info-wrapper\u0022 id=\u0022js-product-tile-233-info\u0022\u003E\n            \u003Cdiv class=\u0022product-tile-item-basic-info\u0022\u003E\n    \u003Cdiv class=\u0022product-tile-item-image-wrapper position-relative\u0022\u003E\n        \u003Cdiv class=\u0022product-tile-item-image\u0022\u003E\n                        \u003Ca href=\u0022\/konferencni-zidle-square-drevena\u0022\u003E\n                \u003Cpicture\u003E\n                    \u003Cimg\n                            src=\u0022\u0022\n                            data-src=\u0022https:\/\/www.kresla-zidle.cz\/temp\/product\/list\/img-p-4-2-3-6-4236.png\u0022\n                            alt=\u0022Konferen\u010dn\u00ed \u017eidle SQUARE d\u0159ev\u011bn\u00e1\u0022\n                            class=\u0022img-fluid js-lazy-img\u0022\u003E\n                \u003C\/picture\u003E\n            \u003C\/a\u003E\n        \u003C\/div\u003E\n        \u003Cdiv class=\u0022product-tile-item-tags-wrapper\u0022\u003E\n    \u003Cdiv class=\u0022product-item-tags-left\u0022\u003E\n                                                    \u003C\/div\u003E\n    \u003Cdiv class=\u0022product-item-tags-right\u0022\u003E\n                                                                                \u003Cdiv class=\u0022product-tile-tags-manufacturer\u0022\u003E\n                \u003Ca href=\u0022\/alba\u0022\u003E\n                    \u003Cimg src=\u0022https:\/\/www.kresla-zidle.cz\/images\/manufacturer-front-tag\/11.png\u0022 alt=\u0022ALBA\u0022 class=\u0022img-fluid\u0022 loading=\u0022lazy\u0022\u003E\n                \u003C\/a\u003E\n            \u003C\/div\u003E\n            \u003C\/div\u003E\n\u003C\/div\u003E    \u003C\/div\u003E\n\n                \n    \u003Cdiv class=\u0022product-tile-item-heading-info\u0022\u003E\n        \u003Cdiv class=\u0022product-tile-category\u0022\u003EJ\u00eddelna a restaurace\u003C\/div\u003E        \u003Ch2 class=\u0022product-tile-heading\u0022\u003E\u003Ca href=\u0022\/konferencni-zidle-square-drevena\u0022\u003EKonferen\u010dn\u00ed \u017eidle SQUARE d\u0159ev\u011bn\u00e1\u003C\/a\u003E\u003C\/h2\u003E\n    \u003C\/div\u003E\n    \u003Cdiv class=\u0022product-tile-item-params\u0022\u003E\n                                                                                        \u003Cdiv class=\u0022product-tile-item-params__item\u0022\u003E\n                                                    D\u0159ev\u011bn\u00fd\n                            \n                                            \u003C\/div\u003E\n                                                                                    \u003Cdiv class=\u0022product-tile-item-params__item\u0022\u003E\n                                                    D\u0159ev\u011bn\u00fd\n                            \n                                            \u003C\/div\u003E\n                                                                                    \u003Cdiv class=\u0022product-tile-item-params__item\u0022\u003E\n                                                    kov\n                            \n                                            \u003C\/div\u003E\n                                                                                    \u003Cdiv class=\u0022product-tile-item-params__item\u0022\u003E\n                                                    ANO, NE\n                            \n                                            \u003C\/div\u003E\n                                                                                                                            \u003C\/div\u003E\n    \u003Cdiv class=\u0022product-tile-item-price-availability\u0022\u003E\n        \u003Cdiv class=\u0022product-tile-item-price-wrapper\u0022\u003E\n            \n\n        \u003Cdiv class=\u0022price-current\u0022\u003E4 462 K\u010d\u003C\/div\u003E\n    \u003Cdiv class=\u0022price-info\u0022\u003E3 687 K\u010d bez DPH\u003C\/div\u003E        \u003C\/div\u003E\n        \u003Cdiv class=\u0022product-tile-item-availability-wrapper\u0022\u003E\n            \u003Cdiv class=\u0022availability\u0022 style=\u0022color: #fb8908;\u0022\u003E\u003Cspan class=\u0022availability-icon icon-glass-hour\u0022\u003E\u003C\/span\u003E do 28 dn\u016f\u003C\/div\u003E        \u003C\/div\u003E\n        \u003Cdiv\u003E\n            \n    \n    \n\n\n        \u003C\/div\u003E\n    \u003C\/div\u003E\n\u003C\/div\u003E\n\u003Cdiv class=\u0022product-tile-item-extended-info\u0022\u003E\n\n            \u003Cdiv class=\u0022product-tile-item-description\u0022\u003E\n            \u003Cp\u003EKvalitn\u00ed konferen\u010dn \u017eidle SQUARE\u00a0s d\u0159ev\u011bn\u00fdm sed\u00e1kem a op\u011br\u00e1kem\u003C\/p\u003E\n        \u003C\/div\u003E\n                \u003Cdiv class=\u0022product-tile-item-services\u0022\u003E\n        \u003Ca href=\u0022\/product\/favourite\/add\/233\u0022 class=\u0022service-item \u0022 data-product-favourite=\u0022233\u0022 data-method=\u0022POST\u0022\u003E\u003Cspan class=\u0022icon-heart\u0022\u003E\u003C\/span\u003E Obl\u00edben\u00e9\u003C\/a\u003E        \u003Cspan class=\u0022service-item\u0022\u003E\u003Cspan class=\u0022icon-chart\u0022\u003E\u003C\/span\u003E SQUARE d\u0159ev\u011bn\u00e1\u003C\/span\u003E\n    \u003C\/div\u003E\n    \n            \n    \u003Cdiv class=\u0022product-tile-item-action-wrapper\u0022\u003E\n        \u003Ca href=\u0022\/konferencni-zidle-square-drevena\u0022 class=\u0022btn-tile\u0022\n           data-text-desktop=\u0022Detail produktu\u0022\n           data-text-mobile=\u0022Detail\u0022\u003E\u003C\/a\u003E\n                    \u003Ca href=\u0022\/konferencni-zidle-square-drevena\u0022\n               class=\u0022btn-tile btn-icon-right\u0022\u003E\n                \u003Cspan class=\u0022icon-shopping-cart\u0022\u003E\u003C\/span\u003E\n                \u003Cspan class=\u0022btn-tile-text\u0022\u003EKoupit\u003C\/span\u003E\n            \u003C\/a\u003E\n            \u003C\/div\u003E\n    \u003C\/div\u003E        \u003C\/div\u003E\n                    \u003C\/div\u003E\n\u003C\/div\u003E            \u003Cdiv class=\u0022product-tile-item js-product-tile js-block-preloader\u0022 id=\u0022js-product-tile-234\u0022\u003E\n    \u003Cdiv class=\u0022product-tile-item-foreground js-product-tile-foreground\u0022\u003E\n        \u003Cdiv class=\u0022product-tile-item-info-wrapper\u0022 id=\u0022js-product-tile-234-info\u0022\u003E\n            \u003Cdiv class=\u0022product-tile-item-basic-info\u0022\u003E\n    \u003Cdiv class=\u0022product-tile-item-image-wrapper position-relative\u0022\u003E\n        \u003Cdiv class=\u0022product-tile-item-image\u0022\u003E\n                        \u003Ca href=\u0022\/konferencni-zidle-square-plastova\u0022\u003E\n                \u003Cpicture\u003E\n                    \u003Cimg\n                            src=\u0022\u0022\n                            data-src=\u0022https:\/\/www.kresla-zidle.cz\/temp\/product\/list\/img-p-4-2-5-2-4252.png\u0022\n                            alt=\u0022Konferen\u010dn\u00ed \u017eidle SQUARE plastov\u00e1\u0022\n                            class=\u0022img-fluid js-lazy-img\u0022\u003E\n                \u003C\/picture\u003E\n            \u003C\/a\u003E\n        \u003C\/div\u003E\n        \u003Cdiv class=\u0022product-tile-item-tags-wrapper\u0022\u003E\n    \u003Cdiv class=\u0022product-item-tags-left\u0022\u003E\n                                                    \u003C\/div\u003E\n    \u003Cdiv class=\u0022product-item-tags-right\u0022\u003E\n                                                                                \u003Cdiv class=\u0022product-tile-tags-manufacturer\u0022\u003E\n                \u003Ca href=\u0022\/alba\u0022\u003E\n                    \u003Cimg src=\u0022https:\/\/www.kresla-zidle.cz\/images\/manufacturer-front-tag\/11.png\u0022 alt=\u0022ALBA\u0022 class=\u0022img-fluid\u0022 loading=\u0022lazy\u0022\u003E\n                \u003C\/a\u003E\n            \u003C\/div\u003E\n            \u003C\/div\u003E\n\u003C\/div\u003E    \u003C\/div\u003E\n\n                \n    \u003Cdiv class=\u0022product-tile-item-heading-info\u0022\u003E\n        \u003Cdiv class=\u0022product-tile-category\u0022\u003EKancel\u00e1\u0159\u003C\/div\u003E        \u003Ch2 class=\u0022product-tile-heading\u0022\u003E\u003Ca href=\u0022\/konferencni-zidle-square-plastova\u0022\u003EKonferen\u010dn\u00ed \u017eidle SQUARE plastov\u00e1\u003C\/a\u003E\u003C\/h2\u003E\n    \u003C\/div\u003E\n    \u003Cdiv class=\u0022product-tile-item-params\u0022\u003E\n                                                                                        \u003Cdiv class=\u0022product-tile-item-params__item\u0022\u003E\n                                                    plastov\u00fd\n                            \n                                            \u003C\/div\u003E\n                                                                                    \u003Cdiv class=\u0022product-tile-item-params__item\u0022\u003E\n                                                    Plastov\u00fd\n                            \n                                            \u003C\/div\u003E\n                                                                                    \u003Cdiv class=\u0022product-tile-item-params__item\u0022\u003E\n                                                    kov\n                            \n                                            \u003C\/div\u003E\n                                                                                    \u003Cdiv class=\u0022product-tile-item-params__item\u0022\u003E\n                                                    ANO, NE\n                            \n                                            \u003C\/div\u003E\n                                                                                                                            \u003C\/div\u003E\n    \u003Cdiv class=\u0022product-tile-item-price-availability\u0022\u003E\n        \u003Cdiv class=\u0022product-tile-item-price-wrapper\u0022\u003E\n            \n\n        \u003Cdiv class=\u0022price-current\u0022\u003E2 641 K\u010d\u003C\/div\u003E\n    \u003Cdiv class=\u0022price-info\u0022\u003E2 182 K\u010d bez DPH\u003C\/div\u003E        \u003C\/div\u003E\n        \u003Cdiv class=\u0022product-tile-item-availability-wrapper\u0022\u003E\n            \u003Cdiv class=\u0022availability\u0022 style=\u0022color: #fb8908;\u0022\u003E\u003Cspan class=\u0022availability-icon icon-glass-hour\u0022\u003E\u003C\/span\u003E do 28 dn\u016f\u003C\/div\u003E        \u003C\/div\u003E\n        \u003Cdiv\u003E\n            \n    \n    \n\n\n        \u003C\/div\u003E\n    \u003C\/div\u003E\n\u003C\/div\u003E\n\u003Cdiv class=\u0022product-tile-item-extended-info\u0022\u003E\n\n            \u003Cdiv class=\u0022product-tile-item-description\u0022\u003E\n            \u003Cp\u003EPraktick\u00e1 konferen\u010dn\u00ed \u017eidle s\u00a0plastov\u00fdm sed\u00e1kem a op\u011br\u00e1kem\u003C\/p\u003E\n        \u003C\/div\u003E\n                \u003Cdiv class=\u0022product-tile-item-services\u0022\u003E\n        \u003Ca href=\u0022\/product\/favourite\/add\/234\u0022 class=\u0022service-item \u0022 data-product-favourite=\u0022234\u0022 data-method=\u0022POST\u0022\u003E\u003Cspan class=\u0022icon-heart\u0022\u003E\u003C\/span\u003E Obl\u00edben\u00e9\u003C\/a\u003E        \u003Cspan class=\u0022service-item\u0022\u003E\u003Cspan class=\u0022icon-chart\u0022\u003E\u003C\/span\u003E SQUARE plastov\u00e1\u003C\/span\u003E\n    \u003C\/div\u003E\n    \n            \n    \u003Cdiv class=\u0022product-tile-item-action-wrapper\u0022\u003E\n        \u003Ca href=\u0022\/konferencni-zidle-square-plastova\u0022 class=\u0022btn-tile\u0022\n           data-text-desktop=\u0022Detail produktu\u0022\n           data-text-mobile=\u0022Detail\u0022\u003E\u003C\/a\u003E\n                    \u003Ca href=\u0022\/konferencni-zidle-square-plastova\u0022\n               class=\u0022btn-tile btn-icon-right\u0022\u003E\n                \u003Cspan class=\u0022icon-shopping-cart\u0022\u003E\u003C\/span\u003E\n                \u003Cspan class=\u0022btn-tile-text\u0022\u003EKoupit\u003C\/span\u003E\n            \u003C\/a\u003E\n            \u003C\/div\u003E\n    \u003C\/div\u003E        \u003C\/div\u003E\n                    \u003C\/div\u003E\n\u003C\/div\u003E","action":"append"},"#js-pagination-wrapper":{"html":"\u003Cdiv class=\u0022product-list-tiles-pagination\u0022 id=\u0022js-pagination-wrapper\u0022\u003E\n                                        \n    \u003Cdiv class=\u0022product-list-tiles-more-wrapper\u0022 id=\u0022js-pagination-show-more\u0022\u003E\n                    \u003Ca href=\u0022https:\/\/www.kresla-zidle.cz\/product-category\/63\/show-more-products?displayedPages=2\u0026amp;page=2\u0022\n               class=\u0022btn btn-bg-main chevron-right js-ajax\u0022\u003EZobrazit dal\u0161\u00ed\u003C\/a\u003E\n                \u003Cdiv class=\u0022product-list-tiles-more-note\u0022\u003Ezobrazeno 48 z 359\u003C\/div\u003E\n    \u003C\/div\u003E\n    \u003Cdiv class=\u0022product-list-tiles-pagination-wrapper\u0022\u003E\n        \u003Cul class=\u0022pagination\u0022\u003E\n            \u003Cli class=\u0022page-item-break\u0022\u003E\u003C\/li\u003E\n            \u003Cli class=\u0022page-item pagination-item-left\u0022\u003E\n                \u003Ca class=\u0022page-link js-product-scroll  js-ajax\u0022\n                   href=\u0022\/zidle-na-4-nohach?page=1\u0026amp;displayedPages=1\u0022\u003E\u003Cspan\n                            class=\u0022icon-double-chevron-left\u0022\u003E\u003C\/span\u003E\u003C\/a\u003E\n            \u003C\/li\u003E\n\n                        \u003Cli class=\u0022page-item pagination-item-left\u0022\u003E\n                \u003Ca class=\u0022page-link js-product-scroll  js-ajax\u0022\n                   href=\u0022\/zidle-na-4-nohach?page=1\u0026amp;displayedPages=1\u0022\u003E\u003Cspan\n                            class=\u0022icon-arrow-left\u0022\u003E\u003C\/span\u003E\u003C\/a\u003E\n            \u003C\/li\u003E\n\n                            \u003Cli class=\u0022page-item\u0022\u003E\n                    \u003Ca class=\u0022page-link js-product-scroll  js-ajax\u0022\n                       href=\u0022\/zidle-na-4-nohach?page=1\u0026amp;displayedPages=1\u0022\u003E1\u003C\/a\u003E\n                \u003C\/li\u003E\n                            \u003Cli class=\u0022page-item active\u0022\u003E\n                    \u003Ca class=\u0022page-link js-product-scroll  js-ajax\u0022\n                       href=\u0022\/zidle-na-4-nohach?page=2\u0026amp;displayedPages=1\u0022\u003E2\u003C\/a\u003E\n                \u003C\/li\u003E\n                            \u003Cli class=\u0022page-item\u0022\u003E\n                    \u003Ca class=\u0022page-link js-product-scroll  js-ajax\u0022\n                       href=\u0022\/zidle-na-4-nohach?page=3\u0026amp;displayedPages=1\u0022\u003E3\u003C\/a\u003E\n                \u003C\/li\u003E\n                            \u003Cli class=\u0022page-item\u0022\u003E\n                    \u003Ca class=\u0022page-link js-product-scroll  js-ajax\u0022\n                       href=\u0022\/zidle-na-4-nohach?page=4\u0026amp;displayedPages=1\u0022\u003E4\u003C\/a\u003E\n                \u003C\/li\u003E\n                            \u003Cli class=\u0022page-item\u0022\u003E\n                    \u003Ca class=\u0022page-link js-product-scroll  js-ajax\u0022\n                       href=\u0022\/zidle-na-4-nohach?page=5\u0026amp;displayedPages=1\u0022\u003E5\u003C\/a\u003E\n                \u003C\/li\u003E\n            \n                        \u003Cli class=\u0022page-item pagination-item-right\u0022\u003E\n                \u003Ca class=\u0022page-link js-product-scroll  js-ajax\u0022\n                   href=\u0022\/zidle-na-4-nohach?page=3\u0026amp;displayedPages=1\u0022\u003E\u003Cspan\n                            class=\u0022icon-arrow-right\u0022\u003E\u003C\/span\u003E\u003C\/a\u003E\n            \u003C\/li\u003E\n\n            \u003Cli class=\u0022page-item pagination-item-right\u0022\u003E\n                \u003Ca class=\u0022page-link js-product-scroll  js-ajax\u0022\n                   href=\u0022\/zidle-na-4-nohach?page=15\u0026amp;displayedPages=1\u0022\u003E\u003Cspan\n                            class=\u0022icon-double-chevron-right\u0022\u003E\u003C\/span\u003E\u003C\/a\u003E\n            \u003C\/li\u003E\n        \u003C\/ul\u003E\n    \u003C\/div\u003E\n\n\u003C\/div\u003E","action":"replace"}},"actions":{"historyPushState":{"url":"\/zidle-na-4-nohach?displayedPages=2\u0026page=2","state":[],"title":"stateChange"}},"payload":[]}