{"snippets":{"#js-product-list-items-wrapper":{"html":"            \u003Cdiv class=\u0022product-tile-item js-product-tile js-block-preloader\u0022 id=\u0022js-product-tile-114\u0022\u003E\n    \u003Cdiv class=\u0022product-tile-item-foreground js-product-tile-foreground\u0022\u003E\n        \u003Cdiv class=\u0022product-tile-item-info-wrapper\u0022 id=\u0022js-product-tile-114-info\u0022\u003E\n            \u003Cdiv class=\u0022product-tile-item-basic-info\u0022\u003E\n    \u003Cdiv class=\u0022product-tile-item-image-wrapper position-relative\u0022\u003E\n        \u003Cdiv class=\u0022product-tile-item-image\u0022\u003E\n                        \u003Ca href=\u0022\/ton-kreslo-merano-lounge-363-404\u0022\u003E\n                \u003Cpicture\u003E\n                    \u003Cimg\n                            src=\u0022\u0022\n                            data-src=\u0022https:\/\/www.kresla-zidle.cz\/temp\/product\/list\/img-p-2-2-0-4-5-22045.png\u0022\n                            alt=\u0022\u010daloun\u011bn\u00e9 k\u0159eslo Merano\u0022\n                            class=\u0022img-fluid js-lazy-img\u0022\u003E\n                \u003C\/picture\u003E\n            \u003C\/a\u003E\n        \u003C\/div\u003E\n        \u003Cdiv class=\u0022product-tile-item-tags-wrapper\u0022\u003E\n    \u003Cdiv class=\u0022product-item-tags-left\u0022\u003E\n                                                    \u003C\/div\u003E\n    \u003Cdiv class=\u0022product-item-tags-right\u0022\u003E\n                                                                                \u003Cdiv class=\u0022product-tile-tags-manufacturer\u0022\u003E\n                \u003Ca href=\u0022\/ton\u0022\u003E\n                    \u003Cimg src=\u0022https:\/\/www.kresla-zidle.cz\/images\/manufacturer-front-tag\/3.png\u0022 alt=\u0022TON\u0022 class=\u0022img-fluid\u0022 loading=\u0022lazy\u0022\u003E\n                \u003C\/a\u003E\n            \u003C\/div\u003E\n            \u003C\/div\u003E\n\u003C\/div\u003E    \u003C\/div\u003E\n\n                \n    \u003Cdiv class=\u0022product-tile-item-heading-info\u0022\u003E\n        \u003Cdiv class=\u0022product-tile-category\u0022\u003EPohovky a k\u0159esla do kancel\u00e1\u0159e\u003C\/div\u003E        \u003Ch2 class=\u0022product-tile-heading\u0022\u003E\u003Ca href=\u0022\/ton-kreslo-merano-lounge-363-404\u0022\u003EK\u0159eslo MERANO lounge\u003C\/a\u003E\u003C\/h2\u003E\n    \u003C\/div\u003E\n    \u003Cdiv class=\u0022product-tile-item-params\u0022\u003E\n                                                                                        \u003Cdiv class=\u0022product-tile-item-params__item\u0022\u003E\n                                                    D\u0159evo\n                            \n                                            \u003C\/div\u003E\n                                                                                    \u003Cdiv class=\u0022product-tile-item-params__item\u0022\u003E\n                                                    ANO\n                            \n                                            \u003C\/div\u003E\n                                                                                    \u003Cdiv class=\u0022product-tile-item-params__item\u0022\u003E\n                                                    120 kg\n                            \n                                            \u003C\/div\u003E\n                                                                                    \u003Cdiv class=\u0022product-tile-item-params__item\u0022\u003E\n                                                    5 let\n                            \n                                            \u003C\/div\u003E\n                                                                                                                            \u003C\/div\u003E\n    \u003Cdiv class=\u0022product-tile-item-price-availability\u0022\u003E\n        \u003Cdiv class=\u0022product-tile-item-price-wrapper\u0022\u003E\n            \n    \n    \u003Cdiv class=\u0022price-current\u0022\u003Eod 16 700 K\u010d\u003C\/div\u003E\n    \u003Cdiv class=\u0022price-info\u0022\u003Eod 13 802 K\u010d bez DPH\u003C\/div\u003E\n        \u003C\/div\u003E\n        \u003Cdiv class=\u0022product-tile-item-availability-wrapper\u0022\u003E\n            \u003Cdiv class=\u0022availability\u0022\u003E\u003Cspan class=\u0022availability-icon icon-glass-hour\u0022\u003E\u003C\/span\u003E do 42 dn\u016f\u003C\/div\u003E        \u003C\/div\u003E\n        \u003Cdiv\u003E\n            \n    \n    \n\n\n        \u003C\/div\u003E\n    \u003C\/div\u003E\n\u003C\/div\u003E\n\u003Cdiv class=\u0022product-tile-item-extended-info\u0022\u003E\n\n            \u003Cdiv class=\u0022product-tile-item-description\u0022\u003E\n            \u003Cp\u003EKomfortn\u00ed \u010daloun\u011bn\u00e9 k\u0159eslo s podru\u010dkami\u003C\/p\u003E\n        \u003C\/div\u003E\n                \u003Cdiv class=\u0022product-tile-item-services\u0022\u003E\n        \u003Ca href=\u0022\/product\/favourite\/add\/114\u0022 class=\u0022service-item \u0022 data-product-favourite=\u0022114\u0022 data-method=\u0022POST\u0022\u003E\u003Cspan class=\u0022icon-heart\u0022\u003E\u003C\/span\u003E Obl\u00edben\u00e9\u003C\/a\u003E        \u003Cspan class=\u0022service-item\u0022\u003E\u003Cspan class=\u0022icon-chart\u0022\u003E\u003C\/span\u003E 363 404\u003C\/span\u003E\n    \u003C\/div\u003E\n    \n            \n    \u003Cdiv class=\u0022product-tile-item-action-wrapper\u0022\u003E\n        \u003Ca href=\u0022\/ton-kreslo-merano-lounge-363-404\u0022 class=\u0022btn-tile\u0022\n           data-text-desktop=\u0022Detail produktu\u0022\n           data-text-mobile=\u0022Detail\u0022\u003E\u003C\/a\u003E\n                    \u003Ca href=\u0022\/ton-kreslo-merano-lounge-363-404\u0022\n               class=\u0022btn-tile btn-icon-right\u0022\u003E\n                \u003Cspan class=\u0022icon-shopping-cart\u0022\u003E\u003C\/span\u003E\n                \u003Cspan class=\u0022btn-tile-text\u0022\u003EKoupit\u003C\/span\u003E\n            \u003C\/a\u003E\n            \u003C\/div\u003E\n    \u003C\/div\u003E        \u003C\/div\u003E\n                    \u003C\/div\u003E\n\u003C\/div\u003E            \u003Cdiv class=\u0022product-tile-item js-product-tile js-block-preloader\u0022 id=\u0022js-product-tile-115\u0022\u003E\n    \u003Cdiv class=\u0022product-tile-item-foreground js-product-tile-foreground\u0022\u003E\n        \u003Cdiv class=\u0022product-tile-item-info-wrapper\u0022 id=\u0022js-product-tile-115-info\u0022\u003E\n            \u003Cdiv class=\u0022product-tile-item-basic-info\u0022\u003E\n    \u003Cdiv class=\u0022product-tile-item-image-wrapper position-relative\u0022\u003E\n        \u003Cdiv class=\u0022product-tile-item-image\u0022\u003E\n                        \u003Ca href=\u0022\/ton-calounene-kreslo-albu-323-415\u0022\u003E\n                \u003Cpicture\u003E\n                    \u003Cimg\n                            src=\u0022\u0022\n                            data-src=\u0022https:\/\/www.kresla-zidle.cz\/temp\/product\/list\/img-p-2-2-0-6-5-22065.png\u0022\n                            alt=\u0022\u010daloun\u011bn\u00e9 k\u0159eslo Alba\u0022\n                            class=\u0022img-fluid js-lazy-img\u0022\u003E\n                \u003C\/picture\u003E\n            \u003C\/a\u003E\n        \u003C\/div\u003E\n        \u003Cdiv class=\u0022product-tile-item-tags-wrapper\u0022\u003E\n    \u003Cdiv class=\u0022product-item-tags-left\u0022\u003E\n                                                    \u003C\/div\u003E\n    \u003Cdiv class=\u0022product-item-tags-right\u0022\u003E\n                                                                                \u003Cdiv class=\u0022product-tile-tags-manufacturer\u0022\u003E\n                \u003Ca href=\u0022\/ton\u0022\u003E\n                    \u003Cimg src=\u0022https:\/\/www.kresla-zidle.cz\/images\/manufacturer-front-tag\/3.png\u0022 alt=\u0022TON\u0022 class=\u0022img-fluid\u0022 loading=\u0022lazy\u0022\u003E\n                \u003C\/a\u003E\n            \u003C\/div\u003E\n            \u003C\/div\u003E\n\u003C\/div\u003E    \u003C\/div\u003E\n\n                \n    \u003Cdiv class=\u0022product-tile-item-heading-info\u0022\u003E\n        \u003Cdiv class=\u0022product-tile-category\u0022\u003EPohovky a k\u0159esla do kancel\u00e1\u0159e\u003C\/div\u003E        \u003Ch2 class=\u0022product-tile-heading\u0022\u003E\u003Ca href=\u0022\/ton-calounene-kreslo-albu-323-415\u0022\u003E\u010caloun\u011bn\u00e9 k\u0159eslo ALBU\u003C\/a\u003E\u003C\/h2\u003E\n    \u003C\/div\u003E\n    \u003Cdiv class=\u0022product-tile-item-params\u0022\u003E\n                                                                                        \u003Cdiv class=\u0022product-tile-item-params__item\u0022\u003E\n                                                    D\u0159evo\n                            \n                                            \u003C\/div\u003E\n                                                                                    \u003Cdiv class=\u0022product-tile-item-params__item\u0022\u003E\n                                                    ANO\n                            \n                                            \u003C\/div\u003E\n                                                                                    \u003Cdiv class=\u0022product-tile-item-params__item\u0022\u003E\n                                            \u003C\/div\u003E\n                                                                                    \u003Cdiv class=\u0022product-tile-item-params__item\u0022\u003E\n                                                    5 let\n                            \n                                            \u003C\/div\u003E\n                                                                                                                            \u003C\/div\u003E\n    \u003Cdiv class=\u0022product-tile-item-price-availability\u0022\u003E\n        \u003Cdiv class=\u0022product-tile-item-price-wrapper\u0022\u003E\n            \n    \n    \u003Cdiv class=\u0022price-current\u0022\u003Eod 25 530 K\u010d\u003C\/div\u003E\n    \u003Cdiv class=\u0022price-info\u0022\u003Eod 21 100 K\u010d bez DPH\u003C\/div\u003E\n        \u003C\/div\u003E\n        \u003Cdiv class=\u0022product-tile-item-availability-wrapper\u0022\u003E\n            \u003Cdiv class=\u0022availability\u0022\u003E\u003Cspan class=\u0022availability-icon icon-glass-hour\u0022\u003E\u003C\/span\u003E do 42 dn\u016f\u003C\/div\u003E        \u003C\/div\u003E\n        \u003Cdiv\u003E\n            \n    \n    \n\n\n        \u003C\/div\u003E\n    \u003C\/div\u003E\n\u003C\/div\u003E\n\u003Cdiv class=\u0022product-tile-item-extended-info\u0022\u003E\n\n            \u003Cdiv class=\u0022product-tile-item-description\u0022\u003E\n            \u003Cp\u003ETvarov\u011b vylad\u011bn\u00e9 \u010daloun\u011bn\u00e9 k\u0159eslo s podru\u010dkami.\u003C\/p\u003E\n        \u003C\/div\u003E\n                \u003Cdiv class=\u0022product-tile-item-services\u0022\u003E\n        \u003Ca href=\u0022\/product\/favourite\/add\/115\u0022 class=\u0022service-item \u0022 data-product-favourite=\u0022115\u0022 data-method=\u0022POST\u0022\u003E\u003Cspan class=\u0022icon-heart\u0022\u003E\u003C\/span\u003E Obl\u00edben\u00e9\u003C\/a\u003E        \u003Cspan class=\u0022service-item\u0022\u003E\u003Cspan class=\u0022icon-chart\u0022\u003E\u003C\/span\u003E 323 415\u003C\/span\u003E\n    \u003C\/div\u003E\n    \n            \n    \u003Cdiv class=\u0022product-tile-item-action-wrapper\u0022\u003E\n        \u003Ca href=\u0022\/ton-calounene-kreslo-albu-323-415\u0022 class=\u0022btn-tile\u0022\n           data-text-desktop=\u0022Detail produktu\u0022\n           data-text-mobile=\u0022Detail\u0022\u003E\u003C\/a\u003E\n                    \u003Ca href=\u0022\/ton-calounene-kreslo-albu-323-415\u0022\n               class=\u0022btn-tile btn-icon-right\u0022\u003E\n                \u003Cspan class=\u0022icon-shopping-cart\u0022\u003E\u003C\/span\u003E\n                \u003Cspan class=\u0022btn-tile-text\u0022\u003EKoupit\u003C\/span\u003E\n            \u003C\/a\u003E\n            \u003C\/div\u003E\n    \u003C\/div\u003E        \u003C\/div\u003E\n                    \u003C\/div\u003E\n\u003C\/div\u003E            \u003Cdiv class=\u0022product-tile-item js-product-tile js-block-preloader\u0022 id=\u0022js-product-tile-116\u0022\u003E\n    \u003Cdiv class=\u0022product-tile-item-foreground js-product-tile-foreground\u0022\u003E\n        \u003Cdiv class=\u0022product-tile-item-info-wrapper\u0022 id=\u0022js-product-tile-116-info\u0022\u003E\n            \u003Cdiv class=\u0022product-tile-item-basic-info\u0022\u003E\n    \u003Cdiv class=\u0022product-tile-item-image-wrapper position-relative\u0022\u003E\n        \u003Cdiv class=\u0022product-tile-item-image\u0022\u003E\n                        \u003Ca href=\u0022\/ton-lounge-kreslo-albu-363-416\u0022\u003E\n                \u003Cpicture\u003E\n                    \u003Cimg\n                            src=\u0022\u0022\n                            data-src=\u0022https:\/\/www.kresla-zidle.cz\/temp\/product\/list\/img-p-2-2-0-7-2-22072.png\u0022\n                            alt=\u0022lounge k\u0159eslo Alba\u0022\n                            class=\u0022img-fluid js-lazy-img\u0022\u003E\n                \u003C\/picture\u003E\n            \u003C\/a\u003E\n        \u003C\/div\u003E\n        \u003Cdiv class=\u0022product-tile-item-tags-wrapper\u0022\u003E\n    \u003Cdiv class=\u0022product-item-tags-left\u0022\u003E\n                                                    \u003C\/div\u003E\n    \u003Cdiv class=\u0022product-item-tags-right\u0022\u003E\n                                                                                \u003Cdiv class=\u0022product-tile-tags-manufacturer\u0022\u003E\n                \u003Ca href=\u0022\/ton\u0022\u003E\n                    \u003Cimg src=\u0022https:\/\/www.kresla-zidle.cz\/images\/manufacturer-front-tag\/3.png\u0022 alt=\u0022TON\u0022 class=\u0022img-fluid\u0022 loading=\u0022lazy\u0022\u003E\n                \u003C\/a\u003E\n            \u003C\/div\u003E\n            \u003C\/div\u003E\n\u003C\/div\u003E    \u003C\/div\u003E\n\n                \n    \u003Cdiv class=\u0022product-tile-item-heading-info\u0022\u003E\n        \u003Cdiv class=\u0022product-tile-category\u0022\u003EPohovky a k\u0159esla do kancel\u00e1\u0159e\u003C\/div\u003E        \u003Ch2 class=\u0022product-tile-heading\u0022\u003E\u003Ca href=\u0022\/ton-lounge-kreslo-albu-363-416\u0022\u003ELounge k\u0159eslo ALBU\u003C\/a\u003E\u003C\/h2\u003E\n    \u003C\/div\u003E\n    \u003Cdiv class=\u0022product-tile-item-params\u0022\u003E\n                                                                                        \u003Cdiv class=\u0022product-tile-item-params__item\u0022\u003E\n                                                    D\u0159evo\n                            \n                                            \u003C\/div\u003E\n                                                                                    \u003Cdiv class=\u0022product-tile-item-params__item\u0022\u003E\n                                                    ANO\n                            \n                                            \u003C\/div\u003E\n                                                                                    \u003Cdiv class=\u0022product-tile-item-params__item\u0022\u003E\n                                                    120 kg\n                            \n                                            \u003C\/div\u003E\n                                                                                    \u003Cdiv class=\u0022product-tile-item-params__item\u0022\u003E\n                                                    5 let\n                            \n                                            \u003C\/div\u003E\n                                                                                                                            \u003C\/div\u003E\n    \u003Cdiv class=\u0022product-tile-item-price-availability\u0022\u003E\n        \u003Cdiv class=\u0022product-tile-item-price-wrapper\u0022\u003E\n            \n    \n    \u003Cdiv class=\u0022price-current\u0022\u003Eod 27 610 K\u010d\u003C\/div\u003E\n    \u003Cdiv class=\u0022price-info\u0022\u003Eod 22 819 K\u010d bez DPH\u003C\/div\u003E\n        \u003C\/div\u003E\n        \u003Cdiv class=\u0022product-tile-item-availability-wrapper\u0022\u003E\n            \u003Cdiv class=\u0022availability\u0022\u003E\u003Cspan class=\u0022availability-icon icon-glass-hour\u0022\u003E\u003C\/span\u003E do 42 dn\u016f\u003C\/div\u003E        \u003C\/div\u003E\n        \u003Cdiv\u003E\n            \n    \n    \n\n\n        \u003C\/div\u003E\n    \u003C\/div\u003E\n\u003C\/div\u003E\n\u003Cdiv class=\u0022product-tile-item-extended-info\u0022\u003E\n\n            \u003Cdiv class=\u0022product-tile-item-description\u0022\u003E\n            \u003Cp\u003ELuxusn\u00ed modern\u00ed k\u0159eslo zp\u0159\u00edjemn\u00ed V\u00e1\u0161 odpo\u010dinek.\u003C\/p\u003E\n        \u003C\/div\u003E\n                \u003Cdiv class=\u0022product-tile-item-services\u0022\u003E\n        \u003Ca href=\u0022\/product\/favourite\/add\/116\u0022 class=\u0022service-item \u0022 data-product-favourite=\u0022116\u0022 data-method=\u0022POST\u0022\u003E\u003Cspan class=\u0022icon-heart\u0022\u003E\u003C\/span\u003E Obl\u00edben\u00e9\u003C\/a\u003E        \u003Cspan class=\u0022service-item\u0022\u003E\u003Cspan class=\u0022icon-chart\u0022\u003E\u003C\/span\u003E 363 416\u003C\/span\u003E\n    \u003C\/div\u003E\n    \n            \n    \u003Cdiv class=\u0022product-tile-item-action-wrapper\u0022\u003E\n        \u003Ca href=\u0022\/ton-lounge-kreslo-albu-363-416\u0022 class=\u0022btn-tile\u0022\n           data-text-desktop=\u0022Detail produktu\u0022\n           data-text-mobile=\u0022Detail\u0022\u003E\u003C\/a\u003E\n                    \u003Ca href=\u0022\/ton-lounge-kreslo-albu-363-416\u0022\n               class=\u0022btn-tile btn-icon-right\u0022\u003E\n                \u003Cspan class=\u0022icon-shopping-cart\u0022\u003E\u003C\/span\u003E\n                \u003Cspan class=\u0022btn-tile-text\u0022\u003EKoupit\u003C\/span\u003E\n            \u003C\/a\u003E\n            \u003C\/div\u003E\n    \u003C\/div\u003E        \u003C\/div\u003E\n                    \u003C\/div\u003E\n\u003C\/div\u003E            \u003Cdiv class=\u0022product-tile-item js-product-tile js-block-preloader\u0022 id=\u0022js-product-tile-117\u0022\u003E\n    \u003Cdiv class=\u0022product-tile-item-foreground js-product-tile-foreground\u0022\u003E\n        \u003Cdiv class=\u0022product-tile-item-info-wrapper\u0022 id=\u0022js-product-tile-117-info\u0022\u003E\n            \u003Cdiv class=\u0022product-tile-item-basic-info\u0022\u003E\n    \u003Cdiv class=\u0022product-tile-item-image-wrapper position-relative\u0022\u003E\n        \u003Cdiv class=\u0022product-tile-item-image\u0022\u003E\n                        \u003Ca href=\u0022\/ton-calounene-kreslo-chips-363-601\u0022\u003E\n                \u003Cpicture\u003E\n                    \u003Cimg\n                            src=\u0022\u0022\n                            data-src=\u0022https:\/\/www.kresla-zidle.cz\/temp\/product\/list\/img-p-2-4-2-6-4-24264.png\u0022\n                            alt=\u0022\u010caloun\u011bn\u00e9 k\u0159eslo Chips\u0022\n                            class=\u0022img-fluid js-lazy-img\u0022\u003E\n                \u003C\/picture\u003E\n            \u003C\/a\u003E\n        \u003C\/div\u003E\n        \u003Cdiv class=\u0022product-tile-item-tags-wrapper\u0022\u003E\n    \u003Cdiv class=\u0022product-item-tags-left\u0022\u003E\n                                                    \u003C\/div\u003E\n    \u003Cdiv class=\u0022product-item-tags-right\u0022\u003E\n                                                                                \u003Cdiv class=\u0022product-tile-tags-manufacturer\u0022\u003E\n                \u003Ca href=\u0022\/ton\u0022\u003E\n                    \u003Cimg src=\u0022https:\/\/www.kresla-zidle.cz\/images\/manufacturer-front-tag\/3.png\u0022 alt=\u0022TON\u0022 class=\u0022img-fluid\u0022 loading=\u0022lazy\u0022\u003E\n                \u003C\/a\u003E\n            \u003C\/div\u003E\n            \u003C\/div\u003E\n\u003C\/div\u003E    \u003C\/div\u003E\n\n                \n    \u003Cdiv class=\u0022product-tile-item-heading-info\u0022\u003E\n        \u003Cdiv class=\u0022product-tile-category\u0022\u003EPohovky a k\u0159esla do kancel\u00e1\u0159e\u003C\/div\u003E        \u003Ch2 class=\u0022product-tile-heading\u0022\u003E\u003Ca href=\u0022\/ton-calounene-kreslo-chips-363-601\u0022\u003E\u010caloun\u011bn\u00e9 k\u0159eslo CHIPS\u003C\/a\u003E\u003C\/h2\u003E\n    \u003C\/div\u003E\n    \u003Cdiv class=\u0022product-tile-item-params\u0022\u003E\n                                                                                        \u003Cdiv class=\u0022product-tile-item-params__item\u0022\u003E\n                                                    D\u0159evo\n                            \n                                            \u003C\/div\u003E\n                                                                                    \u003Cdiv class=\u0022product-tile-item-params__item\u0022\u003E\n                                                    NE\n                            \n                                            \u003C\/div\u003E\n                                                                                    \u003Cdiv class=\u0022product-tile-item-params__item\u0022\u003E\n                                                    110 kg\n                            \n                                            \u003C\/div\u003E\n                                                                                    \u003Cdiv class=\u0022product-tile-item-params__item\u0022\u003E\n                                                    5 let\n                            \n                                            \u003C\/div\u003E\n                                                                                                                            \u003C\/div\u003E\n    \u003Cdiv class=\u0022product-tile-item-price-availability\u0022\u003E\n        \u003Cdiv class=\u0022product-tile-item-price-wrapper\u0022\u003E\n            \n    \n    \u003Cdiv class=\u0022price-current\u0022\u003Eod 85 410 K\u010d\u003C\/div\u003E\n    \u003Cdiv class=\u0022price-info\u0022\u003Eod 70 587 K\u010d bez DPH\u003C\/div\u003E\n        \u003C\/div\u003E\n        \u003Cdiv class=\u0022product-tile-item-availability-wrapper\u0022\u003E\n            \u003Cdiv class=\u0022availability\u0022\u003E\u003Cspan class=\u0022availability-icon icon-glass-hour\u0022\u003E\u003C\/span\u003E do 42 dn\u016f\u003C\/div\u003E        \u003C\/div\u003E\n        \u003Cdiv\u003E\n            \n    \n    \n\n\n        \u003C\/div\u003E\n    \u003C\/div\u003E\n\u003C\/div\u003E\n\u003Cdiv class=\u0022product-tile-item-extended-info\u0022\u003E\n\n            \u003Cdiv class=\u0022product-tile-item-description\u0022\u003E\n            \u003Cp\u003ELuxusn\u00ed a nad\u010dasov\u00e9 \u010daloun\u011bn\u00e9 relaxa\u010dn\u00ed k\u0159eslo.\u003C\/p\u003E\n        \u003C\/div\u003E\n                \u003Cdiv class=\u0022product-tile-item-services\u0022\u003E\n        \u003Ca href=\u0022\/product\/favourite\/add\/117\u0022 class=\u0022service-item \u0022 data-product-favourite=\u0022117\u0022 data-method=\u0022POST\u0022\u003E\u003Cspan class=\u0022icon-heart\u0022\u003E\u003C\/span\u003E Obl\u00edben\u00e9\u003C\/a\u003E        \u003Cspan class=\u0022service-item\u0022\u003E\u003Cspan class=\u0022icon-chart\u0022\u003E\u003C\/span\u003E 363 601\u003C\/span\u003E\n    \u003C\/div\u003E\n    \n            \n    \u003Cdiv class=\u0022product-tile-item-action-wrapper\u0022\u003E\n        \u003Ca href=\u0022\/ton-calounene-kreslo-chips-363-601\u0022 class=\u0022btn-tile\u0022\n           data-text-desktop=\u0022Detail produktu\u0022\n           data-text-mobile=\u0022Detail\u0022\u003E\u003C\/a\u003E\n                    \u003Ca href=\u0022\/ton-calounene-kreslo-chips-363-601\u0022\n               class=\u0022btn-tile btn-icon-right\u0022\u003E\n                \u003Cspan class=\u0022icon-shopping-cart\u0022\u003E\u003C\/span\u003E\n                \u003Cspan class=\u0022btn-tile-text\u0022\u003EKoupit\u003C\/span\u003E\n            \u003C\/a\u003E\n            \u003C\/div\u003E\n    \u003C\/div\u003E        \u003C\/div\u003E\n                    \u003C\/div\u003E\n\u003C\/div\u003E            \u003Cdiv class=\u0022product-tile-item js-product-tile js-block-preloader\u0022 id=\u0022js-product-tile-118\u0022\u003E\n    \u003Cdiv class=\u0022product-tile-item-foreground js-product-tile-foreground\u0022\u003E\n        \u003Cdiv class=\u0022product-tile-item-info-wrapper\u0022 id=\u0022js-product-tile-118-info\u0022\u003E\n            \u003Cdiv class=\u0022product-tile-item-basic-info\u0022\u003E\n    \u003Cdiv class=\u0022product-tile-item-image-wrapper position-relative\u0022\u003E\n        \u003Cdiv class=\u0022product-tile-item-image\u0022\u003E\n                        \u003Ca href=\u0022\/ton-calounene-dvojkreslo-dowel-363-394\u0022\u003E\n                \u003Cpicture\u003E\n                    \u003Cimg\n                            src=\u0022\u0022\n                            data-src=\u0022https:\/\/www.kresla-zidle.cz\/temp\/product\/list\/img-p-2-4-2-8-3-24283.png\u0022\n                            alt=\u0022\u010caloun\u011bn\u00e9 d\u0159ev\u011bn\u00e9 dvojk\u0159eslo Dowel\u0022\n                            class=\u0022img-fluid js-lazy-img\u0022\u003E\n                \u003C\/picture\u003E\n            \u003C\/a\u003E\n        \u003C\/div\u003E\n        \u003Cdiv class=\u0022product-tile-item-tags-wrapper\u0022\u003E\n    \u003Cdiv class=\u0022product-item-tags-left\u0022\u003E\n                                                    \u003C\/div\u003E\n    \u003Cdiv class=\u0022product-item-tags-right\u0022\u003E\n                                                                                \u003Cdiv class=\u0022product-tile-tags-manufacturer\u0022\u003E\n                \u003Ca href=\u0022\/ton\u0022\u003E\n                    \u003Cimg src=\u0022https:\/\/www.kresla-zidle.cz\/images\/manufacturer-front-tag\/3.png\u0022 alt=\u0022TON\u0022 class=\u0022img-fluid\u0022 loading=\u0022lazy\u0022\u003E\n                \u003C\/a\u003E\n            \u003C\/div\u003E\n            \u003C\/div\u003E\n\u003C\/div\u003E    \u003C\/div\u003E\n\n                \n    \u003Cdiv class=\u0022product-tile-item-heading-info\u0022\u003E\n        \u003Cdiv class=\u0022product-tile-category\u0022\u003EOb\u00fdvac\u00ed pokoj\u003C\/div\u003E        \u003Ch2 class=\u0022product-tile-heading\u0022\u003E\u003Ca href=\u0022\/ton-calounene-dvojkreslo-dowel-363-394\u0022\u003E\u010caloun\u011bn\u00e9 dvojk\u0159eslo DOWEL\u003C\/a\u003E\u003C\/h2\u003E\n    \u003C\/div\u003E\n    \u003Cdiv class=\u0022product-tile-item-params\u0022\u003E\n                                                                                        \u003Cdiv class=\u0022product-tile-item-params__item\u0022\u003E\n                                                    D\u0159evo\n                            \n                                            \u003C\/div\u003E\n                                                                                    \u003Cdiv class=\u0022product-tile-item-params__item\u0022\u003E\n                                                    ANO\n                            \n                                            \u003C\/div\u003E\n                                                                                    \u003Cdiv class=\u0022product-tile-item-params__item\u0022\u003E\n                                                    120 kg \/ sed\u00e1k\n                            \n                                            \u003C\/div\u003E\n                                                                                    \u003Cdiv class=\u0022product-tile-item-params__item\u0022\u003E\n                                                    5 let\n                            \n                                            \u003C\/div\u003E\n                                                                                                                            \u003C\/div\u003E\n    \u003Cdiv class=\u0022product-tile-item-price-availability\u0022\u003E\n        \u003Cdiv class=\u0022product-tile-item-price-wrapper\u0022\u003E\n            \n    \n    \u003Cdiv class=\u0022price-current\u0022\u003Eod 62 780 K\u010d\u003C\/div\u003E\n    \u003Cdiv class=\u0022price-info\u0022\u003Eod 51 885 K\u010d bez DPH\u003C\/div\u003E\n        \u003C\/div\u003E\n        \u003Cdiv class=\u0022product-tile-item-availability-wrapper\u0022\u003E\n            \u003Cdiv class=\u0022availability\u0022\u003E\u003Cspan class=\u0022availability-icon icon-glass-hour\u0022\u003E\u003C\/span\u003E do 42 dn\u016f\u003C\/div\u003E        \u003C\/div\u003E\n        \u003Cdiv\u003E\n            \n    \n    \n\n\n        \u003C\/div\u003E\n    \u003C\/div\u003E\n\u003C\/div\u003E\n\u003Cdiv class=\u0022product-tile-item-extended-info\u0022\u003E\n\n            \u003Cdiv class=\u0022product-tile-item-description\u0022\u003E\n            \u003Cp\u003EPohodln\u00e9 elegantn\u00ed dvojk\u0159eslo vhodn\u00e9 do modern\u00edch interi\u00e9r\u016f.\u003C\/p\u003E\n        \u003C\/div\u003E\n                \u003Cdiv class=\u0022product-tile-item-services\u0022\u003E\n        \u003Ca href=\u0022\/product\/favourite\/add\/118\u0022 class=\u0022service-item \u0022 data-product-favourite=\u0022118\u0022 data-method=\u0022POST\u0022\u003E\u003Cspan class=\u0022icon-heart\u0022\u003E\u003C\/span\u003E Obl\u00edben\u00e9\u003C\/a\u003E        \u003Cspan class=\u0022service-item\u0022\u003E\u003Cspan class=\u0022icon-chart\u0022\u003E\u003C\/span\u003E 363 394\u003C\/span\u003E\n    \u003C\/div\u003E\n    \n            \n    \u003Cdiv class=\u0022product-tile-item-action-wrapper\u0022\u003E\n        \u003Ca href=\u0022\/ton-calounene-dvojkreslo-dowel-363-394\u0022 class=\u0022btn-tile\u0022\n           data-text-desktop=\u0022Detail produktu\u0022\n           data-text-mobile=\u0022Detail\u0022\u003E\u003C\/a\u003E\n                    \u003Ca href=\u0022\/ton-calounene-dvojkreslo-dowel-363-394\u0022\n               class=\u0022btn-tile btn-icon-right\u0022\u003E\n                \u003Cspan class=\u0022icon-shopping-cart\u0022\u003E\u003C\/span\u003E\n                \u003Cspan class=\u0022btn-tile-text\u0022\u003EKoupit\u003C\/span\u003E\n            \u003C\/a\u003E\n            \u003C\/div\u003E\n    \u003C\/div\u003E        \u003C\/div\u003E\n                    \u003C\/div\u003E\n\u003C\/div\u003E            \u003Cdiv class=\u0022product-tile-item js-product-tile js-block-preloader\u0022 id=\u0022js-product-tile-120\u0022\u003E\n    \u003Cdiv class=\u0022product-tile-item-foreground js-product-tile-foreground\u0022\u003E\n        \u003Cdiv class=\u0022product-tile-item-info-wrapper\u0022 id=\u0022js-product-tile-120-info\u0022\u003E\n            \u003Cdiv class=\u0022product-tile-item-basic-info\u0022\u003E\n    \u003Cdiv class=\u0022product-tile-item-image-wrapper position-relative\u0022\u003E\n        \u003Cdiv class=\u0022product-tile-item-image\u0022\u003E\n                        \u003Ca href=\u0022\/ton-calounene-kreslo-ginger-323-379\u0022\u003E\n                \u003Cpicture\u003E\n                    \u003Cimg\n                            src=\u0022\u0022\n                            data-src=\u0022https:\/\/www.kresla-zidle.cz\/temp\/product\/list\/img-p-2-9-8-7-5-29875.png\u0022\n                            alt=\u0022\u010caloun\u011bn\u00e9 k\u0159eslo GINGER\u0022\n                            class=\u0022img-fluid js-lazy-img\u0022\u003E\n                \u003C\/picture\u003E\n            \u003C\/a\u003E\n        \u003C\/div\u003E\n        \u003Cdiv class=\u0022product-tile-item-tags-wrapper\u0022\u003E\n    \u003Cdiv class=\u0022product-item-tags-left\u0022\u003E\n                                                    \u003C\/div\u003E\n    \u003Cdiv class=\u0022product-item-tags-right\u0022\u003E\n                                                                                \u003Cdiv class=\u0022product-tile-tags-manufacturer\u0022\u003E\n                \u003Ca href=\u0022\/ton\u0022\u003E\n                    \u003Cimg src=\u0022https:\/\/www.kresla-zidle.cz\/images\/manufacturer-front-tag\/3.png\u0022 alt=\u0022TON\u0022 class=\u0022img-fluid\u0022 loading=\u0022lazy\u0022\u003E\n                \u003C\/a\u003E\n            \u003C\/div\u003E\n            \u003C\/div\u003E\n\u003C\/div\u003E    \u003C\/div\u003E\n\n                \n    \u003Cdiv class=\u0022product-tile-item-heading-info\u0022\u003E\n        \u003Cdiv class=\u0022product-tile-category\u0022\u003EPohovky a k\u0159esla do kancel\u00e1\u0159e\u003C\/div\u003E        \u003Ch2 class=\u0022product-tile-heading\u0022\u003E\u003Ca href=\u0022\/ton-calounene-kreslo-ginger-323-379\u0022\u003E\u010caloun\u011bn\u00e9 k\u0159eslo GINGER\u003C\/a\u003E\u003C\/h2\u003E\n    \u003C\/div\u003E\n    \u003Cdiv class=\u0022product-tile-item-params\u0022\u003E\n                                                                                        \u003Cdiv class=\u0022product-tile-item-params__item\u0022\u003E\n                                                    D\u0159evo\n                            \n                                            \u003C\/div\u003E\n                                                                                    \u003Cdiv class=\u0022product-tile-item-params__item\u0022\u003E\n                                                    ANO\n                            \n                                            \u003C\/div\u003E\n                                                                                    \u003Cdiv class=\u0022product-tile-item-params__item\u0022\u003E\n                                            \u003C\/div\u003E\n                                                                                    \u003Cdiv class=\u0022product-tile-item-params__item\u0022\u003E\n                                                    5 let\n                            \n                                            \u003C\/div\u003E\n                                                                                                                            \u003C\/div\u003E\n    \u003Cdiv class=\u0022product-tile-item-price-availability\u0022\u003E\n        \u003Cdiv class=\u0022product-tile-item-price-wrapper\u0022\u003E\n            \n    \n    \u003Cdiv class=\u0022price-current\u0022\u003Eod 15 050 K\u010d\u003C\/div\u003E\n    \u003Cdiv class=\u0022price-info\u0022\u003Eod 12 439 K\u010d bez DPH\u003C\/div\u003E\n        \u003C\/div\u003E\n        \u003Cdiv class=\u0022product-tile-item-availability-wrapper\u0022\u003E\n            \u003Cdiv class=\u0022availability\u0022\u003E\u003Cspan class=\u0022availability-icon icon-glass-hour\u0022\u003E\u003C\/span\u003E do 42 dn\u016f\u003C\/div\u003E        \u003C\/div\u003E\n        \u003Cdiv\u003E\n            \n    \n    \n\n\n        \u003C\/div\u003E\n    \u003C\/div\u003E\n\u003C\/div\u003E\n\u003Cdiv class=\u0022product-tile-item-extended-info\u0022\u003E\n\n            \u003Cdiv class=\u0022product-tile-item-description\u0022\u003E\n            \u003Cp\u003EKomfortn\u00ed \u010daloun\u011bn\u00e9 k\u0159eslo Ginger s pln\u011b \u010daloun\u011bn\u00fdmi podru\u010dkami.\u003C\/p\u003E\n        \u003C\/div\u003E\n                \u003Cdiv class=\u0022product-tile-item-services\u0022\u003E\n        \u003Ca href=\u0022\/product\/favourite\/add\/120\u0022 class=\u0022service-item \u0022 data-product-favourite=\u0022120\u0022 data-method=\u0022POST\u0022\u003E\u003Cspan class=\u0022icon-heart\u0022\u003E\u003C\/span\u003E Obl\u00edben\u00e9\u003C\/a\u003E        \u003Cspan class=\u0022service-item\u0022\u003E\u003Cspan class=\u0022icon-chart\u0022\u003E\u003C\/span\u003E 323 379\u003C\/span\u003E\n    \u003C\/div\u003E\n    \n            \n    \u003Cdiv class=\u0022product-tile-item-action-wrapper\u0022\u003E\n        \u003Ca href=\u0022\/ton-calounene-kreslo-ginger-323-379\u0022 class=\u0022btn-tile\u0022\n           data-text-desktop=\u0022Detail produktu\u0022\n           data-text-mobile=\u0022Detail\u0022\u003E\u003C\/a\u003E\n                    \u003Ca href=\u0022\/ton-calounene-kreslo-ginger-323-379\u0022\n               class=\u0022btn-tile btn-icon-right\u0022\u003E\n                \u003Cspan class=\u0022icon-shopping-cart\u0022\u003E\u003C\/span\u003E\n                \u003Cspan class=\u0022btn-tile-text\u0022\u003EKoupit\u003C\/span\u003E\n            \u003C\/a\u003E\n            \u003C\/div\u003E\n    \u003C\/div\u003E        \u003C\/div\u003E\n                    \u003C\/div\u003E\n\u003C\/div\u003E            \u003Cdiv class=\u0022product-tile-item js-product-tile js-block-preloader\u0022 id=\u0022js-product-tile-235\u0022\u003E\n    \u003Cdiv class=\u0022product-tile-item-foreground js-product-tile-foreground\u0022\u003E\n        \u003Cdiv class=\u0022product-tile-item-info-wrapper\u0022 id=\u0022js-product-tile-235-info\u0022\u003E\n            \u003Cdiv class=\u0022product-tile-item-basic-info\u0022\u003E\n    \u003Cdiv class=\u0022product-tile-item-image-wrapper position-relative\u0022\u003E\n        \u003Cdiv class=\u0022product-tile-item-image\u0022\u003E\n                        \u003Ca href=\u0022\/konferencni-kreslo-salma\u0022\u003E\n                \u003Cpicture\u003E\n                    \u003Cimg\n                            src=\u0022\u0022\n                            data-src=\u0022https:\/\/www.kresla-zidle.cz\/temp\/product\/list\/img-p-1-9-3-8-7-19387.png\u0022\n                            alt=\u0022Konferen\u010dn\u00ed k\u0159eslo SALMA\u0022\n                            class=\u0022img-fluid js-lazy-img\u0022\u003E\n                \u003C\/picture\u003E\n            \u003C\/a\u003E\n        \u003C\/div\u003E\n        \u003Cdiv class=\u0022product-tile-item-tags-wrapper\u0022\u003E\n    \u003Cdiv class=\u0022product-item-tags-left\u0022\u003E\n                                                    \u003C\/div\u003E\n    \u003Cdiv class=\u0022product-item-tags-right\u0022\u003E\n                                                                                \u003Cdiv class=\u0022product-tile-tags-manufacturer\u0022\u003E\n                \u003Ca href=\u0022\/alba\u0022\u003E\n                    \u003Cimg src=\u0022https:\/\/www.kresla-zidle.cz\/images\/manufacturer-front-tag\/11.png\u0022 alt=\u0022ALBA\u0022 class=\u0022img-fluid\u0022 loading=\u0022lazy\u0022\u003E\n                \u003C\/a\u003E\n            \u003C\/div\u003E\n            \u003C\/div\u003E\n\u003C\/div\u003E    \u003C\/div\u003E\n\n                \n    \u003Cdiv class=\u0022product-tile-item-heading-info\u0022\u003E\n        \u003Cdiv class=\u0022product-tile-category\u0022\u003EKonferen\u010dn\u00ed \u017eidle\u003C\/div\u003E        \u003Ch2 class=\u0022product-tile-heading\u0022\u003E\u003Ca href=\u0022\/konferencni-kreslo-salma\u0022\u003EKonferen\u010dn\u00ed k\u0159eslo SALMA\u003C\/a\u003E\u003C\/h2\u003E\n    \u003C\/div\u003E\n    \u003Cdiv class=\u0022product-tile-item-params\u0022\u003E\n                                                                                        \u003Cdiv class=\u0022product-tile-item-params__item\u0022\u003E\n                                                    kov, D\u0159evo\n                            \n                                            \u003C\/div\u003E\n                                                                                    \u003Cdiv class=\u0022product-tile-item-params__item\u0022\u003E\n                                                    ANO\n                            \n                                            \u003C\/div\u003E\n                                                                                    \u003Cdiv class=\u0022product-tile-item-params__item\u0022\u003E\n                                                    120 kg\n                            \n                                            \u003C\/div\u003E\n                                                                                    \u003Cdiv class=\u0022product-tile-item-params__item\u0022\u003E\n                                                    5 let\n                            \n                                            \u003C\/div\u003E\n                                                                                                                            \u003C\/div\u003E\n    \u003Cdiv class=\u0022product-tile-item-price-availability\u0022\u003E\n        \u003Cdiv class=\u0022product-tile-item-price-wrapper\u0022\u003E\n            \n\n        \u003Cdiv class=\u0022price-current\u0022\u003E6 038 K\u010d\u003C\/div\u003E\n    \u003Cdiv class=\u0022price-info\u0022\u003E4 990 K\u010d bez DPH\u003C\/div\u003E        \u003C\/div\u003E\n        \u003Cdiv class=\u0022product-tile-item-availability-wrapper\u0022\u003E\n            \u003Cdiv class=\u0022availability\u0022\u003E\u003Cspan class=\u0022availability-icon icon-glass-hour\u0022\u003E\u003C\/span\u003E do 42 dn\u016f\u003C\/div\u003E        \u003C\/div\u003E\n        \u003Cdiv\u003E\n            \n    \n    \n\n\n        \u003C\/div\u003E\n    \u003C\/div\u003E\n\u003C\/div\u003E\n\u003Cdiv class=\u0022product-tile-item-extended-info\u0022\u003E\n\n            \u003Cdiv class=\u0022product-tile-item-description\u0022\u003E\n            \u003Cp\u003ECelo\u010daloun\u011bn\u00e9\u00a0k\u0159es\u00edlko\u00a0do recepc\u00ed hotel\u016f, kancel\u00e1\u0159\u00ed \u010di konferen\u010dn\u00edch m\u00edstnost\u00ed\u003C\/p\u003E\n        \u003C\/div\u003E\n                \u003Cdiv class=\u0022product-tile-item-services\u0022\u003E\n        \u003Ca href=\u0022\/product\/favourite\/add\/235\u0022 class=\u0022service-item \u0022 data-product-favourite=\u0022235\u0022 data-method=\u0022POST\u0022\u003E\u003Cspan class=\u0022icon-heart\u0022\u003E\u003C\/span\u003E Obl\u00edben\u00e9\u003C\/a\u003E        \u003Cspan class=\u0022service-item\u0022\u003E\u003Cspan class=\u0022icon-chart\u0022\u003E\u003C\/span\u003E SALMA\u003C\/span\u003E\n    \u003C\/div\u003E\n    \n            \n    \u003Cdiv class=\u0022product-tile-item-action-wrapper\u0022\u003E\n        \u003Ca href=\u0022\/konferencni-kreslo-salma\u0022 class=\u0022btn-tile\u0022\n           data-text-desktop=\u0022Detail produktu\u0022\n           data-text-mobile=\u0022Detail\u0022\u003E\u003C\/a\u003E\n                    \u003Ca href=\u0022\/konferencni-kreslo-salma\u0022\n               class=\u0022btn-tile btn-icon-right\u0022\u003E\n                \u003Cspan class=\u0022icon-shopping-cart\u0022\u003E\u003C\/span\u003E\n                \u003Cspan class=\u0022btn-tile-text\u0022\u003EKoupit\u003C\/span\u003E\n            \u003C\/a\u003E\n            \u003C\/div\u003E\n    \u003C\/div\u003E        \u003C\/div\u003E\n                    \u003C\/div\u003E\n\u003C\/div\u003E            \u003Cdiv class=\u0022product-tile-item js-product-tile js-block-preloader\u0022 id=\u0022js-product-tile-236\u0022\u003E\n    \u003Cdiv class=\u0022product-tile-item-foreground js-product-tile-foreground\u0022\u003E\n        \u003Cdiv class=\u0022product-tile-item-info-wrapper\u0022 id=\u0022js-product-tile-236-info\u0022\u003E\n            \u003Cdiv class=\u0022product-tile-item-basic-info\u0022\u003E\n    \u003Cdiv class=\u0022product-tile-item-image-wrapper position-relative\u0022\u003E\n        \u003Cdiv class=\u0022product-tile-item-image\u0022\u003E\n                        \u003Ca href=\u0022\/dvojsedak-salma-salma-2sedak\u0022\u003E\n                \u003Cpicture\u003E\n                    \u003Cimg\n                            src=\u0022\u0022\n                            data-src=\u0022https:\/\/www.kresla-zidle.cz\/temp\/product\/list\/img-p-1-9-3-9-2-19392.png\u0022\n                            alt=\u0022K\u0159eslo SALMA - 2 sed\u00e1k\u0022\n                            class=\u0022img-fluid js-lazy-img\u0022\u003E\n                \u003C\/picture\u003E\n            \u003C\/a\u003E\n        \u003C\/div\u003E\n        \u003Cdiv class=\u0022product-tile-item-tags-wrapper\u0022\u003E\n    \u003Cdiv class=\u0022product-item-tags-left\u0022\u003E\n                                                    \u003C\/div\u003E\n    \u003Cdiv class=\u0022product-item-tags-right\u0022\u003E\n                                                                                \u003Cdiv class=\u0022product-tile-tags-manufacturer\u0022\u003E\n                \u003Ca href=\u0022\/alba\u0022\u003E\n                    \u003Cimg src=\u0022https:\/\/www.kresla-zidle.cz\/images\/manufacturer-front-tag\/11.png\u0022 alt=\u0022ALBA\u0022 class=\u0022img-fluid\u0022 loading=\u0022lazy\u0022\u003E\n                \u003C\/a\u003E\n            \u003C\/div\u003E\n            \u003C\/div\u003E\n\u003C\/div\u003E    \u003C\/div\u003E\n\n                \n    \u003Cdiv class=\u0022product-tile-item-heading-info\u0022\u003E\n        \u003Cdiv class=\u0022product-tile-category\u0022\u003EKancel\u00e1\u0159\u003C\/div\u003E        \u003Ch2 class=\u0022product-tile-heading\u0022\u003E\u003Ca href=\u0022\/dvojsedak-salma-salma-2sedak\u0022\u003EDvojsed\u00e1k SALMA\u003C\/a\u003E\u003C\/h2\u003E\n    \u003C\/div\u003E\n    \u003Cdiv class=\u0022product-tile-item-params\u0022\u003E\n                                                                                        \u003Cdiv class=\u0022product-tile-item-params__item\u0022\u003E\n                                                    kov\n                            \n                                            \u003C\/div\u003E\n                                                                                    \u003Cdiv class=\u0022product-tile-item-params__item\u0022\u003E\n                                                    ANO\n                            \n                                            \u003C\/div\u003E\n                                                                                    \u003Cdiv class=\u0022product-tile-item-params__item\u0022\u003E\n                                                    200 kg\n                            \n                                            \u003C\/div\u003E\n                                                                                    \u003Cdiv class=\u0022product-tile-item-params__item\u0022\u003E\n                                                    5 let\n                            \n                                            \u003C\/div\u003E\n                                                                                                                            \u003C\/div\u003E\n    \u003Cdiv class=\u0022product-tile-item-price-availability\u0022\u003E\n        \u003Cdiv class=\u0022product-tile-item-price-wrapper\u0022\u003E\n            \n\n        \u003Cdiv class=\u0022price-current\u0022\u003E11 072 K\u010d\u003C\/div\u003E\n    \u003Cdiv class=\u0022price-info\u0022\u003E9 150 K\u010d bez DPH\u003C\/div\u003E        \u003C\/div\u003E\n        \u003Cdiv class=\u0022product-tile-item-availability-wrapper\u0022\u003E\n            \u003Cdiv class=\u0022availability\u0022\u003E\u003Cspan class=\u0022availability-icon icon-glass-hour\u0022\u003E\u003C\/span\u003E do 42 dn\u016f\u003C\/div\u003E        \u003C\/div\u003E\n        \u003Cdiv\u003E\n            \n    \n    \n\n\n        \u003C\/div\u003E\n    \u003C\/div\u003E\n\u003C\/div\u003E\n\u003Cdiv class=\u0022product-tile-item-extended-info\u0022\u003E\n\n            \u003Cdiv class=\u0022product-tile-item-description\u0022\u003E\n            \u003Cp\u003ECelo\u010daloun\u011bn\u00e9 dvoum\u00edstn\u00e9 konferen\u010dn\u00ed k\u0159eslo\u003C\/p\u003E\n        \u003C\/div\u003E\n                \u003Cdiv class=\u0022product-tile-item-services\u0022\u003E\n        \u003Ca href=\u0022\/product\/favourite\/add\/236\u0022 class=\u0022service-item \u0022 data-product-favourite=\u0022236\u0022 data-method=\u0022POST\u0022\u003E\u003Cspan class=\u0022icon-heart\u0022\u003E\u003C\/span\u003E Obl\u00edben\u00e9\u003C\/a\u003E        \u003Cspan class=\u0022service-item\u0022\u003E\u003Cspan class=\u0022icon-chart\u0022\u003E\u003C\/span\u003E SALMA 2-sed\u00e1k\u003C\/span\u003E\n    \u003C\/div\u003E\n    \n            \n    \u003Cdiv class=\u0022product-tile-item-action-wrapper\u0022\u003E\n        \u003Ca href=\u0022\/dvojsedak-salma-salma-2sedak\u0022 class=\u0022btn-tile\u0022\n           data-text-desktop=\u0022Detail produktu\u0022\n           data-text-mobile=\u0022Detail\u0022\u003E\u003C\/a\u003E\n                    \u003Ca href=\u0022\/dvojsedak-salma-salma-2sedak\u0022\n               class=\u0022btn-tile btn-icon-right\u0022\u003E\n                \u003Cspan class=\u0022icon-shopping-cart\u0022\u003E\u003C\/span\u003E\n                \u003Cspan class=\u0022btn-tile-text\u0022\u003EKoupit\u003C\/span\u003E\n            \u003C\/a\u003E\n            \u003C\/div\u003E\n    \u003C\/div\u003E        \u003C\/div\u003E\n                    \u003C\/div\u003E\n\u003C\/div\u003E            \u003Cdiv class=\u0022product-tile-item js-product-tile js-block-preloader\u0022 id=\u0022js-product-tile-237\u0022\u003E\n    \u003Cdiv class=\u0022product-tile-item-foreground js-product-tile-foreground\u0022\u003E\n        \u003Cdiv class=\u0022product-tile-item-info-wrapper\u0022 id=\u0022js-product-tile-237-info\u0022\u003E\n            \u003Cdiv class=\u0022product-tile-item-basic-info\u0022\u003E\n    \u003Cdiv class=\u0022product-tile-item-image-wrapper position-relative\u0022\u003E\n        \u003Cdiv class=\u0022product-tile-item-image\u0022\u003E\n                        \u003Ca href=\u0022\/trojsedak-salma-salma-3sedak\u0022\u003E\n                \u003Cpicture\u003E\n                    \u003Cimg\n                            src=\u0022\u0022\n                            data-src=\u0022https:\/\/www.kresla-zidle.cz\/temp\/product\/list\/img-p-2-6-5-0-3-26503.png\u0022\n                            alt=\u0022K\u0159eslo SALMA - 3 sed\u00e1k\u0022\n                            class=\u0022img-fluid js-lazy-img\u0022\u003E\n                \u003C\/picture\u003E\n            \u003C\/a\u003E\n        \u003C\/div\u003E\n        \u003Cdiv class=\u0022product-tile-item-tags-wrapper\u0022\u003E\n    \u003Cdiv class=\u0022product-item-tags-left\u0022\u003E\n                                                    \u003C\/div\u003E\n    \u003Cdiv class=\u0022product-item-tags-right\u0022\u003E\n                                                                                \u003Cdiv class=\u0022product-tile-tags-manufacturer\u0022\u003E\n                \u003Ca href=\u0022\/alba\u0022\u003E\n                    \u003Cimg src=\u0022https:\/\/www.kresla-zidle.cz\/images\/manufacturer-front-tag\/11.png\u0022 alt=\u0022ALBA\u0022 class=\u0022img-fluid\u0022 loading=\u0022lazy\u0022\u003E\n                \u003C\/a\u003E\n            \u003C\/div\u003E\n            \u003C\/div\u003E\n\u003C\/div\u003E    \u003C\/div\u003E\n\n                \n    \u003Cdiv class=\u0022product-tile-item-heading-info\u0022\u003E\n        \u003Cdiv class=\u0022product-tile-category\u0022\u003EOb\u00fdvac\u00ed pokoj\u003C\/div\u003E        \u003Ch2 class=\u0022product-tile-heading\u0022\u003E\u003Ca href=\u0022\/trojsedak-salma-salma-3sedak\u0022\u003ETrojsed\u00e1k SALMA\u003C\/a\u003E\u003C\/h2\u003E\n    \u003C\/div\u003E\n    \u003Cdiv class=\u0022product-tile-item-params\u0022\u003E\n                                                                                        \u003Cdiv class=\u0022product-tile-item-params__item\u0022\u003E\n                                                    kov\n                            \n                                            \u003C\/div\u003E\n                                                                                    \u003Cdiv class=\u0022product-tile-item-params__item\u0022\u003E\n                                                    ANO\n                            \n                                            \u003C\/div\u003E\n                                                                                    \u003Cdiv class=\u0022product-tile-item-params__item\u0022\u003E\n                                                    \n                            \n                                            \u003C\/div\u003E\n                                                                                    \u003Cdiv class=\u0022product-tile-item-params__item\u0022\u003E\n                                                    5 let\n                            \n                                            \u003C\/div\u003E\n                                                                                                                            \u003C\/div\u003E\n    \u003Cdiv class=\u0022product-tile-item-price-availability\u0022\u003E\n        \u003Cdiv class=\u0022product-tile-item-price-wrapper\u0022\u003E\n            \n\n        \u003Cdiv class=\u0022price-current\u0022\u003E16 251 K\u010d\u003C\/div\u003E\n    \u003Cdiv class=\u0022price-info\u0022\u003E13 430 K\u010d bez DPH\u003C\/div\u003E        \u003C\/div\u003E\n        \u003Cdiv class=\u0022product-tile-item-availability-wrapper\u0022\u003E\n            \u003Cdiv class=\u0022availability\u0022\u003E\u003Cspan class=\u0022availability-icon icon-glass-hour\u0022\u003E\u003C\/span\u003E do 42 dn\u016f\u003C\/div\u003E        \u003C\/div\u003E\n        \u003Cdiv\u003E\n            \n    \n    \n\n\n        \u003C\/div\u003E\n    \u003C\/div\u003E\n\u003C\/div\u003E\n\u003Cdiv class=\u0022product-tile-item-extended-info\u0022\u003E\n\n            \u003Cdiv class=\u0022product-tile-item-description\u0022\u003E\n            \u003Cp\u003ECelo\u010daloun\u011bn\u00e1 3-m\u00edstn\u00e1 pohovka\u00a0do recepc\u00ed nebo konferen\u010dn\u00edch m\u00edstnost\u00ed\u003C\/p\u003E\n        \u003C\/div\u003E\n                \u003Cdiv class=\u0022product-tile-item-services\u0022\u003E\n        \u003Ca href=\u0022\/product\/favourite\/add\/237\u0022 class=\u0022service-item \u0022 data-product-favourite=\u0022237\u0022 data-method=\u0022POST\u0022\u003E\u003Cspan class=\u0022icon-heart\u0022\u003E\u003C\/span\u003E Obl\u00edben\u00e9\u003C\/a\u003E        \u003Cspan class=\u0022service-item\u0022\u003E\u003Cspan class=\u0022icon-chart\u0022\u003E\u003C\/span\u003E SALMA 3-sed\u00e1k\u003C\/span\u003E\n    \u003C\/div\u003E\n    \n            \n    \u003Cdiv class=\u0022product-tile-item-action-wrapper\u0022\u003E\n        \u003Ca href=\u0022\/trojsedak-salma-salma-3sedak\u0022 class=\u0022btn-tile\u0022\n           data-text-desktop=\u0022Detail produktu\u0022\n           data-text-mobile=\u0022Detail\u0022\u003E\u003C\/a\u003E\n                    \u003Ca href=\u0022\/trojsedak-salma-salma-3sedak\u0022\n               class=\u0022btn-tile btn-icon-right\u0022\u003E\n                \u003Cspan class=\u0022icon-shopping-cart\u0022\u003E\u003C\/span\u003E\n                \u003Cspan class=\u0022btn-tile-text\u0022\u003EKoupit\u003C\/span\u003E\n            \u003C\/a\u003E\n            \u003C\/div\u003E\n    \u003C\/div\u003E        \u003C\/div\u003E\n                    \u003C\/div\u003E\n\u003C\/div\u003E            \u003Cdiv class=\u0022product-tile-item js-product-tile js-block-preloader\u0022 id=\u0022js-product-tile-334\u0022\u003E\n    \u003Cdiv class=\u0022product-tile-item-foreground js-product-tile-foreground\u0022\u003E\n        \u003Cdiv class=\u0022product-tile-item-info-wrapper\u0022 id=\u0022js-product-tile-334-info\u0022\u003E\n            \u003Cdiv class=\u0022product-tile-item-basic-info\u0022\u003E\n    \u003Cdiv class=\u0022product-tile-item-image-wrapper position-relative\u0022\u003E\n        \u003Cdiv class=\u0022product-tile-item-image\u0022\u003E\n                        \u003Ca href=\u0022\/kresilko-belen-wood\u0022\u003E\n                \u003Cpicture\u003E\n                    \u003Cimg\n                            src=\u0022\u0022\n                            data-src=\u0022https:\/\/www.kresla-zidle.cz\/temp\/product\/list\/belen-wood-20.png\u0022\n                            alt=\u0022K\u0159es\u00edlko BELEN WOOD\u0022\n                            class=\u0022img-fluid js-lazy-img\u0022\u003E\n                \u003C\/picture\u003E\n            \u003C\/a\u003E\n        \u003C\/div\u003E\n        \u003Cdiv class=\u0022product-tile-item-tags-wrapper\u0022\u003E\n    \u003Cdiv class=\u0022product-item-tags-left\u0022\u003E\n                                                    \u003C\/div\u003E\n    \u003Cdiv class=\u0022product-item-tags-right\u0022\u003E\n                                                                                \u003Cdiv class=\u0022product-tile-tags-manufacturer\u0022\u003E\n                \u003Ca href=\u0022\/antares\u0022\u003E\n                    \u003Cimg src=\u0022https:\/\/www.kresla-zidle.cz\/images\/manufacturer-front-tag\/9.png\u0022 alt=\u0022ANTARES\u0022 class=\u0022img-fluid\u0022 loading=\u0022lazy\u0022\u003E\n                \u003C\/a\u003E\n            \u003C\/div\u003E\n            \u003C\/div\u003E\n\u003C\/div\u003E    \u003C\/div\u003E\n\n                \n    \u003Cdiv class=\u0022product-tile-item-heading-info\u0022\u003E\n        \u003Cdiv class=\u0022product-tile-category\u0022\u003EOb\u00fdvac\u00ed pokoj\u003C\/div\u003E        \u003Ch2 class=\u0022product-tile-heading\u0022\u003E\u003Ca href=\u0022\/kresilko-belen-wood\u0022\u003EK\u0159es\u00edlko Belen Wood\u003C\/a\u003E\u003C\/h2\u003E\n    \u003C\/div\u003E\n    \u003Cdiv class=\u0022product-tile-item-params\u0022\u003E\n                                                                                        \u003Cdiv class=\u0022product-tile-item-params__item\u0022\u003E\n                                                    D\u0159evo\n                            \n                                            \u003C\/div\u003E\n                                                                                    \u003Cdiv class=\u0022product-tile-item-params__item\u0022\u003E\n                                                    ANO\n                            \n                                            \u003C\/div\u003E\n                                                                                    \u003Cdiv class=\u0022product-tile-item-params__item\u0022\u003E\n                                                    120 kg\n                            \n                                            \u003C\/div\u003E\n                                                                                    \u003Cdiv class=\u0022product-tile-item-params__item\u0022\u003E\n                                                    5 let\n                            \n                                            \u003C\/div\u003E\n                                                                                                                            \u003C\/div\u003E\n    \u003Cdiv class=\u0022product-tile-item-price-availability\u0022\u003E\n        \u003Cdiv class=\u0022product-tile-item-price-wrapper\u0022\u003E\n            \n\n        \u003Cdiv class=\u0022price-current\u0022\u003E8 185 K\u010d\u003C\/div\u003E\n    \u003Cdiv class=\u0022price-info\u0022\u003E6 764 K\u010d bez DPH\u003C\/div\u003E        \u003C\/div\u003E\n        \u003Cdiv class=\u0022product-tile-item-availability-wrapper\u0022\u003E\n            \u003Cdiv class=\u0022availability\u0022 style=\u0022color: #fb8908;\u0022\u003E\u003Cspan class=\u0022availability-icon icon-glass-hour\u0022\u003E\u003C\/span\u003E do 28 dn\u016f\u003C\/div\u003E        \u003C\/div\u003E\n        \u003Cdiv\u003E\n            \n    \n    \n\n\n        \u003C\/div\u003E\n    \u003C\/div\u003E\n\u003C\/div\u003E\n\u003Cdiv class=\u0022product-tile-item-extended-info\u0022\u003E\n\n            \u003Cdiv class=\u0022product-tile-item-description\u0022\u003E\n            \u003Cp\u003EAtraktivn\u00ed celo\u010daloun\u011bn\u00e9 k\u0159es\u00edlko s d\u0159ev\u011bnou podno\u017e\u00ed.\u003C\/p\u003E\n        \u003C\/div\u003E\n                \u003Cdiv class=\u0022product-tile-item-services\u0022\u003E\n        \u003Ca href=\u0022\/product\/favourite\/add\/334\u0022 class=\u0022service-item \u0022 data-product-favourite=\u0022334\u0022 data-method=\u0022POST\u0022\u003E\u003Cspan class=\u0022icon-heart\u0022\u003E\u003C\/span\u003E Obl\u00edben\u00e9\u003C\/a\u003E        \u003Cspan class=\u0022service-item\u0022\u003E\u003Cspan class=\u0022icon-chart\u0022\u003E\u003C\/span\u003E Belen Wood\u003C\/span\u003E\n    \u003C\/div\u003E\n    \n            \n    \u003Cdiv class=\u0022product-tile-item-action-wrapper\u0022\u003E\n        \u003Ca href=\u0022\/kresilko-belen-wood\u0022 class=\u0022btn-tile\u0022\n           data-text-desktop=\u0022Detail produktu\u0022\n           data-text-mobile=\u0022Detail\u0022\u003E\u003C\/a\u003E\n                    \u003Ca href=\u0022\/kresilko-belen-wood\u0022\n               class=\u0022btn-tile btn-icon-right\u0022\u003E\n                \u003Cspan class=\u0022icon-shopping-cart\u0022\u003E\u003C\/span\u003E\n                \u003Cspan class=\u0022btn-tile-text\u0022\u003EKoupit\u003C\/span\u003E\n            \u003C\/a\u003E\n            \u003C\/div\u003E\n    \u003C\/div\u003E        \u003C\/div\u003E\n                    \u003C\/div\u003E\n\u003C\/div\u003E            \u003Cdiv class=\u0022product-tile-item js-product-tile js-block-preloader\u0022 id=\u0022js-product-tile-335\u0022\u003E\n    \u003Cdiv class=\u0022product-tile-item-foreground js-product-tile-foreground\u0022\u003E\n        \u003Cdiv class=\u0022product-tile-item-info-wrapper\u0022 id=\u0022js-product-tile-335-info\u0022\u003E\n            \u003Cdiv class=\u0022product-tile-item-basic-info\u0022\u003E\n    \u003Cdiv class=\u0022product-tile-item-image-wrapper position-relative\u0022\u003E\n        \u003Cdiv class=\u0022product-tile-item-image\u0022\u003E\n                        \u003Ca href=\u0022\/kresilko-belen-style\u0022\u003E\n                \u003Cpicture\u003E\n                    \u003Cimg\n                            src=\u0022\u0022\n                            data-src=\u0022https:\/\/www.kresla-zidle.cz\/temp\/product\/list\/img-p-1-7-8-0-3-17803.png\u0022\n                            alt=\u0022K\u0159es\u00edlko BELEN STYLE\u0022\n                            class=\u0022img-fluid js-lazy-img\u0022\u003E\n                \u003C\/picture\u003E\n            \u003C\/a\u003E\n        \u003C\/div\u003E\n        \u003Cdiv class=\u0022product-tile-item-tags-wrapper\u0022\u003E\n    \u003Cdiv class=\u0022product-item-tags-left\u0022\u003E\n                                                    \u003C\/div\u003E\n    \u003Cdiv class=\u0022product-item-tags-right\u0022\u003E\n                                                                                \u003Cdiv class=\u0022product-tile-tags-manufacturer\u0022\u003E\n                \u003Ca href=\u0022\/antares\u0022\u003E\n                    \u003Cimg src=\u0022https:\/\/www.kresla-zidle.cz\/images\/manufacturer-front-tag\/9.png\u0022 alt=\u0022ANTARES\u0022 class=\u0022img-fluid\u0022 loading=\u0022lazy\u0022\u003E\n                \u003C\/a\u003E\n            \u003C\/div\u003E\n            \u003C\/div\u003E\n\u003C\/div\u003E    \u003C\/div\u003E\n\n                \n    \u003Cdiv class=\u0022product-tile-item-heading-info\u0022\u003E\n        \u003Cdiv class=\u0022product-tile-category\u0022\u003EOb\u00fdvac\u00ed pokoj\u003C\/div\u003E        \u003Ch2 class=\u0022product-tile-heading\u0022\u003E\u003Ca href=\u0022\/kresilko-belen-style\u0022\u003EK\u0159es\u00edlko Belen Style\u003C\/a\u003E\u003C\/h2\u003E\n    \u003C\/div\u003E\n    \u003Cdiv class=\u0022product-tile-item-params\u0022\u003E\n                                                                                        \u003Cdiv class=\u0022product-tile-item-params__item\u0022\u003E\n                                                    kov\n                            \n                                            \u003C\/div\u003E\n                                                                                    \u003Cdiv class=\u0022product-tile-item-params__item\u0022\u003E\n                                                    ANO\n                            \n                                            \u003C\/div\u003E\n                                                                                    \u003Cdiv class=\u0022product-tile-item-params__item\u0022\u003E\n                                                    120 kg\n                            \n                                            \u003C\/div\u003E\n                                                                                    \u003Cdiv class=\u0022product-tile-item-params__item\u0022\u003E\n                                                    5 let\n                            \n                                            \u003C\/div\u003E\n                                                                                                                            \u003C\/div\u003E\n    \u003Cdiv class=\u0022product-tile-item-price-availability\u0022\u003E\n        \u003Cdiv class=\u0022product-tile-item-price-wrapper\u0022\u003E\n            \n\n        \u003Cdiv class=\u0022price-current\u0022\u003E10 278 K\u010d\u003C\/div\u003E\n    \u003Cdiv class=\u0022price-info\u0022\u003E8 494 K\u010d bez DPH\u003C\/div\u003E        \u003C\/div\u003E\n        \u003Cdiv class=\u0022product-tile-item-availability-wrapper\u0022\u003E\n            \u003Cdiv class=\u0022availability\u0022 style=\u0022color: #fb8908;\u0022\u003E\u003Cspan class=\u0022availability-icon icon-glass-hour\u0022\u003E\u003C\/span\u003E do 28 dn\u016f\u003C\/div\u003E        \u003C\/div\u003E\n        \u003Cdiv\u003E\n            \n    \n    \n\n\n        \u003C\/div\u003E\n    \u003C\/div\u003E\n\u003C\/div\u003E\n\u003Cdiv class=\u0022product-tile-item-extended-info\u0022\u003E\n\n            \u003Cdiv class=\u0022product-tile-item-description\u0022\u003E\n            \u003Cp\u003EOto\u010dn\u00e9 celo\u010daloun\u011bn\u00e9 k\u0159es\u00edlko s kovovu\u00a0podno\u017e\u00ed.\u003C\/p\u003E\n        \u003C\/div\u003E\n                \u003Cdiv class=\u0022product-tile-item-services\u0022\u003E\n        \u003Ca href=\u0022\/product\/favourite\/add\/335\u0022 class=\u0022service-item \u0022 data-product-favourite=\u0022335\u0022 data-method=\u0022POST\u0022\u003E\u003Cspan class=\u0022icon-heart\u0022\u003E\u003C\/span\u003E Obl\u00edben\u00e9\u003C\/a\u003E        \u003Cspan class=\u0022service-item\u0022\u003E\u003Cspan class=\u0022icon-chart\u0022\u003E\u003C\/span\u003E Belen Style\u003C\/span\u003E\n    \u003C\/div\u003E\n    \n            \n    \u003Cdiv class=\u0022product-tile-item-action-wrapper\u0022\u003E\n        \u003Ca href=\u0022\/kresilko-belen-style\u0022 class=\u0022btn-tile\u0022\n           data-text-desktop=\u0022Detail produktu\u0022\n           data-text-mobile=\u0022Detail\u0022\u003E\u003C\/a\u003E\n                    \u003Ca href=\u0022\/kresilko-belen-style\u0022\n               class=\u0022btn-tile btn-icon-right\u0022\u003E\n                \u003Cspan class=\u0022icon-shopping-cart\u0022\u003E\u003C\/span\u003E\n                \u003Cspan class=\u0022btn-tile-text\u0022\u003EKoupit\u003C\/span\u003E\n            \u003C\/a\u003E\n            \u003C\/div\u003E\n    \u003C\/div\u003E        \u003C\/div\u003E\n                    \u003C\/div\u003E\n\u003C\/div\u003E            \u003Cdiv class=\u0022product-tile-item js-product-tile js-block-preloader\u0022 id=\u0022js-product-tile-337\u0022\u003E\n    \u003Cdiv class=\u0022product-tile-item-foreground js-product-tile-foreground\u0022\u003E\n        \u003Cdiv class=\u0022product-tile-item-info-wrapper\u0022 id=\u0022js-product-tile-337-info\u0022\u003E\n            \u003Cdiv class=\u0022product-tile-item-basic-info\u0022\u003E\n    \u003Cdiv class=\u0022product-tile-item-image-wrapper position-relative\u0022\u003E\n        \u003Cdiv class=\u0022product-tile-item-image\u0022\u003E\n                        \u003Ca href=\u0022\/kresilko-belen-visitor\u0022\u003E\n                \u003Cpicture\u003E\n                    \u003Cimg\n                            src=\u0022\u0022\n                            data-src=\u0022https:\/\/www.kresla-zidle.cz\/temp\/product\/list\/img-p-1-7-8-0-5-17805.png\u0022\n                            alt=\u0022K\u0159es\u00edlko Belen Visitor\u0022\n                            class=\u0022img-fluid js-lazy-img\u0022\u003E\n                \u003C\/picture\u003E\n            \u003C\/a\u003E\n        \u003C\/div\u003E\n        \u003Cdiv class=\u0022product-tile-item-tags-wrapper\u0022\u003E\n    \u003Cdiv class=\u0022product-item-tags-left\u0022\u003E\n                                                            \u003Cdiv class=\u0022product-item-tags-discount\u0022\u003E\n                \u003Cdiv class=\u0022tag-discount\u0022\u003E-6%\u003C\/div\u003E\n            \u003C\/div\u003E\n            \u003C\/div\u003E\n    \u003Cdiv class=\u0022product-item-tags-right\u0022\u003E\n                    \u003Cdiv class=\u0022tag-item-wrapper\u0022\u003E\n                \u003Cdiv class=\u0022tag-item\u0022 style=\u0022background-color: #58c582; color: #ffffff;\u0022\u003E\n                    U\u0160ET\u0158\u00cdTE 451 K\u010d\n                \u003C\/div\u003E\n            \u003C\/div\u003E\n                                                                                \u003Cdiv class=\u0022product-tile-tags-manufacturer\u0022\u003E\n                \u003Ca href=\u0022\/antares\u0022\u003E\n                    \u003Cimg src=\u0022https:\/\/www.kresla-zidle.cz\/images\/manufacturer-front-tag\/9.png\u0022 alt=\u0022ANTARES\u0022 class=\u0022img-fluid\u0022 loading=\u0022lazy\u0022\u003E\n                \u003C\/a\u003E\n            \u003C\/div\u003E\n            \u003C\/div\u003E\n\u003C\/div\u003E    \u003C\/div\u003E\n\n                \n    \u003Cdiv class=\u0022product-tile-item-heading-info\u0022\u003E\n        \u003Cdiv class=\u0022product-tile-category\u0022\u003EOb\u00fdvac\u00ed pokoj\u003C\/div\u003E        \u003Ch2 class=\u0022product-tile-heading\u0022\u003E\u003Ca href=\u0022\/kresilko-belen-visitor\u0022\u003EK\u0159es\u00edlko Belen Visitor\u003C\/a\u003E\u003C\/h2\u003E\n    \u003C\/div\u003E\n    \u003Cdiv class=\u0022product-tile-item-params\u0022\u003E\n                                                                                        \u003Cdiv class=\u0022product-tile-item-params__item\u0022\u003E\n                                                    kov\n                            \n                                            \u003C\/div\u003E\n                                                                                    \u003Cdiv class=\u0022product-tile-item-params__item\u0022\u003E\n                                                    ANO\n                            \n                                            \u003C\/div\u003E\n                                                                                    \u003Cdiv class=\u0022product-tile-item-params__item\u0022\u003E\n                                                    120 kg\n                            \n                                            \u003C\/div\u003E\n                                                                                    \u003Cdiv class=\u0022product-tile-item-params__item\u0022\u003E\n                                                    5 let\n                            \n                                            \u003C\/div\u003E\n                                                                                                                            \u003C\/div\u003E\n    \u003Cdiv class=\u0022product-tile-item-price-availability\u0022\u003E\n        \u003Cdiv class=\u0022product-tile-item-price-wrapper\u0022\u003E\n            \n\n    \u003Cdiv class=\u0022price-original\u0022\u003E7 509 K\u010d\u003C\/div\u003E    \u003Cdiv class=\u0022price-current\u0022\u003E7 058 K\u010d\u003C\/div\u003E\n    \u003Cdiv class=\u0022price-info\u0022\u003E5 833 K\u010d bez DPH\u003C\/div\u003E        \u003C\/div\u003E\n        \u003Cdiv class=\u0022product-tile-item-availability-wrapper\u0022\u003E\n            \u003Cdiv class=\u0022availability\u0022 style=\u0022color: #fb8908;\u0022\u003E\u003Cspan class=\u0022availability-icon icon-glass-hour\u0022\u003E\u003C\/span\u003E do 28 dn\u016f\u003C\/div\u003E        \u003C\/div\u003E\n        \u003Cdiv\u003E\n            \n    \n    \n\n\n        \u003C\/div\u003E\n    \u003C\/div\u003E\n\u003C\/div\u003E\n\u003Cdiv class=\u0022product-tile-item-extended-info\u0022\u003E\n\n            \u003Cdiv class=\u0022product-tile-item-description\u0022\u003E\n            \u003Cp\u003ECelo\u010daloun\u011bn\u00e9 k\u0159es\u00edlko na\u00a0\u010dty\u0159noh\u00e9 kovov\u00e9 kost\u0159e.\u003C\/p\u003E\n        \u003C\/div\u003E\n                \u003Cdiv class=\u0022product-tile-item-services\u0022\u003E\n        \u003Ca href=\u0022\/product\/favourite\/add\/337\u0022 class=\u0022service-item \u0022 data-product-favourite=\u0022337\u0022 data-method=\u0022POST\u0022\u003E\u003Cspan class=\u0022icon-heart\u0022\u003E\u003C\/span\u003E Obl\u00edben\u00e9\u003C\/a\u003E        \u003Cspan class=\u0022service-item\u0022\u003E\u003Cspan class=\u0022icon-chart\u0022\u003E\u003C\/span\u003E Belen Visitor\u003C\/span\u003E\n    \u003C\/div\u003E\n    \n            \n    \u003Cdiv class=\u0022product-tile-item-action-wrapper\u0022\u003E\n        \u003Ca href=\u0022\/kresilko-belen-visitor\u0022 class=\u0022btn-tile\u0022\n           data-text-desktop=\u0022Detail produktu\u0022\n           data-text-mobile=\u0022Detail\u0022\u003E\u003C\/a\u003E\n                    \u003Ca href=\u0022\/kresilko-belen-visitor\u0022\n               class=\u0022btn-tile btn-icon-right\u0022\u003E\n                \u003Cspan class=\u0022icon-shopping-cart\u0022\u003E\u003C\/span\u003E\n                \u003Cspan class=\u0022btn-tile-text\u0022\u003EKoupit\u003C\/span\u003E\n            \u003C\/a\u003E\n            \u003C\/div\u003E\n    \u003C\/div\u003E        \u003C\/div\u003E\n                    \u003C\/div\u003E\n\u003C\/div\u003E            \u003Cdiv class=\u0022product-tile-item js-product-tile js-block-preloader\u0022 id=\u0022js-product-tile-338\u0022\u003E\n    \u003Cdiv class=\u0022product-tile-item-foreground js-product-tile-foreground\u0022\u003E\n        \u003Cdiv class=\u0022product-tile-item-info-wrapper\u0022 id=\u0022js-product-tile-338-info\u0022\u003E\n            \u003Cdiv class=\u0022product-tile-item-basic-info\u0022\u003E\n    \u003Cdiv class=\u0022product-tile-item-image-wrapper position-relative\u0022\u003E\n        \u003Cdiv class=\u0022product-tile-item-image\u0022\u003E\n                        \u003Ca href=\u0022\/kresilko-wind-wood\u0022\u003E\n                \u003Cpicture\u003E\n                    \u003Cimg\n                            src=\u0022\u0022\n                            data-src=\u0022https:\/\/www.kresla-zidle.cz\/temp\/product\/list\/img-p-3-0-0-9-8-30098.png\u0022\n                            alt=\u0022K\u0159es\u00edlko Wind Wood\u0022\n                            class=\u0022img-fluid js-lazy-img\u0022\u003E\n                \u003C\/picture\u003E\n            \u003C\/a\u003E\n        \u003C\/div\u003E\n        \u003Cdiv class=\u0022product-tile-item-tags-wrapper\u0022\u003E\n    \u003Cdiv class=\u0022product-item-tags-left\u0022\u003E\n                                                    \u003C\/div\u003E\n    \u003Cdiv class=\u0022product-item-tags-right\u0022\u003E\n                                                                                \u003Cdiv class=\u0022product-tile-tags-manufacturer\u0022\u003E\n                \u003Ca href=\u0022\/antares\u0022\u003E\n                    \u003Cimg src=\u0022https:\/\/www.kresla-zidle.cz\/images\/manufacturer-front-tag\/9.png\u0022 alt=\u0022ANTARES\u0022 class=\u0022img-fluid\u0022 loading=\u0022lazy\u0022\u003E\n                \u003C\/a\u003E\n            \u003C\/div\u003E\n            \u003C\/div\u003E\n\u003C\/div\u003E    \u003C\/div\u003E\n\n                \n    \u003Cdiv class=\u0022product-tile-item-heading-info\u0022\u003E\n        \u003Cdiv class=\u0022product-tile-category\u0022\u003EOb\u00fdvac\u00ed pokoj\u003C\/div\u003E        \u003Ch2 class=\u0022product-tile-heading\u0022\u003E\u003Ca href=\u0022\/kresilko-wind-wood\u0022\u003EK\u0159es\u00edlko Wind Wood\u003C\/a\u003E\u003C\/h2\u003E\n    \u003C\/div\u003E\n    \u003Cdiv class=\u0022product-tile-item-params\u0022\u003E\n                                                                                        \u003Cdiv class=\u0022product-tile-item-params__item\u0022\u003E\n                                            \u003C\/div\u003E\n                                                                                    \u003Cdiv class=\u0022product-tile-item-params__item\u0022\u003E\n                                                    ANO\n                            \n                                            \u003C\/div\u003E\n                                                                                    \u003Cdiv class=\u0022product-tile-item-params__item\u0022\u003E\n                                            \u003C\/div\u003E\n                                                                                    \u003Cdiv class=\u0022product-tile-item-params__item\u0022\u003E\n                                                    5 let\n                            \n                                            \u003C\/div\u003E\n                                                                                                                            \u003C\/div\u003E\n    \u003Cdiv class=\u0022product-tile-item-price-availability\u0022\u003E\n        \u003Cdiv class=\u0022product-tile-item-price-wrapper\u0022\u003E\n            \n\n        \u003Cdiv class=\u0022price-current\u0022\u003E7 192 K\u010d\u003C\/div\u003E\n    \u003Cdiv class=\u0022price-info\u0022\u003E5 943 K\u010d bez DPH\u003C\/div\u003E        \u003C\/div\u003E\n        \u003Cdiv class=\u0022product-tile-item-availability-wrapper\u0022\u003E\n            \u003Cdiv class=\u0022availability\u0022 style=\u0022color: #fb8908;\u0022\u003E\u003Cspan class=\u0022availability-icon icon-glass-hour\u0022\u003E\u003C\/span\u003E do 28 dn\u016f\u003C\/div\u003E        \u003C\/div\u003E\n        \u003Cdiv\u003E\n            \n    \n    \n\n\n        \u003C\/div\u003E\n    \u003C\/div\u003E\n\u003C\/div\u003E\n\u003Cdiv class=\u0022product-tile-item-extended-info\u0022\u003E\n\n            \u003Cdiv class=\u0022product-tile-item-description\u0022\u003E\n            \u003Cp\u003EKonferen\u010dn\u00ed k\u0159es\u00edlko s \u010dty\u0159nohou d\u0159ev\u011bnou podno\u017e\u00ed.\u003C\/p\u003E\n        \u003C\/div\u003E\n                \u003Cdiv class=\u0022product-tile-item-services\u0022\u003E\n        \u003Ca href=\u0022\/product\/favourite\/add\/338\u0022 class=\u0022service-item \u0022 data-product-favourite=\u0022338\u0022 data-method=\u0022POST\u0022\u003E\u003Cspan class=\u0022icon-heart\u0022\u003E\u003C\/span\u003E Obl\u00edben\u00e9\u003C\/a\u003E        \u003Cspan class=\u0022service-item\u0022\u003E\u003Cspan class=\u0022icon-chart\u0022\u003E\u003C\/span\u003E Wind Wood\u003C\/span\u003E\n    \u003C\/div\u003E\n    \n            \n    \u003Cdiv class=\u0022product-tile-item-action-wrapper\u0022\u003E\n        \u003Ca href=\u0022\/kresilko-wind-wood\u0022 class=\u0022btn-tile\u0022\n           data-text-desktop=\u0022Detail produktu\u0022\n           data-text-mobile=\u0022Detail\u0022\u003E\u003C\/a\u003E\n                    \u003Ca href=\u0022\/kresilko-wind-wood\u0022\n               class=\u0022btn-tile btn-icon-right\u0022\u003E\n                \u003Cspan class=\u0022icon-shopping-cart\u0022\u003E\u003C\/span\u003E\n                \u003Cspan class=\u0022btn-tile-text\u0022\u003EKoupit\u003C\/span\u003E\n            \u003C\/a\u003E\n            \u003C\/div\u003E\n    \u003C\/div\u003E        \u003C\/div\u003E\n                    \u003C\/div\u003E\n\u003C\/div\u003E            \u003Cdiv class=\u0022product-tile-item js-product-tile js-block-preloader\u0022 id=\u0022js-product-tile-339\u0022\u003E\n    \u003Cdiv class=\u0022product-tile-item-foreground js-product-tile-foreground\u0022\u003E\n        \u003Cdiv class=\u0022product-tile-item-info-wrapper\u0022 id=\u0022js-product-tile-339-info\u0022\u003E\n            \u003Cdiv class=\u0022product-tile-item-basic-info\u0022\u003E\n    \u003Cdiv class=\u0022product-tile-item-image-wrapper position-relative\u0022\u003E\n        \u003Cdiv class=\u0022product-tile-item-image\u0022\u003E\n                        \u003Ca href=\u0022\/kresilko-wind-style\u0022\u003E\n                \u003Cpicture\u003E\n                    \u003Cimg\n                            src=\u0022\u0022\n                            data-src=\u0022https:\/\/www.kresla-zidle.cz\/temp\/product\/list\/img-p-1-7-8-0-7-17807.png\u0022\n                            alt=\u0022K\u0159es\u00edlko Wind Style\u0022\n                            class=\u0022img-fluid js-lazy-img\u0022\u003E\n                \u003C\/picture\u003E\n            \u003C\/a\u003E\n        \u003C\/div\u003E\n        \u003Cdiv class=\u0022product-tile-item-tags-wrapper\u0022\u003E\n    \u003Cdiv class=\u0022product-item-tags-left\u0022\u003E\n                                                    \u003C\/div\u003E\n    \u003Cdiv class=\u0022product-item-tags-right\u0022\u003E\n                                                                                \u003Cdiv class=\u0022product-tile-tags-manufacturer\u0022\u003E\n                \u003Ca href=\u0022\/antares\u0022\u003E\n                    \u003Cimg src=\u0022https:\/\/www.kresla-zidle.cz\/images\/manufacturer-front-tag\/9.png\u0022 alt=\u0022ANTARES\u0022 class=\u0022img-fluid\u0022 loading=\u0022lazy\u0022\u003E\n                \u003C\/a\u003E\n            \u003C\/div\u003E\n            \u003C\/div\u003E\n\u003C\/div\u003E    \u003C\/div\u003E\n\n                \n    \u003Cdiv class=\u0022product-tile-item-heading-info\u0022\u003E\n        \u003Cdiv class=\u0022product-tile-category\u0022\u003EOb\u00fdvac\u00ed pokoj\u003C\/div\u003E        \u003Ch2 class=\u0022product-tile-heading\u0022\u003E\u003Ca href=\u0022\/kresilko-wind-style\u0022\u003EK\u0159es\u00edlko Wind Style\u003C\/a\u003E\u003C\/h2\u003E\n    \u003C\/div\u003E\n    \u003Cdiv class=\u0022product-tile-item-params\u0022\u003E\n                                                                                        \u003Cdiv class=\u0022product-tile-item-params__item\u0022\u003E\n                                            \u003C\/div\u003E\n                                                                                    \u003Cdiv class=\u0022product-tile-item-params__item\u0022\u003E\n                                                    ANO\n                            \n                                            \u003C\/div\u003E\n                                                                                    \u003Cdiv class=\u0022product-tile-item-params__item\u0022\u003E\n                                            \u003C\/div\u003E\n                                                                                    \u003Cdiv class=\u0022product-tile-item-params__item\u0022\u003E\n                                                    5 let\n                            \n                                            \u003C\/div\u003E\n                                                                                                                            \u003C\/div\u003E\n    \u003Cdiv class=\u0022product-tile-item-price-availability\u0022\u003E\n        \u003Cdiv class=\u0022product-tile-item-price-wrapper\u0022\u003E\n            \n\n        \u003Cdiv class=\u0022price-current\u0022\u003E9 269 K\u010d\u003C\/div\u003E\n    \u003Cdiv class=\u0022price-info\u0022\u003E7 660 K\u010d bez DPH\u003C\/div\u003E        \u003C\/div\u003E\n        \u003Cdiv class=\u0022product-tile-item-availability-wrapper\u0022\u003E\n            \u003Cdiv class=\u0022availability\u0022 style=\u0022color: #fb8908;\u0022\u003E\u003Cspan class=\u0022availability-icon icon-glass-hour\u0022\u003E\u003C\/span\u003E do 28 dn\u016f\u003C\/div\u003E        \u003C\/div\u003E\n        \u003Cdiv\u003E\n            \n    \n    \n\n\n        \u003C\/div\u003E\n    \u003C\/div\u003E\n\u003C\/div\u003E\n\u003Cdiv class=\u0022product-tile-item-extended-info\u0022\u003E\n\n            \u003Cdiv class=\u0022product-tile-item-description\u0022\u003E\n            \u003Cp\u003EKonferen\u010dn\u00ed k\u0159es\u00edlko s \u010dty\u0159nohou podno\u017e\u00ed na oto\u010dn\u00e9m \u010depu.\u003C\/p\u003E\n        \u003C\/div\u003E\n                \u003Cdiv class=\u0022product-tile-item-services\u0022\u003E\n        \u003Ca href=\u0022\/product\/favourite\/add\/339\u0022 class=\u0022service-item \u0022 data-product-favourite=\u0022339\u0022 data-method=\u0022POST\u0022\u003E\u003Cspan class=\u0022icon-heart\u0022\u003E\u003C\/span\u003E Obl\u00edben\u00e9\u003C\/a\u003E        \u003Cspan class=\u0022service-item\u0022\u003E\u003Cspan class=\u0022icon-chart\u0022\u003E\u003C\/span\u003E Wind Style\u003C\/span\u003E\n    \u003C\/div\u003E\n    \n            \n    \u003Cdiv class=\u0022product-tile-item-action-wrapper\u0022\u003E\n        \u003Ca href=\u0022\/kresilko-wind-style\u0022 class=\u0022btn-tile\u0022\n           data-text-desktop=\u0022Detail produktu\u0022\n           data-text-mobile=\u0022Detail\u0022\u003E\u003C\/a\u003E\n                    \u003Ca href=\u0022\/kresilko-wind-style\u0022\n               class=\u0022btn-tile btn-icon-right\u0022\u003E\n                \u003Cspan class=\u0022icon-shopping-cart\u0022\u003E\u003C\/span\u003E\n                \u003Cspan class=\u0022btn-tile-text\u0022\u003EKoupit\u003C\/span\u003E\n            \u003C\/a\u003E\n            \u003C\/div\u003E\n    \u003C\/div\u003E        \u003C\/div\u003E\n                    \u003C\/div\u003E\n\u003C\/div\u003E            \u003Cdiv class=\u0022product-tile-item js-product-tile js-block-preloader\u0022 id=\u0022js-product-tile-341\u0022\u003E\n    \u003Cdiv class=\u0022product-tile-item-foreground js-product-tile-foreground\u0022\u003E\n        \u003Cdiv class=\u0022product-tile-item-info-wrapper\u0022 id=\u0022js-product-tile-341-info\u0022\u003E\n            \u003Cdiv class=\u0022product-tile-item-basic-info\u0022\u003E\n    \u003Cdiv class=\u0022product-tile-item-image-wrapper position-relative\u0022\u003E\n        \u003Cdiv class=\u0022product-tile-item-image\u0022\u003E\n                        \u003Ca href=\u0022\/kresilk-wind-visitor\u0022\u003E\n                \u003Cpicture\u003E\n                    \u003Cimg\n                            src=\u0022\u0022\n                            data-src=\u0022https:\/\/www.kresla-zidle.cz\/temp\/product\/list\/img-p-3-0-1-1-1-30111.png\u0022\n                            alt=\u0022K\u0159es\u00edlko Wind Visitor\u0022\n                            class=\u0022img-fluid js-lazy-img\u0022\u003E\n                \u003C\/picture\u003E\n            \u003C\/a\u003E\n        \u003C\/div\u003E\n        \u003Cdiv class=\u0022product-tile-item-tags-wrapper\u0022\u003E\n    \u003Cdiv class=\u0022product-item-tags-left\u0022\u003E\n                                                    \u003C\/div\u003E\n    \u003Cdiv class=\u0022product-item-tags-right\u0022\u003E\n                                                                                \u003Cdiv class=\u0022product-tile-tags-manufacturer\u0022\u003E\n                \u003Ca href=\u0022\/antares\u0022\u003E\n                    \u003Cimg src=\u0022https:\/\/www.kresla-zidle.cz\/images\/manufacturer-front-tag\/9.png\u0022 alt=\u0022ANTARES\u0022 class=\u0022img-fluid\u0022 loading=\u0022lazy\u0022\u003E\n                \u003C\/a\u003E\n            \u003C\/div\u003E\n            \u003C\/div\u003E\n\u003C\/div\u003E    \u003C\/div\u003E\n\n                \n    \u003Cdiv class=\u0022product-tile-item-heading-info\u0022\u003E\n        \u003Cdiv class=\u0022product-tile-category\u0022\u003EOb\u00fdvac\u00ed pokoj\u003C\/div\u003E        \u003Ch2 class=\u0022product-tile-heading\u0022\u003E\u003Ca href=\u0022\/kresilk-wind-visitor\u0022\u003EK\u0159es\u00edlko Wind Visitor\u003C\/a\u003E\u003C\/h2\u003E\n    \u003C\/div\u003E\n    \u003Cdiv class=\u0022product-tile-item-params\u0022\u003E\n                                                                                        \u003Cdiv class=\u0022product-tile-item-params__item\u0022\u003E\n                                            \u003C\/div\u003E\n                                                                                    \u003Cdiv class=\u0022product-tile-item-params__item\u0022\u003E\n                                                    ANO\n                            \n                                            \u003C\/div\u003E\n                                                                                    \u003Cdiv class=\u0022product-tile-item-params__item\u0022\u003E\n                                                    120 kg\n                            \n                                            \u003C\/div\u003E\n                                                                                    \u003Cdiv class=\u0022product-tile-item-params__item\u0022\u003E\n                                                    5 let\n                            \n                                            \u003C\/div\u003E\n                                                                                                                            \u003C\/div\u003E\n    \u003Cdiv class=\u0022product-tile-item-price-availability\u0022\u003E\n        \u003Cdiv class=\u0022product-tile-item-price-wrapper\u0022\u003E\n            \n\n        \u003Cdiv class=\u0022price-current\u0022\u003E6 169 K\u010d\u003C\/div\u003E\n    \u003Cdiv class=\u0022price-info\u0022\u003E5 098 K\u010d bez DPH\u003C\/div\u003E        \u003C\/div\u003E\n        \u003Cdiv class=\u0022product-tile-item-availability-wrapper\u0022\u003E\n            \u003Cdiv class=\u0022availability\u0022 style=\u0022color: #fb8908;\u0022\u003E\u003Cspan class=\u0022availability-icon icon-glass-hour\u0022\u003E\u003C\/span\u003E do 28 dn\u016f\u003C\/div\u003E        \u003C\/div\u003E\n        \u003Cdiv\u003E\n            \n    \n    \n\n\n        \u003C\/div\u003E\n    \u003C\/div\u003E\n\u003C\/div\u003E\n\u003Cdiv class=\u0022product-tile-item-extended-info\u0022\u003E\n\n            \u003Cdiv class=\u0022product-tile-item-description\u0022\u003E\n            \u003Cp\u003ECelo\u010daloun\u011bn\u00e9 konferen\u010dn\u00ed k\u0159es\u00edlko se \u010dty\u0159nohou kovovou podno\u017e\u00ed.\u003C\/p\u003E\n        \u003C\/div\u003E\n                \u003Cdiv class=\u0022product-tile-item-services\u0022\u003E\n        \u003Ca href=\u0022\/product\/favourite\/add\/341\u0022 class=\u0022service-item \u0022 data-product-favourite=\u0022341\u0022 data-method=\u0022POST\u0022\u003E\u003Cspan class=\u0022icon-heart\u0022\u003E\u003C\/span\u003E Obl\u00edben\u00e9\u003C\/a\u003E        \u003Cspan class=\u0022service-item\u0022\u003E\u003Cspan class=\u0022icon-chart\u0022\u003E\u003C\/span\u003E Wind Visitor\u003C\/span\u003E\n    \u003C\/div\u003E\n    \n            \n    \u003Cdiv class=\u0022product-tile-item-action-wrapper\u0022\u003E\n        \u003Ca href=\u0022\/kresilk-wind-visitor\u0022 class=\u0022btn-tile\u0022\n           data-text-desktop=\u0022Detail produktu\u0022\n           data-text-mobile=\u0022Detail\u0022\u003E\u003C\/a\u003E\n                    \u003Ca href=\u0022\/kresilk-wind-visitor\u0022\n               class=\u0022btn-tile btn-icon-right\u0022\u003E\n                \u003Cspan class=\u0022icon-shopping-cart\u0022\u003E\u003C\/span\u003E\n                \u003Cspan class=\u0022btn-tile-text\u0022\u003EKoupit\u003C\/span\u003E\n            \u003C\/a\u003E\n            \u003C\/div\u003E\n    \u003C\/div\u003E        \u003C\/div\u003E\n                    \u003C\/div\u003E\n\u003C\/div\u003E            \u003Cdiv class=\u0022product-tile-item js-product-tile js-block-preloader\u0022 id=\u0022js-product-tile-504\u0022\u003E\n    \u003Cdiv class=\u0022product-tile-item-foreground js-product-tile-foreground\u0022\u003E\n        \u003Cdiv class=\u0022product-tile-item-info-wrapper\u0022 id=\u0022js-product-tile-504-info\u0022\u003E\n            \u003Cdiv class=\u0022product-tile-item-basic-info\u0022\u003E\n    \u003Cdiv class=\u0022product-tile-item-image-wrapper position-relative\u0022\u003E\n        \u003Cdiv class=\u0022product-tile-item-image\u0022\u003E\n                        \u003Ca href=\u0022\/calounene-kreslo-kelly-kelly-1sedak\u0022\u003E\n                \u003Cpicture\u003E\n                    \u003Cimg\n                            src=\u0022\u0022\n                            data-src=\u0022https:\/\/www.kresla-zidle.cz\/temp\/product\/list\/img-p-2-5-8-3-7-25837.png\u0022\n                            alt=\u0022\u010daloun\u011bn\u00e9 k\u0159es\u00edlko KELLY\u0022\n                            class=\u0022img-fluid js-lazy-img\u0022\u003E\n                \u003C\/picture\u003E\n            \u003C\/a\u003E\n        \u003C\/div\u003E\n        \u003Cdiv class=\u0022product-tile-item-tags-wrapper\u0022\u003E\n    \u003Cdiv class=\u0022product-item-tags-left\u0022\u003E\n                                                    \u003C\/div\u003E\n    \u003Cdiv class=\u0022product-item-tags-right\u0022\u003E\n                                                                                \u003Cdiv class=\u0022product-tile-tags-manufacturer\u0022\u003E\n                \u003Ca href=\u0022\/alba\u0022\u003E\n                    \u003Cimg src=\u0022https:\/\/www.kresla-zidle.cz\/images\/manufacturer-front-tag\/11.png\u0022 alt=\u0022ALBA\u0022 class=\u0022img-fluid\u0022 loading=\u0022lazy\u0022\u003E\n                \u003C\/a\u003E\n            \u003C\/div\u003E\n            \u003C\/div\u003E\n\u003C\/div\u003E    \u003C\/div\u003E\n\n                \n    \u003Cdiv class=\u0022product-tile-item-heading-info\u0022\u003E\n        \u003Cdiv class=\u0022product-tile-category\u0022\u003EOb\u00fdvac\u00ed pokoj\u003C\/div\u003E        \u003Ch2 class=\u0022product-tile-heading\u0022\u003E\u003Ca href=\u0022\/calounene-kreslo-kelly-kelly-1sedak\u0022\u003E\u010caloun\u011bn\u00e9 k\u0159eslo KELLY\u003C\/a\u003E\u003C\/h2\u003E\n    \u003C\/div\u003E\n    \u003Cdiv class=\u0022product-tile-item-params\u0022\u003E\n                                                                                        \u003Cdiv class=\u0022product-tile-item-params__item\u0022\u003E\n                                            \u003C\/div\u003E\n                                                                                    \u003Cdiv class=\u0022product-tile-item-params__item\u0022\u003E\n                                                    ANO\n                            \n                                            \u003C\/div\u003E\n                                                                                    \u003Cdiv class=\u0022product-tile-item-params__item\u0022\u003E\n                                                    120 kg\n                            \n                                            \u003C\/div\u003E\n                                                                                    \u003Cdiv class=\u0022product-tile-item-params__item\u0022\u003E\n                                                    2 roky\n                            \n                                            \u003C\/div\u003E\n                                                                                                                            \u003C\/div\u003E\n    \u003Cdiv class=\u0022product-tile-item-price-availability\u0022\u003E\n        \u003Cdiv class=\u0022product-tile-item-price-wrapper\u0022\u003E\n            \n\n        \u003Cdiv class=\u0022price-current\u0022\u003E4 609 K\u010d\u003C\/div\u003E\n    \u003Cdiv class=\u0022price-info\u0022\u003E3 809 K\u010d bez DPH\u003C\/div\u003E        \u003C\/div\u003E\n        \u003Cdiv class=\u0022product-tile-item-availability-wrapper\u0022\u003E\n            \u003Cdiv class=\u0022availability\u0022\u003E\u003Cspan class=\u0022availability-icon icon-glass-hour\u0022\u003E\u003C\/span\u003E do 42 dn\u016f\u003C\/div\u003E        \u003C\/div\u003E\n        \u003Cdiv\u003E\n            \n    \n    \n\n\n        \u003C\/div\u003E\n    \u003C\/div\u003E\n\u003C\/div\u003E\n\u003Cdiv class=\u0022product-tile-item-extended-info\u0022\u003E\n\n            \u003Cdiv class=\u0022product-tile-item-description\u0022\u003E\n            \u003Cp\u003ECelo\u010daloun\u011bn\u00e9 klubov\u00e9 k\u0159es\u00edlko KELLY - CLUB je komfortn\u00ed.\u003C\/p\u003E\n        \u003C\/div\u003E\n                \u003Cdiv class=\u0022product-tile-item-services\u0022\u003E\n        \u003Ca href=\u0022\/product\/favourite\/add\/504\u0022 class=\u0022service-item \u0022 data-product-favourite=\u0022504\u0022 data-method=\u0022POST\u0022\u003E\u003Cspan class=\u0022icon-heart\u0022\u003E\u003C\/span\u003E Obl\u00edben\u00e9\u003C\/a\u003E        \u003Cspan class=\u0022service-item\u0022\u003E\u003Cspan class=\u0022icon-chart\u0022\u003E\u003C\/span\u003E Kelly 1-sed\u00e1k\u003C\/span\u003E\n    \u003C\/div\u003E\n    \n            \n    \u003Cdiv class=\u0022product-tile-item-action-wrapper\u0022\u003E\n        \u003Ca href=\u0022\/calounene-kreslo-kelly-kelly-1sedak\u0022 class=\u0022btn-tile\u0022\n           data-text-desktop=\u0022Detail produktu\u0022\n           data-text-mobile=\u0022Detail\u0022\u003E\u003C\/a\u003E\n                    \u003Ca href=\u0022\/calounene-kreslo-kelly-kelly-1sedak\u0022\n               class=\u0022btn-tile btn-icon-right\u0022\u003E\n                \u003Cspan class=\u0022icon-shopping-cart\u0022\u003E\u003C\/span\u003E\n                \u003Cspan class=\u0022btn-tile-text\u0022\u003EKoupit\u003C\/span\u003E\n            \u003C\/a\u003E\n            \u003C\/div\u003E\n    \u003C\/div\u003E        \u003C\/div\u003E\n                    \u003C\/div\u003E\n\u003C\/div\u003E            \u003Cdiv class=\u0022product-tile-item js-product-tile js-block-preloader\u0022 id=\u0022js-product-tile-505\u0022\u003E\n    \u003Cdiv class=\u0022product-tile-item-foreground js-product-tile-foreground\u0022\u003E\n        \u003Cdiv class=\u0022product-tile-item-info-wrapper\u0022 id=\u0022js-product-tile-505-info\u0022\u003E\n            \u003Cdiv class=\u0022product-tile-item-basic-info\u0022\u003E\n    \u003Cdiv class=\u0022product-tile-item-image-wrapper position-relative\u0022\u003E\n        \u003Cdiv class=\u0022product-tile-item-image\u0022\u003E\n                        \u003Ca href=\u0022\/calouneny-dvousedak-kelly-kelly-2sedak\u0022\u003E\n                \u003Cpicture\u003E\n                    \u003Cimg\n                            src=\u0022\u0022\n                            data-src=\u0022https:\/\/www.kresla-zidle.cz\/temp\/product\/list\/img-p-2-5-8-8-2-25882.png\u0022\n                            alt=\u0022\u010daloun\u011bn\u00e9 2-m\u00edstn\u00e9 k\u0159eslo  KELLY - CLUB\u0022\n                            class=\u0022img-fluid js-lazy-img\u0022\u003E\n                \u003C\/picture\u003E\n            \u003C\/a\u003E\n        \u003C\/div\u003E\n        \u003Cdiv class=\u0022product-tile-item-tags-wrapper\u0022\u003E\n    \u003Cdiv class=\u0022product-item-tags-left\u0022\u003E\n                                                    \u003C\/div\u003E\n    \u003Cdiv class=\u0022product-item-tags-right\u0022\u003E\n                                                                                \u003Cdiv class=\u0022product-tile-tags-manufacturer\u0022\u003E\n                \u003Ca href=\u0022\/alba\u0022\u003E\n                    \u003Cimg src=\u0022https:\/\/www.kresla-zidle.cz\/images\/manufacturer-front-tag\/11.png\u0022 alt=\u0022ALBA\u0022 class=\u0022img-fluid\u0022 loading=\u0022lazy\u0022\u003E\n                \u003C\/a\u003E\n            \u003C\/div\u003E\n            \u003C\/div\u003E\n\u003C\/div\u003E    \u003C\/div\u003E\n\n                \n    \u003Cdiv class=\u0022product-tile-item-heading-info\u0022\u003E\n        \u003Cdiv class=\u0022product-tile-category\u0022\u003EOb\u00fdvac\u00ed pokoj\u003C\/div\u003E        \u003Ch2 class=\u0022product-tile-heading\u0022\u003E\u003Ca href=\u0022\/calouneny-dvousedak-kelly-kelly-2sedak\u0022\u003E\u010caloun\u011bn\u00fd dvojsed\u00e1k KELLY\u003C\/a\u003E\u003C\/h2\u003E\n    \u003C\/div\u003E\n    \u003Cdiv class=\u0022product-tile-item-params\u0022\u003E\n                                                                                        \u003Cdiv class=\u0022product-tile-item-params__item\u0022\u003E\n                                            \u003C\/div\u003E\n                                                                                    \u003Cdiv class=\u0022product-tile-item-params__item\u0022\u003E\n                                                    ANO\n                            \n                                            \u003C\/div\u003E\n                                                                                    \u003Cdiv class=\u0022product-tile-item-params__item\u0022\u003E\n                                                    \n                            \n                                            \u003C\/div\u003E\n                                                                                    \u003Cdiv class=\u0022product-tile-item-params__item\u0022\u003E\n                                                    3 roky\n                            \n                                            \u003C\/div\u003E\n                                                                                                                            \u003C\/div\u003E\n    \u003Cdiv class=\u0022product-tile-item-price-availability\u0022\u003E\n        \u003Cdiv class=\u0022product-tile-item-price-wrapper\u0022\u003E\n            \n\n        \u003Cdiv class=\u0022price-current\u0022\u003E8 785 K\u010d\u003C\/div\u003E\n    \u003Cdiv class=\u0022price-info\u0022\u003E7 260 K\u010d bez DPH\u003C\/div\u003E        \u003C\/div\u003E\n        \u003Cdiv class=\u0022product-tile-item-availability-wrapper\u0022\u003E\n            \u003Cdiv class=\u0022availability\u0022\u003E\u003Cspan class=\u0022availability-icon icon-glass-hour\u0022\u003E\u003C\/span\u003E do 42 dn\u016f\u003C\/div\u003E        \u003C\/div\u003E\n        \u003Cdiv\u003E\n            \n    \n    \n\n\n        \u003C\/div\u003E\n    \u003C\/div\u003E\n\u003C\/div\u003E\n\u003Cdiv class=\u0022product-tile-item-extended-info\u0022\u003E\n\n            \u003Cdiv class=\u0022product-tile-item-description\u0022\u003E\n            \u003Cp\u003ECelo\u010daloun\u011bn\u00e9 klubov\u00e9 dvoum\u00edstn\u00e9 k\u0159eslo KELLY - CLUB\u003C\/p\u003E\n        \u003C\/div\u003E\n                \u003Cdiv class=\u0022product-tile-item-services\u0022\u003E\n        \u003Ca href=\u0022\/product\/favourite\/add\/505\u0022 class=\u0022service-item \u0022 data-product-favourite=\u0022505\u0022 data-method=\u0022POST\u0022\u003E\u003Cspan class=\u0022icon-heart\u0022\u003E\u003C\/span\u003E Obl\u00edben\u00e9\u003C\/a\u003E        \u003Cspan class=\u0022service-item\u0022\u003E\u003Cspan class=\u0022icon-chart\u0022\u003E\u003C\/span\u003E Kelly 2-sed\u00e1k\u003C\/span\u003E\n    \u003C\/div\u003E\n    \n            \n    \u003Cdiv class=\u0022product-tile-item-action-wrapper\u0022\u003E\n        \u003Ca href=\u0022\/calouneny-dvousedak-kelly-kelly-2sedak\u0022 class=\u0022btn-tile\u0022\n           data-text-desktop=\u0022Detail produktu\u0022\n           data-text-mobile=\u0022Detail\u0022\u003E\u003C\/a\u003E\n                    \u003Ca href=\u0022\/calouneny-dvousedak-kelly-kelly-2sedak\u0022\n               class=\u0022btn-tile btn-icon-right\u0022\u003E\n                \u003Cspan class=\u0022icon-shopping-cart\u0022\u003E\u003C\/span\u003E\n                \u003Cspan class=\u0022btn-tile-text\u0022\u003EKoupit\u003C\/span\u003E\n            \u003C\/a\u003E\n            \u003C\/div\u003E\n    \u003C\/div\u003E        \u003C\/div\u003E\n                    \u003C\/div\u003E\n\u003C\/div\u003E            \u003Cdiv class=\u0022product-tile-item js-product-tile js-block-preloader\u0022 id=\u0022js-product-tile-532\u0022\u003E\n    \u003Cdiv class=\u0022product-tile-item-foreground js-product-tile-foreground\u0022\u003E\n        \u003Cdiv class=\u0022product-tile-item-info-wrapper\u0022 id=\u0022js-product-tile-532-info\u0022\u003E\n            \u003Cdiv class=\u0022product-tile-item-basic-info\u0022\u003E\n    \u003Cdiv class=\u0022product-tile-item-image-wrapper position-relative\u0022\u003E\n        \u003Cdiv class=\u0022product-tile-item-image\u0022\u003E\n                        \u003Ca href=\u0022\/dvojsedak-steve-2sedak-steve\u0022\u003E\n                \u003Cpicture\u003E\n                    \u003Cimg\n                            src=\u0022\u0022\n                            data-src=\u0022https:\/\/www.kresla-zidle.cz\/temp\/product\/list\/img-p-2-6-5-1-5-26515.png\u0022\n                            alt=\u0022STEVE  2-sed\u00e1k\u0022\n                            class=\u0022img-fluid js-lazy-img\u0022\u003E\n                \u003C\/picture\u003E\n            \u003C\/a\u003E\n        \u003C\/div\u003E\n        \u003Cdiv class=\u0022product-tile-item-tags-wrapper\u0022\u003E\n    \u003Cdiv class=\u0022product-item-tags-left\u0022\u003E\n                                                    \u003C\/div\u003E\n    \u003Cdiv class=\u0022product-item-tags-right\u0022\u003E\n                                                                                \u003Cdiv class=\u0022product-tile-tags-manufacturer\u0022\u003E\n                \u003Ca href=\u0022\/alba\u0022\u003E\n                    \u003Cimg src=\u0022https:\/\/www.kresla-zidle.cz\/images\/manufacturer-front-tag\/11.png\u0022 alt=\u0022ALBA\u0022 class=\u0022img-fluid\u0022 loading=\u0022lazy\u0022\u003E\n                \u003C\/a\u003E\n            \u003C\/div\u003E\n            \u003C\/div\u003E\n\u003C\/div\u003E    \u003C\/div\u003E\n\n                \n    \u003Cdiv class=\u0022product-tile-item-heading-info\u0022\u003E\n        \u003Cdiv class=\u0022product-tile-category\u0022\u003EDopl\u0148ky a lavice\u003C\/div\u003E        \u003Ch2 class=\u0022product-tile-heading\u0022\u003E\u003Ca href=\u0022\/dvojsedak-steve-2sedak-steve\u0022\u003EDvojsed\u00e1k STEVE\u003C\/a\u003E\u003C\/h2\u003E\n    \u003C\/div\u003E\n    \u003Cdiv class=\u0022product-tile-item-params\u0022\u003E\n                                                                                        \u003Cdiv class=\u0022product-tile-item-params__item\u0022\u003E\n                                                    kov\n                            \n                                            \u003C\/div\u003E\n                                                                                    \u003Cdiv class=\u0022product-tile-item-params__item\u0022\u003E\n                                                    NE\n                            \n                                            \u003C\/div\u003E\n                                                                                    \u003Cdiv class=\u0022product-tile-item-params__item\u0022\u003E\n                                                    140 kg \/ sed\u00e1k\n                            \n                                            \u003C\/div\u003E\n                                                                                    \u003Cdiv class=\u0022product-tile-item-params__item\u0022\u003E\n                                                    5 let\n                            \n                                            \u003C\/div\u003E\n                                                                                                                            \u003C\/div\u003E\n    \u003Cdiv class=\u0022product-tile-item-price-availability\u0022\u003E\n        \u003Cdiv class=\u0022product-tile-item-price-wrapper\u0022\u003E\n            \n\n        \u003Cdiv class=\u0022price-current\u0022\u003E13 244 K\u010d\u003C\/div\u003E\n    \u003Cdiv class=\u0022price-info\u0022\u003E10 945 K\u010d bez DPH\u003C\/div\u003E        \u003C\/div\u003E\n        \u003Cdiv class=\u0022product-tile-item-availability-wrapper\u0022\u003E\n            \u003Cdiv class=\u0022availability\u0022\u003E\u003Cspan class=\u0022availability-icon icon-glass-hour\u0022\u003E\u003C\/span\u003E do 42 dn\u016f\u003C\/div\u003E        \u003C\/div\u003E\n        \u003Cdiv\u003E\n            \n    \n    \n\n\n        \u003C\/div\u003E\n    \u003C\/div\u003E\n\u003C\/div\u003E\n\u003Cdiv class=\u0022product-tile-item-extended-info\u0022\u003E\n\n            \u003Cdiv class=\u0022product-tile-item-description\u0022\u003E\n            \u003Cp\u003ECelo\u010daloun\u011bn\u00e1 dvoum\u00edstn\u00e1 pohovka bez podru\u010dek\u003C\/p\u003E\n        \u003C\/div\u003E\n                \u003Cdiv class=\u0022product-tile-item-services\u0022\u003E\n        \u003Ca href=\u0022\/product\/favourite\/add\/532\u0022 class=\u0022service-item \u0022 data-product-favourite=\u0022532\u0022 data-method=\u0022POST\u0022\u003E\u003Cspan class=\u0022icon-heart\u0022\u003E\u003C\/span\u003E Obl\u00edben\u00e9\u003C\/a\u003E        \u003Cspan class=\u0022service-item\u0022\u003E\u003Cspan class=\u0022icon-chart\u0022\u003E\u003C\/span\u003E 2-sed\u00e1k Steve\u003C\/span\u003E\n    \u003C\/div\u003E\n    \n            \n    \u003Cdiv class=\u0022product-tile-item-action-wrapper\u0022\u003E\n        \u003Ca href=\u0022\/dvojsedak-steve-2sedak-steve\u0022 class=\u0022btn-tile\u0022\n           data-text-desktop=\u0022Detail produktu\u0022\n           data-text-mobile=\u0022Detail\u0022\u003E\u003C\/a\u003E\n                    \u003Ca href=\u0022\/dvojsedak-steve-2sedak-steve\u0022\n               class=\u0022btn-tile btn-icon-right\u0022\u003E\n                \u003Cspan class=\u0022icon-shopping-cart\u0022\u003E\u003C\/span\u003E\n                \u003Cspan class=\u0022btn-tile-text\u0022\u003EKoupit\u003C\/span\u003E\n            \u003C\/a\u003E\n            \u003C\/div\u003E\n    \u003C\/div\u003E        \u003C\/div\u003E\n                    \u003C\/div\u003E\n\u003C\/div\u003E            \u003Cdiv class=\u0022product-tile-item js-product-tile js-block-preloader\u0022 id=\u0022js-product-tile-739\u0022\u003E\n    \u003Cdiv class=\u0022product-tile-item-foreground js-product-tile-foreground\u0022\u003E\n        \u003Cdiv class=\u0022product-tile-item-info-wrapper\u0022 id=\u0022js-product-tile-739-info\u0022\u003E\n            \u003Cdiv class=\u0022product-tile-item-basic-info\u0022\u003E\n    \u003Cdiv class=\u0022product-tile-item-image-wrapper position-relative\u0022\u003E\n        \u003Cdiv class=\u0022product-tile-item-image\u0022\u003E\n                        \u003Ca href=\u0022\/thonet-relaxacni-kreslo-thonet-808\u0022\u003E\n                \u003Cpicture\u003E\n                    \u003Cimg\n                            src=\u0022\u0022\n                            data-src=\u0022https:\/\/www.kresla-zidle.cz\/temp\/product\/list\/808-lounge.png\u0022\n                            alt=\u0022Relaxa\u010dn\u00ed k\u0159eslo Thonet 808\u0022\n                            class=\u0022img-fluid js-lazy-img\u0022\u003E\n                \u003C\/picture\u003E\n            \u003C\/a\u003E\n        \u003C\/div\u003E\n        \u003Cdiv class=\u0022product-tile-item-tags-wrapper\u0022\u003E\n    \u003Cdiv class=\u0022product-item-tags-left\u0022\u003E\n                                                    \u003C\/div\u003E\n    \u003Cdiv class=\u0022product-item-tags-right\u0022\u003E\n                                                                                \u003Cdiv class=\u0022product-tile-tags-manufacturer\u0022\u003E\n                \u003Ca href=\u0022\/thonet\u0022\u003E\n                    \u003Cimg src=\u0022https:\/\/www.kresla-zidle.cz\/images\/manufacturer-front-tag\/17.png\u0022 alt=\u0022THONET\u0022 class=\u0022img-fluid\u0022 loading=\u0022lazy\u0022\u003E\n                \u003C\/a\u003E\n            \u003C\/div\u003E\n            \u003C\/div\u003E\n\u003C\/div\u003E    \u003C\/div\u003E\n\n                \n    \u003Cdiv class=\u0022product-tile-item-heading-info\u0022\u003E\n        \u003Cdiv class=\u0022product-tile-category\u0022\u003EK\u0159esla\u003C\/div\u003E        \u003Ch2 class=\u0022product-tile-heading\u0022\u003E\u003Ca href=\u0022\/thonet-relaxacni-kreslo-thonet-808\u0022\u003ERelaxa\u010dn\u00ed k\u0159eslo Thonet 808\u003C\/a\u003E\u003C\/h2\u003E\n    \u003C\/div\u003E\n    \u003Cdiv class=\u0022product-tile-item-params\u0022\u003E\n                                                                                        \u003Cdiv class=\u0022product-tile-item-params__item\u0022\u003E\n                                            \u003C\/div\u003E\n                                                                                    \u003Cdiv class=\u0022product-tile-item-params__item\u0022\u003E\n                                                    ANO\n                            \n                                            \u003C\/div\u003E\n                                                                                    \u003Cdiv class=\u0022product-tile-item-params__item\u0022\u003E\n                                                    120 kg\n                            \n                                            \u003C\/div\u003E\n                                                                                    \u003Cdiv class=\u0022product-tile-item-params__item\u0022\u003E\n                                                    2 roky\n                            \n                                            \u003C\/div\u003E\n                                                                                                                            \u003C\/div\u003E\n    \u003Cdiv class=\u0022product-tile-item-price-availability\u0022\u003E\n        \u003Cdiv class=\u0022product-tile-item-price-wrapper\u0022\u003E\n            \n    \n        \u003Cdiv class=\u0022price-current\u0022\u003EPoptat cenu\u003C\/div\u003E\n    \u003Cdiv class=\u0022price-info\u0022\u003EPoptat cenu\u003C\/div\u003E        \u003C\/div\u003E\n        \u003Cdiv class=\u0022product-tile-item-availability-wrapper\u0022\u003E\n            \u003Cdiv class=\u0022availability\u0022\u003E\u003Cspan class=\u0022availability-icon icon-glass-hour\u0022\u003E\u003C\/span\u003E do 56 dn\u016f\u003C\/div\u003E        \u003C\/div\u003E\n        \u003Cdiv\u003E\n            \n    \n    \n\n\n        \u003C\/div\u003E\n    \u003C\/div\u003E\n\u003C\/div\u003E\n\u003Cdiv class=\u0022product-tile-item-extended-info\u0022\u003E\n\n            \u003Cdiv class=\u0022product-tile-item-description\u0022\u003E\n            \u003Cp\u003EExtravagantn\u00ed relaxa\u010dn\u00ed k\u0159eslo vytvo\u0159en\u00e9 designem Formstell 2015.\u003C\/p\u003E\n        \u003C\/div\u003E\n                \u003Cdiv class=\u0022product-tile-item-services\u0022\u003E\n        \u003Ca href=\u0022\/product\/favourite\/add\/739\u0022 class=\u0022service-item \u0022 data-product-favourite=\u0022739\u0022 data-method=\u0022POST\u0022\u003E\u003Cspan class=\u0022icon-heart\u0022\u003E\u003C\/span\u003E Obl\u00edben\u00e9\u003C\/a\u003E        \u003Cspan class=\u0022service-item\u0022\u003E\u003Cspan class=\u0022icon-chart\u0022\u003E\u003C\/span\u003E 808\u003C\/span\u003E\n    \u003C\/div\u003E\n    \n            \n    \u003Cdiv class=\u0022product-tile-item-action-wrapper\u0022\u003E\n        \u003Ca href=\u0022\/thonet-relaxacni-kreslo-thonet-808\u0022 class=\u0022btn-tile\u0022\n           data-text-desktop=\u0022Detail produktu\u0022\n           data-text-mobile=\u0022Detail\u0022\u003E\u003C\/a\u003E\n                    \u003Ca href=\u0022\/thonet-relaxacni-kreslo-thonet-808\u0022\n               class=\u0022btn-tile btn-icon-right\u0022\u003E\n                \u003Cspan class=\u0022icon-shopping-cart\u0022\u003E\u003C\/span\u003E\n                \u003Cspan class=\u0022btn-tile-text\u0022\u003EKoupit\u003C\/span\u003E\n            \u003C\/a\u003E\n            \u003C\/div\u003E\n    \u003C\/div\u003E        \u003C\/div\u003E\n                    \u003C\/div\u003E\n\u003C\/div\u003E            \u003Cdiv class=\u0022product-tile-item js-product-tile js-block-preloader\u0022 id=\u0022js-product-tile-741\u0022\u003E\n    \u003Cdiv class=\u0022product-tile-item-foreground js-product-tile-foreground\u0022\u003E\n        \u003Cdiv class=\u0022product-tile-item-info-wrapper\u0022 id=\u0022js-product-tile-741-info\u0022\u003E\n            \u003Cdiv class=\u0022product-tile-item-basic-info\u0022\u003E\n    \u003Cdiv class=\u0022product-tile-item-image-wrapper position-relative\u0022\u003E\n        \u003Cdiv class=\u0022product-tile-item-image\u0022\u003E\n                        \u003Ca href=\u0022\/thonet-sestava-pohovek-thonet-s-5000\u0022\u003E\n                \u003Cpicture\u003E\n                    \u003Cimg\n                            src=\u0022\u0022\n                            data-src=\u0022https:\/\/www.kresla-zidle.cz\/temp\/product\/list\/img-p-1-7-2-5-7-17257.png\u0022\n                            alt=\u0022Thonet S 5001 k\u0159eslo\u0022\n                            class=\u0022img-fluid js-lazy-img\u0022\u003E\n                \u003C\/picture\u003E\n            \u003C\/a\u003E\n        \u003C\/div\u003E\n        \u003Cdiv class=\u0022product-tile-item-tags-wrapper\u0022\u003E\n    \u003Cdiv class=\u0022product-item-tags-left\u0022\u003E\n                                                    \u003C\/div\u003E\n    \u003Cdiv class=\u0022product-item-tags-right\u0022\u003E\n                                                                                \u003Cdiv class=\u0022product-tile-tags-manufacturer\u0022\u003E\n                \u003Ca href=\u0022\/thonet\u0022\u003E\n                    \u003Cimg src=\u0022https:\/\/www.kresla-zidle.cz\/images\/manufacturer-front-tag\/17.png\u0022 alt=\u0022THONET\u0022 class=\u0022img-fluid\u0022 loading=\u0022lazy\u0022\u003E\n                \u003C\/a\u003E\n            \u003C\/div\u003E\n            \u003C\/div\u003E\n\u003C\/div\u003E    \u003C\/div\u003E\n\n                \n    \u003Cdiv class=\u0022product-tile-item-heading-info\u0022\u003E\n        \u003Cdiv class=\u0022product-tile-category\u0022\u003EPohovky\u003C\/div\u003E        \u003Ch2 class=\u0022product-tile-heading\u0022\u003E\u003Ca href=\u0022\/thonet-sestava-pohovek-thonet-s-5000\u0022\u003ESestava pohovek Thonet S 5000\u003C\/a\u003E\u003C\/h2\u003E\n    \u003C\/div\u003E\n    \u003Cdiv class=\u0022product-tile-item-params\u0022\u003E\n                                                                                        \u003Cdiv class=\u0022product-tile-item-params__item\u0022\u003E\n                                                    kov\n                            \n                                            \u003C\/div\u003E\n                                                                                    \u003Cdiv class=\u0022product-tile-item-params__item\u0022\u003E\n                                                    ANO, NE\n                            \n                                            \u003C\/div\u003E\n                                                                                    \u003Cdiv class=\u0022product-tile-item-params__item\u0022\u003E\n                                                    120 kg\n                            \n                                            \u003C\/div\u003E\n                                                                                    \u003Cdiv class=\u0022product-tile-item-params__item\u0022\u003E\n                                                    2 roky\n                            \n                                            \u003C\/div\u003E\n                                                                                                                            \u003C\/div\u003E\n    \u003Cdiv class=\u0022product-tile-item-price-availability\u0022\u003E\n        \u003Cdiv class=\u0022product-tile-item-price-wrapper\u0022\u003E\n            \n    \n        \u003Cdiv class=\u0022price-current\u0022\u003EPoptat cenu\u003C\/div\u003E\n    \u003Cdiv class=\u0022price-info\u0022\u003EPoptat cenu\u003C\/div\u003E        \u003C\/div\u003E\n        \u003Cdiv class=\u0022product-tile-item-availability-wrapper\u0022\u003E\n            \u003Cdiv class=\u0022availability\u0022\u003E\u003Cspan class=\u0022availability-icon icon-glass-hour\u0022\u003E\u003C\/span\u003E do 42 dn\u016f\u003C\/div\u003E        \u003C\/div\u003E\n        \u003Cdiv\u003E\n            \n    \n    \n\n\n        \u003C\/div\u003E\n    \u003C\/div\u003E\n\u003C\/div\u003E\n\u003Cdiv class=\u0022product-tile-item-extended-info\u0022\u003E\n\n            \u003Cdiv class=\u0022product-tile-item-description\u0022\u003E\n            \u003Cp\u003ESestava celo\u010daloun\u011bn\u00fdch pohovek od v\u00fdrobce Thonet v designu James Irvine.\u003C\/p\u003E\n        \u003C\/div\u003E\n                \u003Cdiv class=\u0022product-tile-item-services\u0022\u003E\n        \u003Ca href=\u0022\/product\/favourite\/add\/741\u0022 class=\u0022service-item \u0022 data-product-favourite=\u0022741\u0022 data-method=\u0022POST\u0022\u003E\u003Cspan class=\u0022icon-heart\u0022\u003E\u003C\/span\u003E Obl\u00edben\u00e9\u003C\/a\u003E        \u003Cspan class=\u0022service-item\u0022\u003E\u003Cspan class=\u0022icon-chart\u0022\u003E\u003C\/span\u003E S 5000\u003C\/span\u003E\n    \u003C\/div\u003E\n    \n            \n    \u003Cdiv class=\u0022product-tile-item-action-wrapper\u0022\u003E\n        \u003Ca href=\u0022\/thonet-sestava-pohovek-thonet-s-5000\u0022 class=\u0022btn-tile\u0022\n           data-text-desktop=\u0022Detail produktu\u0022\n           data-text-mobile=\u0022Detail\u0022\u003E\u003C\/a\u003E\n                    \u003Ca href=\u0022\/thonet-sestava-pohovek-thonet-s-5000\u0022\n               class=\u0022btn-tile btn-icon-right\u0022\u003E\n                \u003Cspan class=\u0022icon-shopping-cart\u0022\u003E\u003C\/span\u003E\n                \u003Cspan class=\u0022btn-tile-text\u0022\u003EKoupit\u003C\/span\u003E\n            \u003C\/a\u003E\n            \u003C\/div\u003E\n    \u003C\/div\u003E        \u003C\/div\u003E\n                    \u003C\/div\u003E\n\u003C\/div\u003E            \u003Cdiv class=\u0022product-tile-item js-product-tile js-block-preloader\u0022 id=\u0022js-product-tile-745\u0022\u003E\n    \u003Cdiv class=\u0022product-tile-item-foreground js-product-tile-foreground with-variants\u0022\u003E\n        \u003Cdiv class=\u0022product-tile-item-info-wrapper\u0022 id=\u0022js-product-tile-745-info\u0022\u003E\n            \u003Cdiv class=\u0022product-tile-item-basic-info\u0022\u003E\n    \u003Cdiv class=\u0022product-tile-item-image-wrapper position-relative\u0022\u003E\n        \u003Cdiv class=\u0022product-tile-item-image\u0022\u003E\n                        \u003Ca href=\u0022\/thonet-relaxacni-kreslo-thonet-s-411\u0022\u003E\n                \u003Cpicture\u003E\n                    \u003Cimg\n                            src=\u0022\u0022\n                            data-src=\u0022https:\/\/www.kresla-zidle.cz\/temp\/product\/list\/img-p-1-4-8-8-2-14882.png\u0022\n                            alt=\u0022Relaxa\u010dn\u00ed k\u0159eslo THONET S 411\u0022\n                            class=\u0022img-fluid js-lazy-img\u0022\u003E\n                \u003C\/picture\u003E\n            \u003C\/a\u003E\n        \u003C\/div\u003E\n        \u003Cdiv class=\u0022product-tile-item-tags-wrapper\u0022\u003E\n    \u003Cdiv class=\u0022product-item-tags-left\u0022\u003E\n                                                    \u003C\/div\u003E\n    \u003Cdiv class=\u0022product-item-tags-right\u0022\u003E\n                                                                                \u003Cdiv class=\u0022product-tile-tags-manufacturer\u0022\u003E\n                \u003Ca href=\u0022\/thonet\u0022\u003E\n                    \u003Cimg src=\u0022https:\/\/www.kresla-zidle.cz\/images\/manufacturer-front-tag\/17.png\u0022 alt=\u0022THONET\u0022 class=\u0022img-fluid\u0022 loading=\u0022lazy\u0022\u003E\n                \u003C\/a\u003E\n            \u003C\/div\u003E\n            \u003C\/div\u003E\n\u003C\/div\u003E    \u003C\/div\u003E\n\n                \n    \u003Cdiv class=\u0022product-tile-item-heading-info\u0022\u003E\n        \u003Cdiv class=\u0022product-tile-category\u0022\u003EK\u0159esla\u003C\/div\u003E        \u003Ch2 class=\u0022product-tile-heading\u0022\u003E\u003Ca href=\u0022\/thonet-relaxacni-kreslo-thonet-s-411\u0022\u003ERelaxa\u010dn\u00ed k\u0159eslo Thonet S 411 n\u00edzk\u00e9\u003C\/a\u003E\u003C\/h2\u003E\n    \u003C\/div\u003E\n    \u003Cdiv class=\u0022product-tile-item-params\u0022\u003E\n                                                                                        \u003Cdiv class=\u0022product-tile-item-params__item\u0022\u003E\n                                                    kov\n                            \n                                            \u003C\/div\u003E\n                                                                                    \u003Cdiv class=\u0022product-tile-item-params__item\u0022\u003E\n                                                    ANO\n                            \n                                            \u003C\/div\u003E\n                                                                                    \u003Cdiv class=\u0022product-tile-item-params__item\u0022\u003E\n                                                    120 kg\n                            \n                                            \u003C\/div\u003E\n                                                                                    \u003Cdiv class=\u0022product-tile-item-params__item\u0022\u003E\n                                                    2 roky\n                            \n                                            \u003C\/div\u003E\n                                                                                                                            \u003C\/div\u003E\n    \u003Cdiv class=\u0022product-tile-item-price-availability\u0022\u003E\n        \u003Cdiv class=\u0022product-tile-item-price-wrapper\u0022\u003E\n            \n    \n        \u003Cdiv class=\u0022price-current\u0022\u003EPoptat cenu\u003C\/div\u003E\n    \u003Cdiv class=\u0022price-info\u0022\u003EPoptat cenu\u003C\/div\u003E        \u003C\/div\u003E\n        \u003Cdiv class=\u0022product-tile-item-availability-wrapper\u0022\u003E\n            \u003Cdiv class=\u0022availability\u0022\u003E\u003Cspan class=\u0022availability-icon icon-glass-hour\u0022\u003E\u003C\/span\u003E do 42 dn\u016f\u003C\/div\u003E        \u003C\/div\u003E\n        \u003Cdiv\u003E\n            \n    \n    \n\n\n        \u003C\/div\u003E\n    \u003C\/div\u003E\n\u003C\/div\u003E\n\u003Cdiv class=\u0022product-tile-item-extended-info\u0022\u003E\n\n            \u003Cdiv class=\u0022product-tile-item-description\u0022\u003E\n            \u003Cp\u003EKomfortn\u00ed relaxa\u010dn\u00ed k\u0159eslo S 411 z d\u00edlny Thonet Design Team\u003C\/p\u003E\n        \u003C\/div\u003E\n                \u003Cdiv class=\u0022product-tile-item-services\u0022\u003E\n        \u003Ca href=\u0022\/product\/favourite\/add\/745\u0022 class=\u0022service-item \u0022 data-product-favourite=\u0022745\u0022 data-method=\u0022POST\u0022\u003E\u003Cspan class=\u0022icon-heart\u0022\u003E\u003C\/span\u003E Obl\u00edben\u00e9\u003C\/a\u003E        \u003Cspan class=\u0022service-item\u0022\u003E\u003Cspan class=\u0022icon-chart\u0022\u003E\u003C\/span\u003E S 411\u003C\/span\u003E\n    \u003C\/div\u003E\n    \n            \n    \u003Cdiv class=\u0022product-tile-item-action-wrapper\u0022\u003E\n        \u003Ca href=\u0022\/thonet-relaxacni-kreslo-thonet-s-411\u0022 class=\u0022btn-tile\u0022\n           data-text-desktop=\u0022Detail produktu\u0022\n           data-text-mobile=\u0022Detail\u0022\u003E\u003C\/a\u003E\n                    \u003Ca href=\u0022\/thonet-relaxacni-kreslo-thonet-s-411\u0022\n               class=\u0022btn-tile btn-icon-right\u0022\u003E\n                \u003Cspan class=\u0022icon-shopping-cart\u0022\u003E\u003C\/span\u003E\n                \u003Cspan class=\u0022btn-tile-text\u0022\u003EKoupit\u003C\/span\u003E\n            \u003C\/a\u003E\n            \u003C\/div\u003E\n    \u003C\/div\u003E        \u003C\/div\u003E\n                            \u003Cdiv class=\u0022product-tile-item-variants js-product-item-variants\u0022\u003E\n                                                \u003Ca href=\u0022\/thonet-relaxacni-kreslo-thonet-s-411\u0022\n                   class=\u0022tile-varinat-tab js-variant-item js-ajax active\u0022\n                   data-show-preloader=\u00220\u0022\n                   data-href=\u0022\/product-list-tile\/747\/745?renderParameterIds%5B0%5D=7\u0026amp;renderParameterIds%5B1%5D=73\u0026amp;renderParameterIds%5B2%5D=111\u0026amp;renderParameterIds%5B3%5D=143\u0026amp;renderParameterIds%5B4%5D=144\u0026amp;renderParameterIds%5B5%5D=152\u0026amp;renderParameterIds%5B6%5D=157\u0022\n                   data-toggle=\u0022tooltip\u0022 title=\u0022Relaxa\u010dn\u00ed k\u0159eslo Thonet S 411 n\u00edzk\u00e9\u0022\n                   data-placement=\u0022left\u0022\u003E\n\n                    \n                    \u003Cimg src=\u0022\u0022 data-src=\u0022https:\/\/www.kresla-zidle.cz\/temp\/product\/list\/img-p-1-4-8-8-2-14882.png\u0022 class=\u0022img-fluid js-lazy-img\u0022 alt=\u0022Relaxa\u010dn\u00ed k\u0159eslo Thonet S 411 n\u00edzk\u00e9\u0022 loading=\u0022lazy\u0022\u003E\n                \u003C\/a\u003E\n                                                                            \u003Ca href=\u0022\/relaxacni-kreslo-thonet-s-412-vysoke-s-412\u0022\n                       class=\u0022tile-varinat-tab js-variant-item js-ajax\u0022\n                       data-show-preloader=\u00220\u0022\n                       data-href=\u0022\/product-list-tile\/2485\/745?renderParameterIds%5B0%5D=7\u0026amp;renderParameterIds%5B1%5D=73\u0026amp;renderParameterIds%5B2%5D=111\u0026amp;renderParameterIds%5B3%5D=143\u0026amp;renderParameterIds%5B4%5D=144\u0026amp;renderParameterIds%5B5%5D=152\u0026amp;renderParameterIds%5B6%5D=157\u0022\n                       data-toggle=\u0022tooltip\u0022 title=\u0022Relaxa\u010dn\u00ed k\u0159eslo Thonet S 412 vysok\u00e9\u0022\n                       data-placement=\u0022left\u0022\u003E\n\n                        \n                        \u003Cimg src=\u0022\u0022 data-src=\u0022https:\/\/www.kresla-zidle.cz\/temp\/product\/list\/img-p-1-4-8-8-3-14883.png\u0022 alt=\u0022Relaxa\u010dn\u00ed k\u0159eslo Thonet S 412 vysok\u00e9\u0022 class=\u0022img-fluid js-lazy-img\u0022 loading=\u0022lazy\u0022\u003E\n                    \u003C\/a\u003E\n                            \u003C\/div\u003E\n            \u003C\/div\u003E\n\u003C\/div\u003E            \u003Cdiv class=\u0022product-tile-item js-product-tile js-block-preloader\u0022 id=\u0022js-product-tile-757\u0022\u003E\n    \u003Cdiv class=\u0022product-tile-item-foreground js-product-tile-foreground\u0022\u003E\n        \u003Cdiv class=\u0022product-tile-item-info-wrapper\u0022 id=\u0022js-product-tile-757-info\u0022\u003E\n            \u003Cdiv class=\u0022product-tile-item-basic-info\u0022\u003E\n    \u003Cdiv class=\u0022product-tile-item-image-wrapper position-relative\u0022\u003E\n        \u003Cdiv class=\u0022product-tile-item-image\u0022\u003E\n                        \u003Ca href=\u0022\/thonet-relaxacni-kreslo-thonet-s-35-s-35-l-lv\u0022\u003E\n                \u003Cpicture\u003E\n                    \u003Cimg\n                            src=\u0022\u0022\n                            data-src=\u0022https:\/\/www.kresla-zidle.cz\/temp\/product\/list\/img-p-1-4-9-7-3-14973.png\u0022\n                            alt=\u0022relaxa\u010dn\u00ed k\u0159eslo THONET S 35 L\u0022\n                            class=\u0022img-fluid js-lazy-img\u0022\u003E\n                \u003C\/picture\u003E\n            \u003C\/a\u003E\n        \u003C\/div\u003E\n        \u003Cdiv class=\u0022product-tile-item-tags-wrapper\u0022\u003E\n    \u003Cdiv class=\u0022product-item-tags-left\u0022\u003E\n                                                    \u003C\/div\u003E\n    \u003Cdiv class=\u0022product-item-tags-right\u0022\u003E\n                                                                                \u003Cdiv class=\u0022product-tile-tags-manufacturer\u0022\u003E\n                \u003Ca href=\u0022\/thonet\u0022\u003E\n                    \u003Cimg src=\u0022https:\/\/www.kresla-zidle.cz\/images\/manufacturer-front-tag\/17.png\u0022 alt=\u0022THONET\u0022 class=\u0022img-fluid\u0022 loading=\u0022lazy\u0022\u003E\n                \u003C\/a\u003E\n            \u003C\/div\u003E\n            \u003C\/div\u003E\n\u003C\/div\u003E    \u003C\/div\u003E\n\n                \n    \u003Cdiv class=\u0022product-tile-item-heading-info\u0022\u003E\n        \u003Cdiv class=\u0022product-tile-category\u0022\u003EK\u0159esla\u003C\/div\u003E        \u003Ch2 class=\u0022product-tile-heading\u0022\u003E\u003Ca href=\u0022\/thonet-relaxacni-kreslo-thonet-s-35-s-35-l-lv\u0022\u003ERelaxa\u010dn\u00ed k\u0159eslo Thonet S 35\u003C\/a\u003E\u003C\/h2\u003E\n    \u003C\/div\u003E\n    \u003Cdiv class=\u0022product-tile-item-params\u0022\u003E\n                                                                                        \u003Cdiv class=\u0022product-tile-item-params__item\u0022\u003E\n                                                    kov\n                            \n                                            \u003C\/div\u003E\n                                                                                    \u003Cdiv class=\u0022product-tile-item-params__item\u0022\u003E\n                                                    ANO\n                            \n                                            \u003C\/div\u003E\n                                                                                    \u003Cdiv class=\u0022product-tile-item-params__item\u0022\u003E\n                                                    120 kg\n                            \n                                            \u003C\/div\u003E\n                                                                                    \u003Cdiv class=\u0022product-tile-item-params__item\u0022\u003E\n                                                    2 roky\n                            \n                                            \u003C\/div\u003E\n                                                                                                                            \u003C\/div\u003E\n    \u003Cdiv class=\u0022product-tile-item-price-availability\u0022\u003E\n        \u003Cdiv class=\u0022product-tile-item-price-wrapper\u0022\u003E\n            \n    \n        \u003Cdiv class=\u0022price-current\u0022\u003EPoptat cenu\u003C\/div\u003E\n    \u003Cdiv class=\u0022price-info\u0022\u003EPoptat cenu\u003C\/div\u003E        \u003C\/div\u003E\n        \u003Cdiv class=\u0022product-tile-item-availability-wrapper\u0022\u003E\n            \u003Cdiv class=\u0022availability\u0022\u003E\u003Cspan class=\u0022availability-icon icon-glass-hour\u0022\u003E\u003C\/span\u003E do 42 dn\u016f\u003C\/div\u003E        \u003C\/div\u003E\n        \u003Cdiv\u003E\n            \n    \n    \n\n\n        \u003C\/div\u003E\n    \u003C\/div\u003E\n\u003C\/div\u003E\n\u003Cdiv class=\u0022product-tile-item-extended-info\u0022\u003E\n\n            \u003Cdiv class=\u0022product-tile-item-description\u0022\u003E\n            \u003Cp\u003EPohodln\u00e9 relaxa\u010dn\u00ed k\u0159eslo S 35 z d\u00edlny Marcela Breuera.\u003C\/p\u003E\n        \u003C\/div\u003E\n                \u003Cdiv class=\u0022product-tile-item-services\u0022\u003E\n        \u003Ca href=\u0022\/product\/favourite\/add\/757\u0022 class=\u0022service-item \u0022 data-product-favourite=\u0022757\u0022 data-method=\u0022POST\u0022\u003E\u003Cspan class=\u0022icon-heart\u0022\u003E\u003C\/span\u003E Obl\u00edben\u00e9\u003C\/a\u003E        \u003Cspan class=\u0022service-item\u0022\u003E\u003Cspan class=\u0022icon-chart\u0022\u003E\u003C\/span\u003E S 35 L, LV\u003C\/span\u003E\n    \u003C\/div\u003E\n    \n            \n    \u003Cdiv class=\u0022product-tile-item-action-wrapper\u0022\u003E\n        \u003Ca href=\u0022\/thonet-relaxacni-kreslo-thonet-s-35-s-35-l-lv\u0022 class=\u0022btn-tile\u0022\n           data-text-desktop=\u0022Detail produktu\u0022\n           data-text-mobile=\u0022Detail\u0022\u003E\u003C\/a\u003E\n                    \u003Ca href=\u0022\/thonet-relaxacni-kreslo-thonet-s-35-s-35-l-lv\u0022\n               class=\u0022btn-tile btn-icon-right\u0022\u003E\n                \u003Cspan class=\u0022icon-shopping-cart\u0022\u003E\u003C\/span\u003E\n                \u003Cspan class=\u0022btn-tile-text\u0022\u003EKoupit\u003C\/span\u003E\n            \u003C\/a\u003E\n            \u003C\/div\u003E\n    \u003C\/div\u003E        \u003C\/div\u003E\n                    \u003C\/div\u003E\n\u003C\/div\u003E            \u003Cdiv class=\u0022product-tile-item js-product-tile js-block-preloader\u0022 id=\u0022js-product-tile-759\u0022\u003E\n    \u003Cdiv class=\u0022product-tile-item-foreground js-product-tile-foreground\u0022\u003E\n        \u003Cdiv class=\u0022product-tile-item-info-wrapper\u0022 id=\u0022js-product-tile-759-info\u0022\u003E\n            \u003Cdiv class=\u0022product-tile-item-basic-info\u0022\u003E\n    \u003Cdiv class=\u0022product-tile-item-image-wrapper position-relative\u0022\u003E\n        \u003Cdiv class=\u0022product-tile-item-image\u0022\u003E\n                        \u003Ca href=\u0022\/thonet-pohovka-thonet-2002\u0022\u003E\n                \u003Cpicture\u003E\n                    \u003Cimg\n                            src=\u0022\u0022\n                            data-src=\u0022https:\/\/www.kresla-zidle.cz\/temp\/product\/list\/img-p-3-0-3-2-5-30325.png\u0022\n                            alt=\u0022Pohovka Thonet 2000\u0022\n                            class=\u0022img-fluid js-lazy-img\u0022\u003E\n                \u003C\/picture\u003E\n            \u003C\/a\u003E\n        \u003C\/div\u003E\n        \u003Cdiv class=\u0022product-tile-item-tags-wrapper\u0022\u003E\n    \u003Cdiv class=\u0022product-item-tags-left\u0022\u003E\n                                                    \u003C\/div\u003E\n    \u003Cdiv class=\u0022product-item-tags-right\u0022\u003E\n                                                                                \u003Cdiv class=\u0022product-tile-tags-manufacturer\u0022\u003E\n                \u003Ca href=\u0022\/thonet\u0022\u003E\n                    \u003Cimg src=\u0022https:\/\/www.kresla-zidle.cz\/images\/manufacturer-front-tag\/17.png\u0022 alt=\u0022THONET\u0022 class=\u0022img-fluid\u0022 loading=\u0022lazy\u0022\u003E\n                \u003C\/a\u003E\n            \u003C\/div\u003E\n            \u003C\/div\u003E\n\u003C\/div\u003E    \u003C\/div\u003E\n\n                \n    \u003Cdiv class=\u0022product-tile-item-heading-info\u0022\u003E\n        \u003Cdiv class=\u0022product-tile-category\u0022\u003EOb\u00fdvac\u00ed pokoj\u003C\/div\u003E        \u003Ch2 class=\u0022product-tile-heading\u0022\u003E\u003Ca href=\u0022\/thonet-pohovka-thonet-2002\u0022\u003EPohovka Thonet 2002\u003C\/a\u003E\u003C\/h2\u003E\n    \u003C\/div\u003E\n    \u003Cdiv class=\u0022product-tile-item-params\u0022\u003E\n                                                                                        \u003Cdiv class=\u0022product-tile-item-params__item\u0022\u003E\n                                                    D\u0159evo\n                            \n                                            \u003C\/div\u003E\n                                                                                    \u003Cdiv class=\u0022product-tile-item-params__item\u0022\u003E\n                                                    ANO\n                            \n                                            \u003C\/div\u003E\n                                                                                    \u003Cdiv class=\u0022product-tile-item-params__item\u0022\u003E\n                                                    120 kg\n                            \n                                            \u003C\/div\u003E\n                                                                                    \u003Cdiv class=\u0022product-tile-item-params__item\u0022\u003E\n                                                    2 roky\n                            \n                                            \u003C\/div\u003E\n                                                                                                                            \u003C\/div\u003E\n    \u003Cdiv class=\u0022product-tile-item-price-availability\u0022\u003E\n        \u003Cdiv class=\u0022product-tile-item-price-wrapper\u0022\u003E\n            \n    \n        \u003Cdiv class=\u0022price-current\u0022\u003EPoptat cenu\u003C\/div\u003E\n    \u003Cdiv class=\u0022price-info\u0022\u003EPoptat cenu\u003C\/div\u003E        \u003C\/div\u003E\n        \u003Cdiv class=\u0022product-tile-item-availability-wrapper\u0022\u003E\n            \u003Cdiv class=\u0022availability\u0022\u003E\u003Cspan class=\u0022availability-icon icon-glass-hour\u0022\u003E\u003C\/span\u003E do 56 dn\u016f\u003C\/div\u003E        \u003C\/div\u003E\n        \u003Cdiv\u003E\n            \n    \n    \n\n\n        \u003C\/div\u003E\n    \u003C\/div\u003E\n\u003C\/div\u003E\n\u003Cdiv class=\u0022product-tile-item-extended-info\u0022\u003E\n\n            \u003Cdiv class=\u0022product-tile-item-description\u0022\u003E\n            \u003Cp\u003EPohovka od firmy Thonet v designu Christiana Wernera.\u003C\/p\u003E\n        \u003C\/div\u003E\n                \u003Cdiv class=\u0022product-tile-item-services\u0022\u003E\n        \u003Ca href=\u0022\/product\/favourite\/add\/759\u0022 class=\u0022service-item \u0022 data-product-favourite=\u0022759\u0022 data-method=\u0022POST\u0022\u003E\u003Cspan class=\u0022icon-heart\u0022\u003E\u003C\/span\u003E Obl\u00edben\u00e9\u003C\/a\u003E        \u003Cspan class=\u0022service-item\u0022\u003E\u003Cspan class=\u0022icon-chart\u0022\u003E\u003C\/span\u003E 2002\u003C\/span\u003E\n    \u003C\/div\u003E\n    \n            \n    \u003Cdiv class=\u0022product-tile-item-action-wrapper\u0022\u003E\n        \u003Ca href=\u0022\/thonet-pohovka-thonet-2002\u0022 class=\u0022btn-tile\u0022\n           data-text-desktop=\u0022Detail produktu\u0022\n           data-text-mobile=\u0022Detail\u0022\u003E\u003C\/a\u003E\n                    \u003Ca href=\u0022\/thonet-pohovka-thonet-2002\u0022\n               class=\u0022btn-tile btn-icon-right\u0022\u003E\n                \u003Cspan class=\u0022icon-shopping-cart\u0022\u003E\u003C\/span\u003E\n                \u003Cspan class=\u0022btn-tile-text\u0022\u003EKoupit\u003C\/span\u003E\n            \u003C\/a\u003E\n            \u003C\/div\u003E\n    \u003C\/div\u003E        \u003C\/div\u003E\n                    \u003C\/div\u003E\n\u003C\/div\u003E            \u003Cdiv class=\u0022product-tile-item js-product-tile js-block-preloader\u0022 id=\u0022js-product-tile-778\u0022\u003E\n    \u003Cdiv class=\u0022product-tile-item-foreground js-product-tile-foreground with-variants\u0022\u003E\n        \u003Cdiv class=\u0022product-tile-item-info-wrapper\u0022 id=\u0022js-product-tile-778-info\u0022\u003E\n            \u003Cdiv class=\u0022product-tile-item-basic-info\u0022\u003E\n    \u003Cdiv class=\u0022product-tile-item-image-wrapper position-relative\u0022\u003E\n        \u003Cdiv class=\u0022product-tile-item-image\u0022\u003E\n                        \u003Ca href=\u0022\/longe-kreslo-119-f\u0022\u003E\n                \u003Cpicture\u003E\n                    \u003Cimg\n                            src=\u0022\u0022\n                            data-src=\u0022https:\/\/www.kresla-zidle.cz\/temp\/product\/list\/119-2.png\u0022\n                            alt=\u0022lounge k\u0159eslo THONET 119 F\u0022\n                            class=\u0022img-fluid js-lazy-img\u0022\u003E\n                \u003C\/picture\u003E\n            \u003C\/a\u003E\n        \u003C\/div\u003E\n        \u003Cdiv class=\u0022product-tile-item-tags-wrapper\u0022\u003E\n    \u003Cdiv class=\u0022product-item-tags-left\u0022\u003E\n                                                    \u003C\/div\u003E\n    \u003Cdiv class=\u0022product-item-tags-right\u0022\u003E\n                                                                                \u003Cdiv class=\u0022product-tile-tags-manufacturer\u0022\u003E\n                \u003Ca href=\u0022\/thonet\u0022\u003E\n                    \u003Cimg src=\u0022https:\/\/www.kresla-zidle.cz\/images\/manufacturer-front-tag\/17.png\u0022 alt=\u0022THONET\u0022 class=\u0022img-fluid\u0022 loading=\u0022lazy\u0022\u003E\n                \u003C\/a\u003E\n            \u003C\/div\u003E\n            \u003C\/div\u003E\n\u003C\/div\u003E    \u003C\/div\u003E\n\n                \n    \u003Cdiv class=\u0022product-tile-item-heading-info\u0022\u003E\n        \u003Cdiv class=\u0022product-tile-category\u0022\u003EK\u0159esla\u003C\/div\u003E        \u003Ch2 class=\u0022product-tile-heading\u0022\u003E\u003Ca href=\u0022\/longe-kreslo-119-f\u0022\u003Elounge k\u0159eslo 119 F\u003C\/a\u003E\u003C\/h2\u003E\n    \u003C\/div\u003E\n    \u003Cdiv class=\u0022product-tile-item-params\u0022\u003E\n                                                                                        \u003Cdiv class=\u0022product-tile-item-params__item\u0022\u003E\n                                            \u003C\/div\u003E\n                                                                                    \u003Cdiv class=\u0022product-tile-item-params__item\u0022\u003E\n                                                    ANO\n                            \n                                            \u003C\/div\u003E\n                                                                                    \u003Cdiv class=\u0022product-tile-item-params__item\u0022\u003E\n                                                    120 kg\n                            \n                                            \u003C\/div\u003E\n                                                                                    \u003Cdiv class=\u0022product-tile-item-params__item\u0022\u003E\n                                                    2 roky\n                            \n                                            \u003C\/div\u003E\n                                                                                                                            \u003C\/div\u003E\n    \u003Cdiv class=\u0022product-tile-item-price-availability\u0022\u003E\n        \u003Cdiv class=\u0022product-tile-item-price-wrapper\u0022\u003E\n            \n    \n        \u003Cdiv class=\u0022price-current\u0022\u003EPoptat cenu\u003C\/div\u003E\n    \u003Cdiv class=\u0022price-info\u0022\u003EPoptat cenu\u003C\/div\u003E        \u003C\/div\u003E\n        \u003Cdiv class=\u0022product-tile-item-availability-wrapper\u0022\u003E\n            \u003Cdiv class=\u0022availability\u0022\u003E\u003Cspan class=\u0022availability-icon icon-glass-hour\u0022\u003E\u003C\/span\u003E do 42 dn\u016f\u003C\/div\u003E        \u003C\/div\u003E\n        \u003Cdiv\u003E\n            \n    \n    \n\n\n        \u003C\/div\u003E\n    \u003C\/div\u003E\n\u003C\/div\u003E\n\u003Cdiv class=\u0022product-tile-item-extended-info\u0022\u003E\n\n            \u003Cdiv class=\u0022product-tile-item-description\u0022\u003E\n            \u003Cp\u003ED\u0159ev\u011bn\u00e9 lounge k\u0159eslo ze s\u00e9rie 118, design Sebastian Herkner.\u003C\/p\u003E\n        \u003C\/div\u003E\n                \u003Cdiv class=\u0022product-tile-item-services\u0022\u003E\n        \u003Ca href=\u0022\/product\/favourite\/add\/778\u0022 class=\u0022service-item \u0022 data-product-favourite=\u0022778\u0022 data-method=\u0022POST\u0022\u003E\u003Cspan class=\u0022icon-heart\u0022\u003E\u003C\/span\u003E Obl\u00edben\u00e9\u003C\/a\u003E        \u003Cspan class=\u0022service-item\u0022\u003E\u003Cspan class=\u0022icon-chart\u0022\u003E\u003C\/span\u003E 119 F\u003C\/span\u003E\n    \u003C\/div\u003E\n    \n            \n    \u003Cdiv class=\u0022product-tile-item-action-wrapper\u0022\u003E\n        \u003Ca href=\u0022\/longe-kreslo-119-f\u0022 class=\u0022btn-tile\u0022\n           data-text-desktop=\u0022Detail produktu\u0022\n           data-text-mobile=\u0022Detail\u0022\u003E\u003C\/a\u003E\n                    \u003Ca href=\u0022\/longe-kreslo-119-f\u0022\n               class=\u0022btn-tile btn-icon-right\u0022\u003E\n                \u003Cspan class=\u0022icon-shopping-cart\u0022\u003E\u003C\/span\u003E\n                \u003Cspan class=\u0022btn-tile-text\u0022\u003EKoupit\u003C\/span\u003E\n            \u003C\/a\u003E\n            \u003C\/div\u003E\n    \u003C\/div\u003E        \u003C\/div\u003E\n                            \u003Cdiv class=\u0022product-tile-item-variants js-product-item-variants\u0022\u003E\n                                                \u003Ca href=\u0022\/longe-kreslo-119-f\u0022\n                   class=\u0022tile-varinat-tab js-variant-item js-ajax active\u0022\n                   data-show-preloader=\u00220\u0022\n                   data-href=\u0022\/product-list-tile\/780\/778?renderParameterIds%5B0%5D=7\u0026amp;renderParameterIds%5B1%5D=73\u0026amp;renderParameterIds%5B2%5D=111\u0026amp;renderParameterIds%5B3%5D=143\u0026amp;renderParameterIds%5B4%5D=144\u0026amp;renderParameterIds%5B5%5D=152\u0026amp;renderParameterIds%5B6%5D=157\u0022\n                   data-toggle=\u0022tooltip\u0022 title=\u0022lounge k\u0159eslo 119 F\u0022\n                   data-placement=\u0022left\u0022\u003E\n\n                    \n                    \u003Cimg src=\u0022\u0022 data-src=\u0022https:\/\/www.kresla-zidle.cz\/temp\/product\/list\/119-2.png\u0022 class=\u0022img-fluid js-lazy-img\u0022 alt=\u0022lounge k\u0159eslo 119 F\u0022 loading=\u0022lazy\u0022\u003E\n                \u003C\/a\u003E\n                                                                            \u003Ca href=\u0022\/lounge-kreslo-119-mf\u0022\n                       class=\u0022tile-varinat-tab js-variant-item js-ajax\u0022\n                       data-show-preloader=\u00220\u0022\n                       data-href=\u0022\/product-list-tile\/2491\/778?renderParameterIds%5B0%5D=7\u0026amp;renderParameterIds%5B1%5D=73\u0026amp;renderParameterIds%5B2%5D=111\u0026amp;renderParameterIds%5B3%5D=143\u0026amp;renderParameterIds%5B4%5D=144\u0026amp;renderParameterIds%5B5%5D=152\u0026amp;renderParameterIds%5B6%5D=157\u0022\n                       data-toggle=\u0022tooltip\u0022 title=\u0022lounge k\u0159eslo 119 MF\u0022\n                       data-placement=\u0022left\u0022\u003E\n\n                        \n                        \u003Cimg src=\u0022\u0022 data-src=\u0022https:\/\/www.kresla-zidle.cz\/temp\/product\/list\/119-8.png\u0022 alt=\u0022lounge k\u0159eslo 119 MF\u0022 class=\u0022img-fluid js-lazy-img\u0022 loading=\u0022lazy\u0022\u003E\n                    \u003C\/a\u003E\n                            \u003C\/div\u003E\n            \u003C\/div\u003E\n\u003C\/div\u003E","action":"append"},"#js-pagination-wrapper":{"html":"\u003Cdiv class=\u0022product-list-tiles-pagination\u0022 id=\u0022js-pagination-wrapper\u0022\u003E\n                                        \n    \u003Cdiv class=\u0022product-list-tiles-more-wrapper\u0022 id=\u0022js-pagination-show-more\u0022\u003E\n                    \u003Ca href=\u0022https:\/\/www.kresla-zidle.cz\/product-category\/153\/show-more-products?displayedPages=2\u0026amp;page=2\u0022\n               class=\u0022btn btn-bg-main chevron-right js-ajax\u0022\u003EZobrazit dal\u0161\u00ed\u003C\/a\u003E\n                \u003Cdiv class=\u0022product-list-tiles-more-note\u0022\u003Ezobrazeno 48 z 249\u003C\/div\u003E\n    \u003C\/div\u003E\n    \u003Cdiv class=\u0022product-list-tiles-pagination-wrapper\u0022\u003E\n        \u003Cul class=\u0022pagination\u0022\u003E\n            \u003Cli class=\u0022page-item-break\u0022\u003E\u003C\/li\u003E\n            \u003Cli class=\u0022page-item pagination-item-left\u0022\u003E\n                \u003Ca class=\u0022page-link js-product-scroll  js-ajax\u0022\n                   href=\u0022\/pohovky-a-kresla-do-kancelare?page=1\u0026amp;displayedPages=1\u0022\u003E\u003Cspan\n                            class=\u0022icon-double-chevron-left\u0022\u003E\u003C\/span\u003E\u003C\/a\u003E\n            \u003C\/li\u003E\n\n                        \u003Cli class=\u0022page-item pagination-item-left\u0022\u003E\n                \u003Ca class=\u0022page-link js-product-scroll  js-ajax\u0022\n                   href=\u0022\/pohovky-a-kresla-do-kancelare?page=1\u0026amp;displayedPages=1\u0022\u003E\u003Cspan\n                            class=\u0022icon-arrow-left\u0022\u003E\u003C\/span\u003E\u003C\/a\u003E\n            \u003C\/li\u003E\n\n                            \u003Cli class=\u0022page-item\u0022\u003E\n                    \u003Ca class=\u0022page-link js-product-scroll  js-ajax\u0022\n                       href=\u0022\/pohovky-a-kresla-do-kancelare?page=1\u0026amp;displayedPages=1\u0022\u003E1\u003C\/a\u003E\n                \u003C\/li\u003E\n                            \u003Cli class=\u0022page-item active\u0022\u003E\n                    \u003Ca class=\u0022page-link js-product-scroll  js-ajax\u0022\n                       href=\u0022\/pohovky-a-kresla-do-kancelare?page=2\u0026amp;displayedPages=1\u0022\u003E2\u003C\/a\u003E\n                \u003C\/li\u003E\n                            \u003Cli class=\u0022page-item\u0022\u003E\n                    \u003Ca class=\u0022page-link js-product-scroll  js-ajax\u0022\n                       href=\u0022\/pohovky-a-kresla-do-kancelare?page=3\u0026amp;displayedPages=1\u0022\u003E3\u003C\/a\u003E\n                \u003C\/li\u003E\n                            \u003Cli class=\u0022page-item\u0022\u003E\n                    \u003Ca class=\u0022page-link js-product-scroll  js-ajax\u0022\n                       href=\u0022\/pohovky-a-kresla-do-kancelare?page=4\u0026amp;displayedPages=1\u0022\u003E4\u003C\/a\u003E\n                \u003C\/li\u003E\n                            \u003Cli class=\u0022page-item\u0022\u003E\n                    \u003Ca class=\u0022page-link js-product-scroll  js-ajax\u0022\n                       href=\u0022\/pohovky-a-kresla-do-kancelare?page=5\u0026amp;displayedPages=1\u0022\u003E5\u003C\/a\u003E\n                \u003C\/li\u003E\n            \n                        \u003Cli class=\u0022page-item pagination-item-right\u0022\u003E\n                \u003Ca class=\u0022page-link js-product-scroll  js-ajax\u0022\n                   href=\u0022\/pohovky-a-kresla-do-kancelare?page=3\u0026amp;displayedPages=1\u0022\u003E\u003Cspan\n                            class=\u0022icon-arrow-right\u0022\u003E\u003C\/span\u003E\u003C\/a\u003E\n            \u003C\/li\u003E\n\n            \u003Cli class=\u0022page-item pagination-item-right\u0022\u003E\n                \u003Ca class=\u0022page-link js-product-scroll  js-ajax\u0022\n                   href=\u0022\/pohovky-a-kresla-do-kancelare?page=11\u0026amp;displayedPages=1\u0022\u003E\u003Cspan\n                            class=\u0022icon-double-chevron-right\u0022\u003E\u003C\/span\u003E\u003C\/a\u003E\n            \u003C\/li\u003E\n        \u003C\/ul\u003E\n    \u003C\/div\u003E\n\n\u003C\/div\u003E","action":"replace"}},"actions":{"historyPushState":{"url":"\/pohovky-a-kresla-do-kancelare?displayedPages=2\u0026page=2","state":[],"title":"stateChange"}},"payload":[]}