{"snippets":{"#js-product-list-items-wrapper":{"html":"            \u003Cdiv class=\u0022product-tile-item js-product-tile js-block-preloader\u0022 id=\u0022js-product-tile-1113\u0022\u003E\n    \u003Cdiv class=\u0022product-tile-item-foreground js-product-tile-foreground\u0022\u003E\n        \u003Cdiv class=\u0022product-tile-item-info-wrapper\u0022 id=\u0022js-product-tile-1113-info\u0022\u003E\n            \u003Cdiv class=\u0022product-tile-item-basic-info\u0022\u003E\n    \u003Cdiv class=\u0022product-tile-item-image-wrapper position-relative\u0022\u003E\n        \u003Cdiv class=\u0022product-tile-item-image\u0022\u003E\n                        \u003Ca href=\u0022\/stolek-vancouver-oto-vor1-g1-mvor100000-g1\u0022\u003E\n                \u003Cpicture\u003E\n                    \u003Cimg\n                            src=\u0022\u0022\n                            data-src=\u0022https:\/\/www.kresla-zidle.cz\/temp\/product\/list\/img-p-7-9-2-4-7924.png\u0022\n                            alt=\u0022Stolek VANCOUVER OTO VOR1B\u0022\n                            class=\u0022img-fluid js-lazy-img\u0022\u003E\n                \u003C\/picture\u003E\n            \u003C\/a\u003E\n        \u003C\/div\u003E\n        \u003Cdiv class=\u0022product-tile-item-tags-wrapper\u0022\u003E\n    \u003Cdiv class=\u0022product-item-tags-left\u0022\u003E\n                                                    \u003C\/div\u003E\n    \u003Cdiv class=\u0022product-item-tags-right\u0022\u003E\n                                                                                \u003Cdiv class=\u0022product-tile-tags-manufacturer\u0022\u003E\n                \u003Ca href=\u0022\/profim\u0022\u003E\n                    \u003Cimg src=\u0022https:\/\/www.kresla-zidle.cz\/images\/manufacturer-front-tag\/1.png\u0022 alt=\u0022Profim\u0022 class=\u0022img-fluid\u0022 loading=\u0022lazy\u0022\u003E\n                \u003C\/a\u003E\n            \u003C\/div\u003E\n            \u003C\/div\u003E\n\u003C\/div\u003E    \u003C\/div\u003E\n\n                \n    \u003Cdiv class=\u0022product-tile-item-heading-info\u0022\u003E\n        \u003Cdiv class=\u0022product-tile-category\u0022\u003EOb\u00fdvac\u00ed pokoj\u003C\/div\u003E        \u003Ch2 class=\u0022product-tile-heading\u0022\u003E\u003Ca href=\u0022\/stolek-vancouver-oto-vor1-g1-mvor100000-g1\u0022\u003EStolek VANCOUVER OTO VOR1 G1\u003C\/a\u003E\u003C\/h2\u003E\n    \u003C\/div\u003E\n    \u003Cdiv class=\u0022product-tile-item-params\u0022\u003E\n                                                                                        \u003Cdiv class=\u0022product-tile-item-params__item\u0022\u003E\n                                            \u003C\/div\u003E\n                                                                                    \u003Cdiv class=\u0022product-tile-item-params__item\u0022\u003E\n                                            \u003C\/div\u003E\n                                                                                    \u003Cdiv class=\u0022product-tile-item-params__item\u0022\u003E\n                                                    5 let\n                            \n                                            \u003C\/div\u003E\n                                                                                    \u003Cdiv class=\u0022product-tile-item-params__item\u0022\u003E\n                                                    Kruh\n                            \n                                            \u003C\/div\u003E\n                                                                                                \u003C\/div\u003E\n    \u003Cdiv class=\u0022product-tile-item-price-availability\u0022\u003E\n        \u003Cdiv class=\u0022product-tile-item-price-wrapper\u0022\u003E\n            \n\n        \u003Cdiv class=\u0022price-current\u0022\u003E6 789 K\u010d\u003C\/div\u003E\n    \u003Cdiv class=\u0022price-info\u0022\u003E5 610 K\u010d bez DPH\u003C\/div\u003E        \u003C\/div\u003E\n        \u003Cdiv class=\u0022product-tile-item-availability-wrapper\u0022\u003E\n            \u003Cdiv class=\u0022availability\u0022 style=\u0022color: #fb8908;\u0022\u003E\u003Cspan class=\u0022availability-icon icon-glass-hour\u0022\u003E\u003C\/span\u003E do 28 dn\u016f\u003C\/div\u003E        \u003C\/div\u003E\n        \u003Cdiv\u003E\n            \n    \n    \n\n\n        \u003C\/div\u003E\n    \u003C\/div\u003E\n\u003C\/div\u003E\n\u003Cdiv class=\u0022product-tile-item-extended-info\u0022\u003E\n\n            \u003Cdiv class=\u0022product-tile-item-description\u0022\u003E\n            \u003Cp\u003EKruhov\u00fd \u010daloun\u011bn\u00fd stolek se sklen\u011bnou deskou.\u003C\/p\u003E\n        \u003C\/div\u003E\n                \u003Cdiv class=\u0022product-tile-item-services\u0022\u003E\n        \u003Ca href=\u0022\/product\/favourite\/add\/1113\u0022 class=\u0022service-item \u0022 data-product-favourite=\u00221113\u0022 data-method=\u0022POST\u0022\u003E\u003Cspan class=\u0022icon-heart\u0022\u003E\u003C\/span\u003E Obl\u00edben\u00e9\u003C\/a\u003E        \u003Cspan class=\u0022service-item\u0022\u003E\u003Cspan class=\u0022icon-chart\u0022\u003E\u003C\/span\u003E MVOR100000 G1\u003C\/span\u003E\n    \u003C\/div\u003E\n    \n            \n    \u003Cdiv class=\u0022product-tile-item-action-wrapper\u0022\u003E\n        \u003Ca href=\u0022\/stolek-vancouver-oto-vor1-g1-mvor100000-g1\u0022 class=\u0022btn-tile\u0022\n           data-text-desktop=\u0022Detail produktu\u0022\n           data-text-mobile=\u0022Detail\u0022\u003E\u003C\/a\u003E\n                    \u003Ca href=\u0022\/stolek-vancouver-oto-vor1-g1-mvor100000-g1\u0022\n               class=\u0022btn-tile btn-icon-right\u0022\u003E\n                \u003Cspan class=\u0022icon-shopping-cart\u0022\u003E\u003C\/span\u003E\n                \u003Cspan class=\u0022btn-tile-text\u0022\u003EKoupit\u003C\/span\u003E\n            \u003C\/a\u003E\n            \u003C\/div\u003E\n    \u003C\/div\u003E        \u003C\/div\u003E\n                    \u003C\/div\u003E\n\u003C\/div\u003E            \u003Cdiv class=\u0022product-tile-item js-product-tile js-block-preloader\u0022 id=\u0022js-product-tile-1114\u0022\u003E\n    \u003Cdiv class=\u0022product-tile-item-foreground js-product-tile-foreground\u0022\u003E\n        \u003Cdiv class=\u0022product-tile-item-info-wrapper\u0022 id=\u0022js-product-tile-1114-info\u0022\u003E\n            \u003Cdiv class=\u0022product-tile-item-basic-info\u0022\u003E\n    \u003Cdiv class=\u0022product-tile-item-image-wrapper position-relative\u0022\u003E\n        \u003Cdiv class=\u0022product-tile-item-image\u0022\u003E\n                        \u003Ca href=\u0022\/stolek-vancouver-oto-vos2-g1-mvos200000-g1\u0022\u003E\n                \u003Cpicture\u003E\n                    \u003Cimg\n                            src=\u0022\u0022\n                            data-src=\u0022https:\/\/www.kresla-zidle.cz\/temp\/product\/list\/img-p-7-9-2-5-7925.png\u0022\n                            alt=\u0022Stolek VANCOUVER OTO VOS2B\u0022\n                            class=\u0022img-fluid js-lazy-img\u0022\u003E\n                \u003C\/picture\u003E\n            \u003C\/a\u003E\n        \u003C\/div\u003E\n        \u003Cdiv class=\u0022product-tile-item-tags-wrapper\u0022\u003E\n    \u003Cdiv class=\u0022product-item-tags-left\u0022\u003E\n                                                    \u003C\/div\u003E\n    \u003Cdiv class=\u0022product-item-tags-right\u0022\u003E\n                                                                                \u003Cdiv class=\u0022product-tile-tags-manufacturer\u0022\u003E\n                \u003Ca href=\u0022\/profim\u0022\u003E\n                    \u003Cimg src=\u0022https:\/\/www.kresla-zidle.cz\/images\/manufacturer-front-tag\/1.png\u0022 alt=\u0022Profim\u0022 class=\u0022img-fluid\u0022 loading=\u0022lazy\u0022\u003E\n                \u003C\/a\u003E\n            \u003C\/div\u003E\n            \u003C\/div\u003E\n\u003C\/div\u003E    \u003C\/div\u003E\n\n                \n    \u003Cdiv class=\u0022product-tile-item-heading-info\u0022\u003E\n        \u003Cdiv class=\u0022product-tile-category\u0022\u003EOb\u00fdvac\u00ed pokoj\u003C\/div\u003E        \u003Ch2 class=\u0022product-tile-heading\u0022\u003E\u003Ca href=\u0022\/stolek-vancouver-oto-vos2-g1-mvos200000-g1\u0022\u003EStolek VANCOUVER OTO VOS2 G1\u003C\/a\u003E\u003C\/h2\u003E\n    \u003C\/div\u003E\n    \u003Cdiv class=\u0022product-tile-item-params\u0022\u003E\n                                                                                        \u003Cdiv class=\u0022product-tile-item-params__item\u0022\u003E\n                                            \u003C\/div\u003E\n                                                                                    \u003Cdiv class=\u0022product-tile-item-params__item\u0022\u003E\n                                            \u003C\/div\u003E\n                                                                                    \u003Cdiv class=\u0022product-tile-item-params__item\u0022\u003E\n                                                    5 let\n                            \n                                            \u003C\/div\u003E\n                                                                                    \u003Cdiv class=\u0022product-tile-item-params__item\u0022\u003E\n                                                    \u010ctverec\n                            \n                                            \u003C\/div\u003E\n                                                                                                \u003C\/div\u003E\n    \u003Cdiv class=\u0022product-tile-item-price-availability\u0022\u003E\n        \u003Cdiv class=\u0022product-tile-item-price-wrapper\u0022\u003E\n            \n\n        \u003Cdiv class=\u0022price-current\u0022\u003E7 055 K\u010d\u003C\/div\u003E\n    \u003Cdiv class=\u0022price-info\u0022\u003E5 830 K\u010d bez DPH\u003C\/div\u003E        \u003C\/div\u003E\n        \u003Cdiv class=\u0022product-tile-item-availability-wrapper\u0022\u003E\n            \u003Cdiv class=\u0022availability\u0022 style=\u0022color: #fb8908;\u0022\u003E\u003Cspan class=\u0022availability-icon icon-glass-hour\u0022\u003E\u003C\/span\u003E do 28 dn\u016f\u003C\/div\u003E        \u003C\/div\u003E\n        \u003Cdiv\u003E\n            \n    \n    \n\n\n        \u003C\/div\u003E\n    \u003C\/div\u003E\n\u003C\/div\u003E\n\u003Cdiv class=\u0022product-tile-item-extended-info\u0022\u003E\n\n            \u003Cdiv class=\u0022product-tile-item-description\u0022\u003E\n            \u003Cp\u003E\u010caloun\u011bn\u00fd \u010dtvercov\u00fd stolek se sklen\u011bnou deskou\u003C\/p\u003E\n        \u003C\/div\u003E\n                \u003Cdiv class=\u0022product-tile-item-services\u0022\u003E\n        \u003Ca href=\u0022\/product\/favourite\/add\/1114\u0022 class=\u0022service-item \u0022 data-product-favourite=\u00221114\u0022 data-method=\u0022POST\u0022\u003E\u003Cspan class=\u0022icon-heart\u0022\u003E\u003C\/span\u003E Obl\u00edben\u00e9\u003C\/a\u003E        \u003Cspan class=\u0022service-item\u0022\u003E\u003Cspan class=\u0022icon-chart\u0022\u003E\u003C\/span\u003E MVOS200000 G1\u003C\/span\u003E\n    \u003C\/div\u003E\n    \n            \n    \u003Cdiv class=\u0022product-tile-item-action-wrapper\u0022\u003E\n        \u003Ca href=\u0022\/stolek-vancouver-oto-vos2-g1-mvos200000-g1\u0022 class=\u0022btn-tile\u0022\n           data-text-desktop=\u0022Detail produktu\u0022\n           data-text-mobile=\u0022Detail\u0022\u003E\u003C\/a\u003E\n                    \u003Ca href=\u0022\/stolek-vancouver-oto-vos2-g1-mvos200000-g1\u0022\n               class=\u0022btn-tile btn-icon-right\u0022\u003E\n                \u003Cspan class=\u0022icon-shopping-cart\u0022\u003E\u003C\/span\u003E\n                \u003Cspan class=\u0022btn-tile-text\u0022\u003EKoupit\u003C\/span\u003E\n            \u003C\/a\u003E\n            \u003C\/div\u003E\n    \u003C\/div\u003E        \u003C\/div\u003E\n                    \u003C\/div\u003E\n\u003C\/div\u003E            \u003Cdiv class=\u0022product-tile-item js-product-tile js-block-preloader\u0022 id=\u0022js-product-tile-1120\u0022\u003E\n    \u003Cdiv class=\u0022product-tile-item-foreground js-product-tile-foreground\u0022\u003E\n        \u003Cdiv class=\u0022product-tile-item-info-wrapper\u0022 id=\u0022js-product-tile-1120-info\u0022\u003E\n            \u003Cdiv class=\u0022product-tile-item-basic-info\u0022\u003E\n    \u003Cdiv class=\u0022product-tile-item-image-wrapper position-relative\u0022\u003E\n        \u003Cdiv class=\u0022product-tile-item-image\u0022\u003E\n                        \u003Ca href=\u0022\/stolek-vancouver-oto-vos1-g1-mvos100000-g1\u0022\u003E\n                \u003Cpicture\u003E\n                    \u003Cimg\n                            src=\u0022\u0022\n                            data-src=\u0022https:\/\/www.kresla-zidle.cz\/temp\/product\/list\/img-p-7-9-8-8-7988.png\u0022\n                            alt=\u0022Stolek VANCOUVER OTO VOS2B\u0022\n                            class=\u0022img-fluid js-lazy-img\u0022\u003E\n                \u003C\/picture\u003E\n            \u003C\/a\u003E\n        \u003C\/div\u003E\n        \u003Cdiv class=\u0022product-tile-item-tags-wrapper\u0022\u003E\n    \u003Cdiv class=\u0022product-item-tags-left\u0022\u003E\n                                                    \u003C\/div\u003E\n    \u003Cdiv class=\u0022product-item-tags-right\u0022\u003E\n                                                                                \u003Cdiv class=\u0022product-tile-tags-manufacturer\u0022\u003E\n                \u003Ca href=\u0022\/profim\u0022\u003E\n                    \u003Cimg src=\u0022https:\/\/www.kresla-zidle.cz\/images\/manufacturer-front-tag\/1.png\u0022 alt=\u0022Profim\u0022 class=\u0022img-fluid\u0022 loading=\u0022lazy\u0022\u003E\n                \u003C\/a\u003E\n            \u003C\/div\u003E\n            \u003C\/div\u003E\n\u003C\/div\u003E    \u003C\/div\u003E\n\n                \n    \u003Cdiv class=\u0022product-tile-item-heading-info\u0022\u003E\n        \u003Cdiv class=\u0022product-tile-category\u0022\u003EOb\u00fdvac\u00ed pokoj\u003C\/div\u003E        \u003Ch2 class=\u0022product-tile-heading\u0022\u003E\u003Ca href=\u0022\/stolek-vancouver-oto-vos1-g1-mvos100000-g1\u0022\u003EStolek VANCOUVER OTO VOS1 G1\u003C\/a\u003E\u003C\/h2\u003E\n    \u003C\/div\u003E\n    \u003Cdiv class=\u0022product-tile-item-params\u0022\u003E\n                                                                                        \u003Cdiv class=\u0022product-tile-item-params__item\u0022\u003E\n                                            \u003C\/div\u003E\n                                                                                    \u003Cdiv class=\u0022product-tile-item-params__item\u0022\u003E\n                                            \u003C\/div\u003E\n                                                                                    \u003Cdiv class=\u0022product-tile-item-params__item\u0022\u003E\n                                                    5 let\n                            \n                                            \u003C\/div\u003E\n                                                                                    \u003Cdiv class=\u0022product-tile-item-params__item\u0022\u003E\n                                                    \u010ctverec\n                            \n                                            \u003C\/div\u003E\n                                                                                                \u003C\/div\u003E\n    \u003Cdiv class=\u0022product-tile-item-price-availability\u0022\u003E\n        \u003Cdiv class=\u0022product-tile-item-price-wrapper\u0022\u003E\n            \n\n        \u003Cdiv class=\u0022price-current\u0022\u003E7 708 K\u010d\u003C\/div\u003E\n    \u003Cdiv class=\u0022price-info\u0022\u003E6 370 K\u010d bez DPH\u003C\/div\u003E        \u003C\/div\u003E\n        \u003Cdiv class=\u0022product-tile-item-availability-wrapper\u0022\u003E\n            \u003Cdiv class=\u0022availability\u0022 style=\u0022color: #fb8908;\u0022\u003E\u003Cspan class=\u0022availability-icon icon-glass-hour\u0022\u003E\u003C\/span\u003E do 28 dn\u016f\u003C\/div\u003E        \u003C\/div\u003E\n        \u003Cdiv\u003E\n            \n    \n    \n\n\n        \u003C\/div\u003E\n    \u003C\/div\u003E\n\u003C\/div\u003E\n\u003Cdiv class=\u0022product-tile-item-extended-info\u0022\u003E\n\n            \u003Cdiv class=\u0022product-tile-item-description\u0022\u003E\n            \u003Cp\u003E\u010caloun\u011bn\u00fd \u010dtvercov\u00fd stolek se sklen\u011bnou deskou\u003C\/p\u003E\n        \u003C\/div\u003E\n                \u003Cdiv class=\u0022product-tile-item-services\u0022\u003E\n        \u003Ca href=\u0022\/product\/favourite\/add\/1120\u0022 class=\u0022service-item \u0022 data-product-favourite=\u00221120\u0022 data-method=\u0022POST\u0022\u003E\u003Cspan class=\u0022icon-heart\u0022\u003E\u003C\/span\u003E Obl\u00edben\u00e9\u003C\/a\u003E        \u003Cspan class=\u0022service-item\u0022\u003E\u003Cspan class=\u0022icon-chart\u0022\u003E\u003C\/span\u003E MVOS100000 G1\u003C\/span\u003E\n    \u003C\/div\u003E\n    \n            \n    \u003Cdiv class=\u0022product-tile-item-action-wrapper\u0022\u003E\n        \u003Ca href=\u0022\/stolek-vancouver-oto-vos1-g1-mvos100000-g1\u0022 class=\u0022btn-tile\u0022\n           data-text-desktop=\u0022Detail produktu\u0022\n           data-text-mobile=\u0022Detail\u0022\u003E\u003C\/a\u003E\n                    \u003Ca href=\u0022\/stolek-vancouver-oto-vos1-g1-mvos100000-g1\u0022\n               class=\u0022btn-tile btn-icon-right\u0022\u003E\n                \u003Cspan class=\u0022icon-shopping-cart\u0022\u003E\u003C\/span\u003E\n                \u003Cspan class=\u0022btn-tile-text\u0022\u003EKoupit\u003C\/span\u003E\n            \u003C\/a\u003E\n            \u003C\/div\u003E\n    \u003C\/div\u003E        \u003C\/div\u003E\n                    \u003C\/div\u003E\n\u003C\/div\u003E            \u003Cdiv class=\u0022product-tile-item js-product-tile js-block-preloader\u0022 id=\u0022js-product-tile-1185\u0022\u003E\n    \u003Cdiv class=\u0022product-tile-item-foreground js-product-tile-foreground\u0022\u003E\n        \u003Cdiv class=\u0022product-tile-item-info-wrapper\u0022 id=\u0022js-product-tile-1185-info\u0022\u003E\n            \u003Cdiv class=\u0022product-tile-item-basic-info\u0022\u003E\n    \u003Cdiv class=\u0022product-tile-item-image-wrapper position-relative\u0022\u003E\n        \u003Cdiv class=\u0022product-tile-item-image\u0022\u003E\n                        \u003Ca href=\u0022\/stul-doll-751\u0022\u003E\n                \u003Cpicture\u003E\n                    \u003Cimg\n                            src=\u0022\u0022\n                            data-src=\u0022https:\/\/www.kresla-zidle.cz\/temp\/product\/list\/doll-8.png\u0022\n                            alt=\u0022Konfere\u010dn\u00ed stolek Doll 751\u0022\n                            class=\u0022img-fluid js-lazy-img\u0022\u003E\n                \u003C\/picture\u003E\n            \u003C\/a\u003E\n        \u003C\/div\u003E\n        \u003Cdiv class=\u0022product-tile-item-tags-wrapper\u0022\u003E\n    \u003Cdiv class=\u0022product-item-tags-left\u0022\u003E\n                                                    \u003C\/div\u003E\n    \u003Cdiv class=\u0022product-item-tags-right\u0022\u003E\n                                                                                \u003Cdiv class=\u0022product-tile-tags-manufacturer\u0022\u003E\n                \u003Ca href=\u0022\/billiani\u0022\u003E\n                    \u003Cimg src=\u0022https:\/\/www.kresla-zidle.cz\/images\/manufacturer-front-tag\/19.png\u0022 alt=\u0022Billiani\u0022 class=\u0022img-fluid\u0022 loading=\u0022lazy\u0022\u003E\n                \u003C\/a\u003E\n            \u003C\/div\u003E\n            \u003C\/div\u003E\n\u003C\/div\u003E    \u003C\/div\u003E\n\n                \n    \u003Cdiv class=\u0022product-tile-item-heading-info\u0022\u003E\n        \u003Cdiv class=\u0022product-tile-category\u0022\u003EKonferen\u010dn\u00ed stolky\u003C\/div\u003E        \u003Ch2 class=\u0022product-tile-heading\u0022\u003E\u003Ca href=\u0022\/stul-doll-751\u0022\u003ESt\u016fl DOLL 751\u003C\/a\u003E\u003C\/h2\u003E\n    \u003C\/div\u003E\n    \u003Cdiv class=\u0022product-tile-item-params\u0022\u003E\n                                                                                        \u003Cdiv class=\u0022product-tile-item-params__item\u0022\u003E\n                                            \u003C\/div\u003E\n                                                                                    \u003Cdiv class=\u0022product-tile-item-params__item\u0022\u003E\n                                                    4 nohy\n                            \n                                            \u003C\/div\u003E\n                                                                                    \u003Cdiv class=\u0022product-tile-item-params__item\u0022\u003E\n                                                    2 roky\n                            \n                                            \u003C\/div\u003E\n                                                                                    \u003Cdiv class=\u0022product-tile-item-params__item\u0022\u003E\n                                                    Obd\u00e9ln\u00edk\n                            \n                                            \u003C\/div\u003E\n                                                                                                \u003C\/div\u003E\n    \u003Cdiv class=\u0022product-tile-item-price-availability\u0022\u003E\n        \u003Cdiv class=\u0022product-tile-item-price-wrapper\u0022\u003E\n            \n\n        \u003Cdiv class=\u0022price-current\u0022\u003E10 860 K\u010d\u003C\/div\u003E\n    \u003Cdiv class=\u0022price-info\u0022\u003E8 975 K\u010d bez DPH\u003C\/div\u003E        \u003C\/div\u003E\n        \u003Cdiv class=\u0022product-tile-item-availability-wrapper\u0022\u003E\n            \u003Cdiv class=\u0022availability\u0022\u003E\u003Cspan class=\u0022availability-icon icon-glass-hour\u0022\u003E\u003C\/span\u003E do 42 dn\u016f\u003C\/div\u003E        \u003C\/div\u003E\n        \u003Cdiv\u003E\n            \n    \n    \n\n\n        \u003C\/div\u003E\n    \u003C\/div\u003E\n\u003C\/div\u003E\n\u003Cdiv class=\u0022product-tile-item-extended-info\u0022\u003E\n\n            \u003Cdiv class=\u0022product-tile-item-description\u0022\u003E\n            \u003Cp\u003EStolek Doll 751 od Billiani nab\u00edz\u00ed elegantn\u00ed a modern\u00ed design vhodn\u00fd do r\u016fzn\u00fdch interi\u00e9r\u016f. Vyroben\u00fd s d\u016frazem na detail a kvalitu p\u0159edstavuje ide\u00e1ln\u00ed dopln\u011bk dom\u00e1cnost\u00ed i kancel\u00e1\u0159\u00ed.\u003C\/p\u003E\n        \u003C\/div\u003E\n                \u003Cdiv class=\u0022product-tile-item-services\u0022\u003E\n        \u003Ca href=\u0022\/product\/favourite\/add\/1185\u0022 class=\u0022service-item \u0022 data-product-favourite=\u00221185\u0022 data-method=\u0022POST\u0022\u003E\u003Cspan class=\u0022icon-heart\u0022\u003E\u003C\/span\u003E Obl\u00edben\u00e9\u003C\/a\u003E        \u003Cspan class=\u0022service-item\u0022\u003E\u003Cspan class=\u0022icon-chart\u0022\u003E\u003C\/span\u003E DOLL 751\u003C\/span\u003E\n    \u003C\/div\u003E\n    \n            \n    \u003Cdiv class=\u0022product-tile-item-action-wrapper\u0022\u003E\n        \u003Ca href=\u0022\/stul-doll-751\u0022 class=\u0022btn-tile\u0022\n           data-text-desktop=\u0022Detail produktu\u0022\n           data-text-mobile=\u0022Detail\u0022\u003E\u003C\/a\u003E\n                    \u003Ca href=\u0022\/stul-doll-751\u0022\n               class=\u0022btn-tile btn-icon-right\u0022\u003E\n                \u003Cspan class=\u0022icon-shopping-cart\u0022\u003E\u003C\/span\u003E\n                \u003Cspan class=\u0022btn-tile-text\u0022\u003EKoupit\u003C\/span\u003E\n            \u003C\/a\u003E\n            \u003C\/div\u003E\n    \u003C\/div\u003E        \u003C\/div\u003E\n                    \u003C\/div\u003E\n\u003C\/div\u003E            \u003Cdiv class=\u0022product-tile-item js-product-tile js-block-preloader\u0022 id=\u0022js-product-tile-1290\u0022\u003E\n    \u003Cdiv class=\u0022product-tile-item-foreground js-product-tile-foreground with-variants\u0022\u003E\n        \u003Cdiv class=\u0022product-tile-item-info-wrapper\u0022 id=\u0022js-product-tile-1290-info\u0022\u003E\n            \u003Cdiv class=\u0022product-tile-item-basic-info\u0022\u003E\n    \u003Cdiv class=\u0022product-tile-item-image-wrapper position-relative\u0022\u003E\n        \u003Cdiv class=\u0022product-tile-item-image\u0022\u003E\n                        \u003Ca href=\u0022\/stul-chic-restaurant-table-rh30-mphrh30000\u0022\u003E\n                \u003Cpicture\u003E\n                    \u003Cimg\n                            src=\u0022\u0022\n                            data-src=\u0022https:\/\/www.kresla-zidle.cz\/temp\/product\/list\/img-p-2-1-3-5-7-21357.png\u0022\n                            alt=\u0022St\u016fl Chic RH30\u0022\n                            class=\u0022img-fluid js-lazy-img\u0022\u003E\n                \u003C\/picture\u003E\n            \u003C\/a\u003E\n        \u003C\/div\u003E\n        \u003Cdiv class=\u0022product-tile-item-tags-wrapper\u0022\u003E\n    \u003Cdiv class=\u0022product-item-tags-left\u0022\u003E\n                                                    \u003C\/div\u003E\n    \u003Cdiv class=\u0022product-item-tags-right\u0022\u003E\n                                                                                \u003Cdiv class=\u0022product-tile-tags-manufacturer\u0022\u003E\n                \u003Ca href=\u0022\/profim\u0022\u003E\n                    \u003Cimg src=\u0022https:\/\/www.kresla-zidle.cz\/images\/manufacturer-front-tag\/1.png\u0022 alt=\u0022Profim\u0022 class=\u0022img-fluid\u0022 loading=\u0022lazy\u0022\u003E\n                \u003C\/a\u003E\n            \u003C\/div\u003E\n            \u003C\/div\u003E\n\u003C\/div\u003E    \u003C\/div\u003E\n\n                \n    \u003Cdiv class=\u0022product-tile-item-heading-info\u0022\u003E\n        \u003Cdiv class=\u0022product-tile-category\u0022\u003EJ\u00eddelna a restaurace\u003C\/div\u003E        \u003Ch2 class=\u0022product-tile-heading\u0022\u003E\u003Ca href=\u0022\/stul-chic-restaurant-table-rh30-mphrh30000\u0022\u003ESt\u016fl CHIC RESTAURANT TABLE RH30\u003C\/a\u003E\u003C\/h2\u003E\n    \u003C\/div\u003E\n    \u003Cdiv class=\u0022product-tile-item-params\u0022\u003E\n                                                                                        \u003Cdiv class=\u0022product-tile-item-params__item\u0022\u003E\n                                            \u003C\/div\u003E\n                                                                                    \u003Cdiv class=\u0022product-tile-item-params__item\u0022\u003E\n                                            \u003C\/div\u003E\n                                                                                    \u003Cdiv class=\u0022product-tile-item-params__item\u0022\u003E\n                                                    5 let\n                            \n                                            \u003C\/div\u003E\n                                                                                    \u003Cdiv class=\u0022product-tile-item-params__item\u0022\u003E\n                                            \u003C\/div\u003E\n                                                                                                \u003C\/div\u003E\n    \u003Cdiv class=\u0022product-tile-item-price-availability\u0022\u003E\n        \u003Cdiv class=\u0022product-tile-item-price-wrapper\u0022\u003E\n            \n\n        \u003Cdiv class=\u0022price-current\u0022\u003E14 109 K\u010d\u003C\/div\u003E\n    \u003Cdiv class=\u0022price-info\u0022\u003E11 660 K\u010d bez DPH\u003C\/div\u003E        \u003C\/div\u003E\n        \u003Cdiv class=\u0022product-tile-item-availability-wrapper\u0022\u003E\n            \u003Cdiv class=\u0022availability\u0022 style=\u0022color: #fb8908;\u0022\u003E\u003Cspan class=\u0022availability-icon icon-glass-hour\u0022\u003E\u003C\/span\u003E do 28 dn\u016f\u003C\/div\u003E        \u003C\/div\u003E\n        \u003Cdiv\u003E\n            \n    \n    \n\n\n        \u003C\/div\u003E\n    \u003C\/div\u003E\n\u003C\/div\u003E\n\u003Cdiv class=\u0022product-tile-item-extended-info\u0022\u003E\n\n            \u003Cdiv class=\u0022product-tile-item-description\u0022\u003E\n            \u003Cp\u003EJ\u00eddeln\u00ed st\u016fl vhodn\u00fd do restaurac\u00ed, kav\u00e1ren \u010di Va\u0161eho interi\u00e9ru.\u003C\/p\u003E\n        \u003C\/div\u003E\n                \u003Cdiv class=\u0022product-tile-item-services\u0022\u003E\n        \u003Ca href=\u0022\/product\/favourite\/add\/1290\u0022 class=\u0022service-item \u0022 data-product-favourite=\u00221290\u0022 data-method=\u0022POST\u0022\u003E\u003Cspan class=\u0022icon-heart\u0022\u003E\u003C\/span\u003E Obl\u00edben\u00e9\u003C\/a\u003E        \u003Cspan class=\u0022service-item\u0022\u003E\u003Cspan class=\u0022icon-chart\u0022\u003E\u003C\/span\u003E MPHRH30000\u003C\/span\u003E\n    \u003C\/div\u003E\n    \n            \n    \u003Cdiv class=\u0022product-tile-item-action-wrapper\u0022\u003E\n        \u003Ca href=\u0022\/stul-chic-restaurant-table-rh30-mphrh30000\u0022 class=\u0022btn-tile\u0022\n           data-text-desktop=\u0022Detail produktu\u0022\n           data-text-mobile=\u0022Detail\u0022\u003E\u003C\/a\u003E\n                    \u003Ca href=\u0022\/stul-chic-restaurant-table-rh30-mphrh30000\u0022\n               class=\u0022btn-tile btn-icon-right\u0022\u003E\n                \u003Cspan class=\u0022icon-shopping-cart\u0022\u003E\u003C\/span\u003E\n                \u003Cspan class=\u0022btn-tile-text\u0022\u003EKoupit\u003C\/span\u003E\n            \u003C\/a\u003E\n            \u003C\/div\u003E\n    \u003C\/div\u003E        \u003C\/div\u003E\n                            \u003Cdiv class=\u0022product-tile-item-variants js-product-item-variants\u0022\u003E\n                                                \u003Ca href=\u0022\/stul-chic-restaurant-table-rh30-mphrh30000\u0022\n                   class=\u0022tile-varinat-tab js-variant-item js-ajax active\u0022\n                   data-show-preloader=\u00220\u0022\n                   data-href=\u0022\/product-list-tile\/1292\/1290?renderParameterIds%5B0%5D=7\u0026amp;renderParameterIds%5B1%5D=117\u0026amp;renderParameterIds%5B2%5D=143\u0026amp;renderParameterIds%5B3%5D=145\u0026amp;renderParameterIds%5B4%5D=150\u0026amp;renderParameterIds%5B5%5D=214\u0022\n                   data-toggle=\u0022tooltip\u0022 title=\u0022St\u016fl CHIC RESTAURANT TABLE RH30\u0022\n                   data-placement=\u0022left\u0022\u003E\n\n                    \n                    \u003Cimg src=\u0022\u0022 data-src=\u0022https:\/\/www.kresla-zidle.cz\/temp\/product\/list\/img-p-2-1-3-5-7-21357.png\u0022 class=\u0022img-fluid js-lazy-img\u0022 alt=\u0022St\u016fl CHIC RESTAURANT TABLE RH30\u0022 loading=\u0022lazy\u0022\u003E\n                \u003C\/a\u003E\n                                                                            \u003Ca href=\u0022\/stul-chic-restaurant-table-rh20-mphrh20000\u0022\n                       class=\u0022tile-varinat-tab js-variant-item js-ajax\u0022\n                       data-show-preloader=\u00220\u0022\n                       data-href=\u0022\/product-list-tile\/2287\/1290?renderParameterIds%5B0%5D=7\u0026amp;renderParameterIds%5B1%5D=117\u0026amp;renderParameterIds%5B2%5D=143\u0026amp;renderParameterIds%5B3%5D=145\u0026amp;renderParameterIds%5B4%5D=150\u0026amp;renderParameterIds%5B5%5D=214\u0022\n                       data-toggle=\u0022tooltip\u0022 title=\u0022St\u016fl CHIC RESTAURANT TABLE RH20\u0022\n                       data-placement=\u0022left\u0022\u003E\n\n                        \n                        \u003Cimg src=\u0022\u0022 data-src=\u0022https:\/\/www.kresla-zidle.cz\/temp\/product\/list\/img-p-2-1-3-5-8-21358.png\u0022 alt=\u0022St\u016fl CHIC RESTAURANT TABLE RH20\u0022 class=\u0022img-fluid js-lazy-img\u0022 loading=\u0022lazy\u0022\u003E\n                    \u003C\/a\u003E\n                            \u003C\/div\u003E\n            \u003C\/div\u003E\n\u003C\/div\u003E            \u003Cdiv class=\u0022product-tile-item js-product-tile js-block-preloader\u0022 id=\u0022js-product-tile-1506\u0022\u003E\n    \u003Cdiv class=\u0022product-tile-item-foreground js-product-tile-foreground\u0022\u003E\n        \u003Cdiv class=\u0022product-tile-item-info-wrapper\u0022 id=\u0022js-product-tile-1506-info\u0022\u003E\n            \u003Cdiv class=\u0022product-tile-item-basic-info\u0022\u003E\n    \u003Cdiv class=\u0022product-tile-item-image-wrapper position-relative\u0022\u003E\n        \u003Cdiv class=\u0022product-tile-item-image\u0022\u003E\n                        \u003Ca href=\u0022\/konferencni-stolek-softbox-s2-msfs200000\u0022\u003E\n                \u003Cpicture\u003E\n                    \u003Cimg\n                            src=\u0022\u0022\n                            data-src=\u0022https:\/\/www.kresla-zidle.cz\/temp\/product\/list\/softbox-s1-2.png\u0022\n                            alt=\u0022Konferen\u010dn\u00ed stolek SOFTBOX S2\u0022\n                            class=\u0022img-fluid js-lazy-img\u0022\u003E\n                \u003C\/picture\u003E\n            \u003C\/a\u003E\n        \u003C\/div\u003E\n        \u003Cdiv class=\u0022product-tile-item-tags-wrapper\u0022\u003E\n    \u003Cdiv class=\u0022product-item-tags-left\u0022\u003E\n                                                            \u003Cdiv class=\u0022product-item-tags-discount\u0022\u003E\n                \u003Cdiv class=\u0022tag-discount\u0022\u003E-10%\u003C\/div\u003E\n            \u003C\/div\u003E\n            \u003C\/div\u003E\n    \u003Cdiv class=\u0022product-item-tags-right\u0022\u003E\n                    \u003Cdiv class=\u0022tag-item-wrapper\u0022\u003E\n                \u003Cdiv class=\u0022tag-item\u0022 style=\u0022background-color: #58c582; color: #ffffff;\u0022\u003E\n                    U\u0160ET\u0158\u00cdTE 3 184 K\u010d\n                \u003C\/div\u003E\n            \u003C\/div\u003E\n                                                                                \u003Cdiv class=\u0022product-tile-tags-manufacturer\u0022\u003E\n                \u003Ca href=\u0022\/profim\u0022\u003E\n                    \u003Cimg src=\u0022https:\/\/www.kresla-zidle.cz\/images\/manufacturer-front-tag\/1.png\u0022 alt=\u0022Profim\u0022 class=\u0022img-fluid\u0022 loading=\u0022lazy\u0022\u003E\n                \u003C\/a\u003E\n            \u003C\/div\u003E\n            \u003C\/div\u003E\n\u003C\/div\u003E    \u003C\/div\u003E\n\n                \n    \u003Cdiv class=\u0022product-tile-item-heading-info\u0022\u003E\n        \u003Cdiv class=\u0022product-tile-category\u0022\u003EJ\u00eddeln\u00ed stoly\u003C\/div\u003E        \u003Ch2 class=\u0022product-tile-heading\u0022\u003E\u003Ca href=\u0022\/konferencni-stolek-softbox-s2-msfs200000\u0022\u003EKonferen\u010dn\u00ed stolek SOFTBOX S2\u003C\/a\u003E\u003C\/h2\u003E\n    \u003C\/div\u003E\n    \u003Cdiv class=\u0022product-tile-item-params\u0022\u003E\n                                                                                        \u003Cdiv class=\u0022product-tile-item-params__item\u0022\u003E\n                                            \u003C\/div\u003E\n                                                                                    \u003Cdiv class=\u0022product-tile-item-params__item\u0022\u003E\n                                            \u003C\/div\u003E\n                                                                                    \u003Cdiv class=\u0022product-tile-item-params__item\u0022\u003E\n                                                    5 let\n                            \n                                            \u003C\/div\u003E\n                                                                                    \u003Cdiv class=\u0022product-tile-item-params__item\u0022\u003E\n                                                    \u010ctverec\n                            \n                                            \u003C\/div\u003E\n                                                                                                \u003C\/div\u003E\n    \u003Cdiv class=\u0022product-tile-item-price-availability\u0022\u003E\n        \u003Cdiv class=\u0022product-tile-item-price-wrapper\u0022\u003E\n            \n\n    \u003Cdiv class=\u0022price-original\u0022\u003E31 836 K\u010d\u003C\/div\u003E    \u003Cdiv class=\u0022price-current\u0022\u003E28 652 K\u010d\u003C\/div\u003E\n    \u003Cdiv class=\u0022price-info\u0022\u003E23 679 K\u010d bez DPH\u003C\/div\u003E        \u003C\/div\u003E\n        \u003Cdiv class=\u0022product-tile-item-availability-wrapper\u0022\u003E\n            \u003Cdiv class=\u0022availability\u0022 style=\u0022color: #fb8908;\u0022\u003E\u003Cspan class=\u0022availability-icon icon-glass-hour\u0022\u003E\u003C\/span\u003E do 28 dn\u016f\u003C\/div\u003E        \u003C\/div\u003E\n        \u003Cdiv\u003E\n            \n    \n    \n\n\n        \u003C\/div\u003E\n    \u003C\/div\u003E\n\u003C\/div\u003E\n\u003Cdiv class=\u0022product-tile-item-extended-info\u0022\u003E\n\n            \u003Cdiv class=\u0022product-tile-item-description\u0022\u003E\n            \u003Cp\u003E\u010caloun\u011bn\u00fd konferen\u010dn\u00ed st\u016fl ze s\u00e9rie SOFTBOX\u003C\/p\u003E\n        \u003C\/div\u003E\n                \u003Cdiv class=\u0022product-tile-item-services\u0022\u003E\n        \u003Ca href=\u0022\/product\/favourite\/add\/1506\u0022 class=\u0022service-item \u0022 data-product-favourite=\u00221506\u0022 data-method=\u0022POST\u0022\u003E\u003Cspan class=\u0022icon-heart\u0022\u003E\u003C\/span\u003E Obl\u00edben\u00e9\u003C\/a\u003E        \u003Cspan class=\u0022service-item\u0022\u003E\u003Cspan class=\u0022icon-chart\u0022\u003E\u003C\/span\u003E MSFS200000\u003C\/span\u003E\n    \u003C\/div\u003E\n    \n            \n    \u003Cdiv class=\u0022product-tile-item-action-wrapper\u0022\u003E\n        \u003Ca href=\u0022\/konferencni-stolek-softbox-s2-msfs200000\u0022 class=\u0022btn-tile\u0022\n           data-text-desktop=\u0022Detail produktu\u0022\n           data-text-mobile=\u0022Detail\u0022\u003E\u003C\/a\u003E\n                    \u003Ca href=\u0022\/konferencni-stolek-softbox-s2-msfs200000\u0022\n               class=\u0022btn-tile btn-icon-right\u0022\u003E\n                \u003Cspan class=\u0022icon-shopping-cart\u0022\u003E\u003C\/span\u003E\n                \u003Cspan class=\u0022btn-tile-text\u0022\u003EKoupit\u003C\/span\u003E\n            \u003C\/a\u003E\n            \u003C\/div\u003E\n    \u003C\/div\u003E        \u003C\/div\u003E\n                    \u003C\/div\u003E\n\u003C\/div\u003E            \u003Cdiv class=\u0022product-tile-item js-product-tile js-block-preloader\u0022 id=\u0022js-product-tile-1643\u0022\u003E\n    \u003Cdiv class=\u0022product-tile-item-foreground js-product-tile-foreground with-variants\u0022\u003E\n        \u003Cdiv class=\u0022product-tile-item-info-wrapper\u0022 id=\u0022js-product-tile-1643-info\u0022\u003E\n            \u003Cdiv class=\u0022product-tile-item-basic-info\u0022\u003E\n    \u003Cdiv class=\u0022product-tile-item-image-wrapper position-relative\u0022\u003E\n        \u003Cdiv class=\u0022product-tile-item-image\u0022\u003E\n                        \u003Ca href=\u0022\/konferencni-stolek-wood-deska-bila-stolek-wood-white\u0022\u003E\n                \u003Cpicture\u003E\n                    \u003Cimg\n                            src=\u0022\u0022\n                            data-src=\u0022https:\/\/www.kresla-zidle.cz\/temp\/product\/list\/wood-60-3.png\u0022\n                            alt=\u0022Konferen\u010dn\u00ed stolek Wood\u0022\n                            class=\u0022img-fluid js-lazy-img\u0022\u003E\n                \u003C\/picture\u003E\n            \u003C\/a\u003E\n        \u003C\/div\u003E\n        \u003Cdiv class=\u0022product-tile-item-tags-wrapper\u0022\u003E\n    \u003Cdiv class=\u0022product-item-tags-left\u0022\u003E\n                                                    \u003C\/div\u003E\n    \u003Cdiv class=\u0022product-item-tags-right\u0022\u003E\n                                                                                \u003Cdiv class=\u0022product-tile-tags-manufacturer\u0022\u003E\n                \u003Ca href=\u0022\/antares\u0022\u003E\n                    \u003Cimg src=\u0022https:\/\/www.kresla-zidle.cz\/images\/manufacturer-front-tag\/9.png\u0022 alt=\u0022ANTARES\u0022 class=\u0022img-fluid\u0022 loading=\u0022lazy\u0022\u003E\n                \u003C\/a\u003E\n            \u003C\/div\u003E\n            \u003C\/div\u003E\n\u003C\/div\u003E    \u003C\/div\u003E\n\n                \n    \u003Cdiv class=\u0022product-tile-item-heading-info\u0022\u003E\n        \u003Cdiv class=\u0022product-tile-category\u0022\u003EJ\u00eddelna a restaurace\u003C\/div\u003E        \u003Ch2 class=\u0022product-tile-heading\u0022\u003E\u003Ca href=\u0022\/konferencni-stolek-wood-deska-bila-stolek-wood-white\u0022\u003EKonferen\u010dn\u00ed stolek Wood - deska b\u00edl\u00e1\u003C\/a\u003E\u003C\/h2\u003E\n    \u003C\/div\u003E\n    \u003Cdiv class=\u0022product-tile-item-params\u0022\u003E\n                                                                                        \u003Cdiv class=\u0022product-tile-item-params__item\u0022\u003E\n                                            \u003C\/div\u003E\n                                                                                    \u003Cdiv class=\u0022product-tile-item-params__item\u0022\u003E\n                                            \u003C\/div\u003E\n                                                                                    \u003Cdiv class=\u0022product-tile-item-params__item\u0022\u003E\n                                                    5 let\n                            \n                                            \u003C\/div\u003E\n                                                                                    \u003Cdiv class=\u0022product-tile-item-params__item\u0022\u003E\n                                                    Kruh, \u010ctverec\n                            \n                                            \u003C\/div\u003E\n                                                                                                \u003C\/div\u003E\n    \u003Cdiv class=\u0022product-tile-item-price-availability\u0022\u003E\n        \u003Cdiv class=\u0022product-tile-item-price-wrapper\u0022\u003E\n            \n\n        \u003Cdiv class=\u0022price-current\u0022\u003E4 563 K\u010d\u003C\/div\u003E\n    \u003Cdiv class=\u0022price-info\u0022\u003E3 771 K\u010d bez DPH\u003C\/div\u003E        \u003C\/div\u003E\n        \u003Cdiv class=\u0022product-tile-item-availability-wrapper\u0022\u003E\n            \u003Cdiv class=\u0022availability\u0022 style=\u0022color: #fb8908;\u0022\u003E\u003Cspan class=\u0022availability-icon icon-glass-hour\u0022\u003E\u003C\/span\u003E do 28 dn\u016f\u003C\/div\u003E        \u003C\/div\u003E\n        \u003Cdiv\u003E\n            \n    \n    \n\n\n        \u003C\/div\u003E\n    \u003C\/div\u003E\n\u003C\/div\u003E\n\u003Cdiv class=\u0022product-tile-item-extended-info\u0022\u003E\n\n            \u003Cdiv class=\u0022product-tile-item-description\u0022\u003E\n            \u003Cp\u003EK\u00e1vov\u00fd stolek WOOD s masivn\u00ed bukovou podno\u017e\u00ed (30x35 mm), deska \u00d860 cm tl. 25 mm v b\u00edl\u00e9 nebo antracitu. Nosnost 80 kg, z\u00e1ruka 60 m\u011bs\u00edc\u016f, \u010desk\u00fd produkt.\u003C\/p\u003E\n        \u003C\/div\u003E\n                \u003Cdiv class=\u0022product-tile-item-services\u0022\u003E\n        \u003Ca href=\u0022\/product\/favourite\/add\/1643\u0022 class=\u0022service-item \u0022 data-product-favourite=\u00221643\u0022 data-method=\u0022POST\u0022\u003E\u003Cspan class=\u0022icon-heart\u0022\u003E\u003C\/span\u003E Obl\u00edben\u00e9\u003C\/a\u003E        \u003Cspan class=\u0022service-item\u0022\u003E\u003Cspan class=\u0022icon-chart\u0022\u003E\u003C\/span\u003E Stolek Wood White\u003C\/span\u003E\n    \u003C\/div\u003E\n    \n            \n    \u003Cdiv class=\u0022product-tile-item-action-wrapper\u0022\u003E\n        \u003Ca href=\u0022\/konferencni-stolek-wood-deska-bila-stolek-wood-white\u0022 class=\u0022btn-tile\u0022\n           data-text-desktop=\u0022Detail produktu\u0022\n           data-text-mobile=\u0022Detail\u0022\u003E\u003C\/a\u003E\n                    \u003Ca href=\u0022\/konferencni-stolek-wood-deska-bila-stolek-wood-white\u0022\n               class=\u0022btn-tile btn-icon-right\u0022\u003E\n                \u003Cspan class=\u0022icon-shopping-cart\u0022\u003E\u003C\/span\u003E\n                \u003Cspan class=\u0022btn-tile-text\u0022\u003EKoupit\u003C\/span\u003E\n            \u003C\/a\u003E\n            \u003C\/div\u003E\n    \u003C\/div\u003E        \u003C\/div\u003E\n                            \u003Cdiv class=\u0022product-tile-item-variants js-product-item-variants\u0022\u003E\n                                                \u003Ca href=\u0022\/konferencni-stolek-wood-deska-bila-stolek-wood-white\u0022\n                   class=\u0022tile-varinat-tab js-variant-item js-ajax active\u0022\n                   data-show-preloader=\u00220\u0022\n                   data-href=\u0022\/product-list-tile\/1645\/1643?renderParameterIds%5B0%5D=7\u0026amp;renderParameterIds%5B1%5D=117\u0026amp;renderParameterIds%5B2%5D=143\u0026amp;renderParameterIds%5B3%5D=145\u0026amp;renderParameterIds%5B4%5D=150\u0026amp;renderParameterIds%5B5%5D=214\u0022\n                   data-toggle=\u0022tooltip\u0022 title=\u0022Konferen\u010dn\u00ed stolek Wood - deska b\u00edl\u00e1\u0022\n                   data-placement=\u0022left\u0022\u003E\n\n                    \n                    \u003Cimg src=\u0022\u0022 data-src=\u0022https:\/\/www.kresla-zidle.cz\/temp\/product\/list\/wood-60-3.png\u0022 class=\u0022img-fluid js-lazy-img\u0022 alt=\u0022Konferen\u010dn\u00ed stolek Wood - deska b\u00edl\u00e1\u0022 loading=\u0022lazy\u0022\u003E\n                \u003C\/a\u003E\n                                                                            \u003Ca href=\u0022\/konferencni-stolek-wood-deska-antracit-stolek-wood-antracit\u0022\n                       class=\u0022tile-varinat-tab js-variant-item js-ajax\u0022\n                       data-show-preloader=\u00220\u0022\n                       data-href=\u0022\/product-list-tile\/3531\/1643?renderParameterIds%5B0%5D=7\u0026amp;renderParameterIds%5B1%5D=117\u0026amp;renderParameterIds%5B2%5D=143\u0026amp;renderParameterIds%5B3%5D=145\u0026amp;renderParameterIds%5B4%5D=150\u0026amp;renderParameterIds%5B5%5D=214\u0022\n                       data-toggle=\u0022tooltip\u0022 title=\u0022Konferen\u010dn\u00ed stolek Wood - deska antracit\u0022\n                       data-placement=\u0022left\u0022\u003E\n\n                        \n                        \u003Cimg src=\u0022\u0022 data-src=\u0022https:\/\/www.kresla-zidle.cz\/temp\/product\/list\/wood-60-4.png\u0022 alt=\u0022Konferen\u010dn\u00ed stolek Wood - deska antracit\u0022 class=\u0022img-fluid js-lazy-img\u0022 loading=\u0022lazy\u0022\u003E\n                    \u003C\/a\u003E\n                                                                            \u003Ca href=\u0022\/kavova-stolek-wood-65x65-cm-deska-bila-stolek-wood-white\u0022\n                       class=\u0022tile-varinat-tab js-variant-item js-ajax\u0022\n                       data-show-preloader=\u00220\u0022\n                       data-href=\u0022\/product-list-tile\/3532\/1643?renderParameterIds%5B0%5D=7\u0026amp;renderParameterIds%5B1%5D=117\u0026amp;renderParameterIds%5B2%5D=143\u0026amp;renderParameterIds%5B3%5D=145\u0026amp;renderParameterIds%5B4%5D=150\u0026amp;renderParameterIds%5B5%5D=214\u0022\n                       data-toggle=\u0022tooltip\u0022 title=\u0022K\u00e1vov\u00e1 stolek Wood 65 x 65 cm - deska b\u00edl\u00e1\u0022\n                       data-placement=\u0022left\u0022\u003E\n\n                        \n                        \u003Cimg src=\u0022\u0022 data-src=\u0022https:\/\/www.kresla-zidle.cz\/temp\/product\/list\/wood-90x90-2.png\u0022 alt=\u0022K\u00e1vov\u00e1 stolek Wood 65 x 65 cm - deska b\u00edl\u00e1\u0022 class=\u0022img-fluid js-lazy-img\u0022 loading=\u0022lazy\u0022\u003E\n                    \u003C\/a\u003E\n                                                                            \u003Ca href=\u0022\/konferencni-stolek-wood-stolek-wood-antracit\u0022\n                       class=\u0022tile-varinat-tab js-variant-item js-ajax\u0022\n                       data-show-preloader=\u00220\u0022\n                       data-href=\u0022\/product-list-tile\/3533\/1643?renderParameterIds%5B0%5D=7\u0026amp;renderParameterIds%5B1%5D=117\u0026amp;renderParameterIds%5B2%5D=143\u0026amp;renderParameterIds%5B3%5D=145\u0026amp;renderParameterIds%5B4%5D=150\u0026amp;renderParameterIds%5B5%5D=214\u0022\n                       data-toggle=\u0022tooltip\u0022 title=\u0022K\u00e1vov\u00e1 stolek Wood 65 x 65 cm - deska antracit\u0022\n                       data-placement=\u0022left\u0022\u003E\n\n                        \n                        \u003Cimg src=\u0022\u0022 data-src=\u0022https:\/\/www.kresla-zidle.cz\/temp\/product\/list\/wood-60-3.png\u0022 alt=\u0022K\u00e1vov\u00e1 stolek Wood 65 x 65 cm - deska antracit\u0022 class=\u0022img-fluid js-lazy-img\u0022 loading=\u0022lazy\u0022\u003E\n                    \u003C\/a\u003E\n                            \u003C\/div\u003E\n            \u003C\/div\u003E\n\u003C\/div\u003E            \u003Cdiv class=\u0022product-tile-item js-product-tile js-block-preloader\u0022 id=\u0022js-product-tile-1875\u0022\u003E\n    \u003Cdiv class=\u0022product-tile-item-foreground js-product-tile-foreground\u0022\u003E\n        \u003Cdiv class=\u0022product-tile-item-info-wrapper\u0022 id=\u0022js-product-tile-1875-info\u0022\u003E\n            \u003Cdiv class=\u0022product-tile-item-basic-info\u0022\u003E\n    \u003Cdiv class=\u0022product-tile-item-image-wrapper position-relative\u0022\u003E\n        \u003Cdiv class=\u0022product-tile-item-image\u0022\u003E\n                        \u003Ca href=\u0022\/konferencni-stolek-tf-t720-750\u0022\u003E\n                \u003Cpicture\u003E\n                    \u003Cimg\n                            src=\u0022\u0022\n                            data-src=\u0022https:\/\/www.kresla-zidle.cz\/temp\/product\/list\/stolek-hlinik.png\u0022\n                            alt=\u0022konferen\u010dn\u00ed stolek na st\u0159edov\u00e9 noze TF -T720\/750-N6\u0022\n                            class=\u0022img-fluid js-lazy-img\u0022\u003E\n                \u003C\/picture\u003E\n            \u003C\/a\u003E\n        \u003C\/div\u003E\n        \u003Cdiv class=\u0022product-tile-item-tags-wrapper\u0022\u003E\n    \u003Cdiv class=\u0022product-item-tags-left\u0022\u003E\n                                                    \u003C\/div\u003E\n    \u003Cdiv class=\u0022product-item-tags-right\u0022\u003E\n                                                                                \u003Cdiv class=\u0022product-tile-tags-manufacturer\u0022\u003E\n                \u003Ca href=\u0022\/ld-seating\u0022\u003E\n                    \u003Cimg src=\u0022https:\/\/www.kresla-zidle.cz\/images\/manufacturer-front-tag\/2.gif\u0022 alt=\u0022LD Seating\u0022 class=\u0022img-fluid\u0022 loading=\u0022lazy\u0022\u003E\n                \u003C\/a\u003E\n            \u003C\/div\u003E\n            \u003C\/div\u003E\n\u003C\/div\u003E    \u003C\/div\u003E\n\n                \n    \u003Cdiv class=\u0022product-tile-item-heading-info\u0022\u003E\n        \u003Cdiv class=\u0022product-tile-category\u0022\u003EJ\u00eddeln\u00ed stoly\u003C\/div\u003E        \u003Ch2 class=\u0022product-tile-heading\u0022\u003E\u003Ca href=\u0022\/konferencni-stolek-tf-t720-750\u0022\u003EKonferen\u010dn\u00ed stolek TF -T720\/750\u003C\/a\u003E\u003C\/h2\u003E\n    \u003C\/div\u003E\n    \u003Cdiv class=\u0022product-tile-item-params\u0022\u003E\n                                                                                        \u003Cdiv class=\u0022product-tile-item-params__item\u0022\u003E\n                                                    kov\n                            \n                                            \u003C\/div\u003E\n                                                                                    \u003Cdiv class=\u0022product-tile-item-params__item\u0022\u003E\n                                                    St\u0159edov\u00e1 noha\n                            \n                                            \u003C\/div\u003E\n                                                                                    \u003Cdiv class=\u0022product-tile-item-params__item\u0022\u003E\n                                                    5 let\n                            \n                                            \u003C\/div\u003E\n                                                                                    \u003Cdiv class=\u0022product-tile-item-params__item\u0022\u003E\n                                                    Kruh\n                            \n                                            \u003C\/div\u003E\n                                                                                                \u003C\/div\u003E\n    \u003Cdiv class=\u0022product-tile-item-price-availability\u0022\u003E\n        \u003Cdiv class=\u0022product-tile-item-price-wrapper\u0022\u003E\n            \n\n        \u003Cdiv class=\u0022price-current\u0022\u003E15 755 K\u010d\u003C\/div\u003E\n    \u003Cdiv class=\u0022price-info\u0022\u003E13 020 K\u010d bez DPH\u003C\/div\u003E        \u003C\/div\u003E\n        \u003Cdiv class=\u0022product-tile-item-availability-wrapper\u0022\u003E\n            \u003Cdiv class=\u0022availability\u0022 style=\u0022color: #fb8908;\u0022\u003E\u003Cspan class=\u0022availability-icon icon-glass-hour\u0022\u003E\u003C\/span\u003E do 21 dn\u016f\u003C\/div\u003E        \u003C\/div\u003E\n        \u003Cdiv\u003E\n            \n    \n    \n\n\n        \u003C\/div\u003E\n    \u003C\/div\u003E\n\u003C\/div\u003E\n\u003Cdiv class=\u0022product-tile-item-extended-info\u0022\u003E\n\n            \u003Cdiv class=\u0022product-tile-item-description\u0022\u003E\n            \u003Cp\u003EKulat\u00fd konferen\u010dn\u00ed stolek.\u003C\/p\u003E\n        \u003C\/div\u003E\n                \u003Cdiv class=\u0022product-tile-item-services\u0022\u003E\n        \u003Ca href=\u0022\/product\/favourite\/add\/1875\u0022 class=\u0022service-item \u0022 data-product-favourite=\u00221875\u0022 data-method=\u0022POST\u0022\u003E\u003Cspan class=\u0022icon-heart\u0022\u003E\u003C\/span\u003E Obl\u00edben\u00e9\u003C\/a\u003E        \u003Cspan class=\u0022service-item\u0022\u003E\u003Cspan class=\u0022icon-chart\u0022\u003E\u003C\/span\u003E TF -T720\/750\u003C\/span\u003E\n    \u003C\/div\u003E\n    \n            \n    \u003Cdiv class=\u0022product-tile-item-action-wrapper\u0022\u003E\n        \u003Ca href=\u0022\/konferencni-stolek-tf-t720-750\u0022 class=\u0022btn-tile\u0022\n           data-text-desktop=\u0022Detail produktu\u0022\n           data-text-mobile=\u0022Detail\u0022\u003E\u003C\/a\u003E\n                    \u003Ca href=\u0022\/konferencni-stolek-tf-t720-750\u0022\n               class=\u0022btn-tile btn-icon-right\u0022\u003E\n                \u003Cspan class=\u0022icon-shopping-cart\u0022\u003E\u003C\/span\u003E\n                \u003Cspan class=\u0022btn-tile-text\u0022\u003EKoupit\u003C\/span\u003E\n            \u003C\/a\u003E\n            \u003C\/div\u003E\n    \u003C\/div\u003E        \u003C\/div\u003E\n                    \u003C\/div\u003E\n\u003C\/div\u003E            \u003Cdiv class=\u0022product-tile-item js-product-tile js-block-preloader\u0022 id=\u0022js-product-tile-1961\u0022\u003E\n    \u003Cdiv class=\u0022product-tile-item-foreground js-product-tile-foreground\u0022\u003E\n        \u003Cdiv class=\u0022product-tile-item-info-wrapper\u0022 id=\u0022js-product-tile-1961-info\u0022\u003E\n            \u003Cdiv class=\u0022product-tile-item-basic-info\u0022\u003E\n    \u003Cdiv class=\u0022product-tile-item-image-wrapper position-relative\u0022\u003E\n        \u003Cdiv class=\u0022product-tile-item-image\u0022\u003E\n                        \u003Ca href=\u0022\/konferencni-stolek-tf-tf-t460-750-tft460-750\u0022\u003E\n                \u003Cpicture\u003E\n                    \u003Cimg\n                            src=\u0022\u0022\n                            data-src=\u0022https:\/\/www.kresla-zidle.cz\/temp\/product\/list\/stolek-lesteny.png\u0022\n                            alt=\u0022konferen\u010dn\u00ed stolek TF-T460\/750-N6\u0022\n                            class=\u0022img-fluid js-lazy-img\u0022\u003E\n                \u003C\/picture\u003E\n            \u003C\/a\u003E\n        \u003C\/div\u003E\n        \u003Cdiv class=\u0022product-tile-item-tags-wrapper\u0022\u003E\n    \u003Cdiv class=\u0022product-item-tags-left\u0022\u003E\n                                                    \u003C\/div\u003E\n    \u003Cdiv class=\u0022product-item-tags-right\u0022\u003E\n                                                                                \u003Cdiv class=\u0022product-tile-tags-manufacturer\u0022\u003E\n                \u003Ca href=\u0022\/ld-seating\u0022\u003E\n                    \u003Cimg src=\u0022https:\/\/www.kresla-zidle.cz\/images\/manufacturer-front-tag\/2.gif\u0022 alt=\u0022LD Seating\u0022 class=\u0022img-fluid\u0022 loading=\u0022lazy\u0022\u003E\n                \u003C\/a\u003E\n            \u003C\/div\u003E\n            \u003C\/div\u003E\n\u003C\/div\u003E    \u003C\/div\u003E\n\n                \n    \u003Cdiv class=\u0022product-tile-item-heading-info\u0022\u003E\n        \u003Cdiv class=\u0022product-tile-category\u0022\u003EKonferen\u010dn\u00ed stolky\u003C\/div\u003E        \u003Ch2 class=\u0022product-tile-heading\u0022\u003E\u003Ca href=\u0022\/konferencni-stolek-tf-tf-t460-750-tft460-750\u0022\u003EKonferen\u010dn\u00ed stolek TF TF-T460\/750\u003C\/a\u003E\u003C\/h2\u003E\n    \u003C\/div\u003E\n    \u003Cdiv class=\u0022product-tile-item-params\u0022\u003E\n                                                                                        \u003Cdiv class=\u0022product-tile-item-params__item\u0022\u003E\n                                                    kov\n                            \n                                            \u003C\/div\u003E\n                                                                                    \u003Cdiv class=\u0022product-tile-item-params__item\u0022\u003E\n                                            \u003C\/div\u003E\n                                                                                    \u003Cdiv class=\u0022product-tile-item-params__item\u0022\u003E\n                                                    5 let\n                            \n                                            \u003C\/div\u003E\n                                                                                    \u003Cdiv class=\u0022product-tile-item-params__item\u0022\u003E\n                                                    Kruh\n                            \n                                            \u003C\/div\u003E\n                                                                                                \u003C\/div\u003E\n    \u003Cdiv class=\u0022product-tile-item-price-availability\u0022\u003E\n        \u003Cdiv class=\u0022product-tile-item-price-wrapper\u0022\u003E\n            \n\n        \u003Cdiv class=\u0022price-current\u0022\u003E15 755 K\u010d\u003C\/div\u003E\n    \u003Cdiv class=\u0022price-info\u0022\u003E13 020 K\u010d bez DPH\u003C\/div\u003E        \u003C\/div\u003E\n        \u003Cdiv class=\u0022product-tile-item-availability-wrapper\u0022\u003E\n            \u003Cdiv class=\u0022availability\u0022 style=\u0022color: #fb8908;\u0022\u003E\u003Cspan class=\u0022availability-icon icon-glass-hour\u0022\u003E\u003C\/span\u003E do 21 dn\u016f\u003C\/div\u003E        \u003C\/div\u003E\n        \u003Cdiv\u003E\n            \n    \n    \n\n\n        \u003C\/div\u003E\n    \u003C\/div\u003E\n\u003C\/div\u003E\n\u003Cdiv class=\u0022product-tile-item-extended-info\u0022\u003E\n\n            \u003Cdiv class=\u0022product-tile-item-description\u0022\u003E\n            \u003Cp\u003EKulat\u00fd konferen\u010dn\u00ed stolek deska b\u00edl\u00e1 HPL.\u003C\/p\u003E\n        \u003C\/div\u003E\n                \u003Cdiv class=\u0022product-tile-item-services\u0022\u003E\n        \u003Ca href=\u0022\/product\/favourite\/add\/1961\u0022 class=\u0022service-item \u0022 data-product-favourite=\u00221961\u0022 data-method=\u0022POST\u0022\u003E\u003Cspan class=\u0022icon-heart\u0022\u003E\u003C\/span\u003E Obl\u00edben\u00e9\u003C\/a\u003E        \u003Cspan class=\u0022service-item\u0022\u003E\u003Cspan class=\u0022icon-chart\u0022\u003E\u003C\/span\u003E TF-T460\/750\u003C\/span\u003E\n    \u003C\/div\u003E\n    \n            \n    \u003Cdiv class=\u0022product-tile-item-action-wrapper\u0022\u003E\n        \u003Ca href=\u0022\/konferencni-stolek-tf-tf-t460-750-tft460-750\u0022 class=\u0022btn-tile\u0022\n           data-text-desktop=\u0022Detail produktu\u0022\n           data-text-mobile=\u0022Detail\u0022\u003E\u003C\/a\u003E\n                    \u003Ca href=\u0022\/konferencni-stolek-tf-tf-t460-750-tft460-750\u0022\n               class=\u0022btn-tile btn-icon-right\u0022\u003E\n                \u003Cspan class=\u0022icon-shopping-cart\u0022\u003E\u003C\/span\u003E\n                \u003Cspan class=\u0022btn-tile-text\u0022\u003EKoupit\u003C\/span\u003E\n            \u003C\/a\u003E\n            \u003C\/div\u003E\n    \u003C\/div\u003E        \u003C\/div\u003E\n                    \u003C\/div\u003E\n\u003C\/div\u003E            \u003Cdiv class=\u0022product-tile-item js-product-tile js-block-preloader\u0022 id=\u0022js-product-tile-1962\u0022\u003E\n    \u003Cdiv class=\u0022product-tile-item-foreground js-product-tile-foreground\u0022\u003E\n        \u003Cdiv class=\u0022product-tile-item-info-wrapper\u0022 id=\u0022js-product-tile-1962-info\u0022\u003E\n            \u003Cdiv class=\u0022product-tile-item-basic-info\u0022\u003E\n    \u003Cdiv class=\u0022product-tile-item-image-wrapper position-relative\u0022\u003E\n        \u003Cdiv class=\u0022product-tile-item-image\u0022\u003E\n                        \u003Ca href=\u0022\/konferencni-stolek-tf-tf-t460-900-tft460-900\u0022\u003E\n                \u003Cpicture\u003E\n                    \u003Cimg\n                            src=\u0022\u0022\n                            data-src=\u0022https:\/\/www.kresla-zidle.cz\/temp\/product\/list\/stolek-lesteny.png\u0022\n                            alt=\u0022konferen\u010dn\u00ed stolek TF-T460\/750-N6\u0022\n                            class=\u0022img-fluid js-lazy-img\u0022\u003E\n                \u003C\/picture\u003E\n            \u003C\/a\u003E\n        \u003C\/div\u003E\n        \u003Cdiv class=\u0022product-tile-item-tags-wrapper\u0022\u003E\n    \u003Cdiv class=\u0022product-item-tags-left\u0022\u003E\n                                                    \u003C\/div\u003E\n    \u003Cdiv class=\u0022product-item-tags-right\u0022\u003E\n                                                                                \u003Cdiv class=\u0022product-tile-tags-manufacturer\u0022\u003E\n                \u003Ca href=\u0022\/ld-seating\u0022\u003E\n                    \u003Cimg src=\u0022https:\/\/www.kresla-zidle.cz\/images\/manufacturer-front-tag\/2.gif\u0022 alt=\u0022LD Seating\u0022 class=\u0022img-fluid\u0022 loading=\u0022lazy\u0022\u003E\n                \u003C\/a\u003E\n            \u003C\/div\u003E\n            \u003C\/div\u003E\n\u003C\/div\u003E    \u003C\/div\u003E\n\n                \n    \u003Cdiv class=\u0022product-tile-item-heading-info\u0022\u003E\n        \u003Cdiv class=\u0022product-tile-category\u0022\u003EKonferen\u010dn\u00ed stolky\u003C\/div\u003E        \u003Ch2 class=\u0022product-tile-heading\u0022\u003E\u003Ca href=\u0022\/konferencni-stolek-tf-tf-t460-900-tft460-900\u0022\u003EKonferen\u010dn\u00ed stolek TF TF-T460\/900\u003C\/a\u003E\u003C\/h2\u003E\n    \u003C\/div\u003E\n    \u003Cdiv class=\u0022product-tile-item-params\u0022\u003E\n                                                                                        \u003Cdiv class=\u0022product-tile-item-params__item\u0022\u003E\n                                            \u003C\/div\u003E\n                                                                                    \u003Cdiv class=\u0022product-tile-item-params__item\u0022\u003E\n                                                    St\u0159edov\u00e1 noha\n                            \n                                            \u003C\/div\u003E\n                                                                                    \u003Cdiv class=\u0022product-tile-item-params__item\u0022\u003E\n                                                    5 let\n                            \n                                            \u003C\/div\u003E\n                                                                                    \u003Cdiv class=\u0022product-tile-item-params__item\u0022\u003E\n                                                    Kruh\n                            \n                                            \u003C\/div\u003E\n                                                                                                \u003C\/div\u003E\n    \u003Cdiv class=\u0022product-tile-item-price-availability\u0022\u003E\n        \u003Cdiv class=\u0022product-tile-item-price-wrapper\u0022\u003E\n            \n\n        \u003Cdiv class=\u0022price-current\u0022\u003E16 517 K\u010d\u003C\/div\u003E\n    \u003Cdiv class=\u0022price-info\u0022\u003E13 650 K\u010d bez DPH\u003C\/div\u003E        \u003C\/div\u003E\n        \u003Cdiv class=\u0022product-tile-item-availability-wrapper\u0022\u003E\n            \u003Cdiv class=\u0022availability\u0022 style=\u0022color: #fb8908;\u0022\u003E\u003Cspan class=\u0022availability-icon icon-glass-hour\u0022\u003E\u003C\/span\u003E do 21 dn\u016f\u003C\/div\u003E        \u003C\/div\u003E\n        \u003Cdiv\u003E\n            \n    \n    \n\n\n        \u003C\/div\u003E\n    \u003C\/div\u003E\n\u003C\/div\u003E\n\u003Cdiv class=\u0022product-tile-item-extended-info\u0022\u003E\n\n            \u003Cdiv class=\u0022product-tile-item-description\u0022\u003E\n            \u003Cp\u003EKulat\u00fd konferen\u010dn\u00ed stolek s deskou HPL b\u00edl\u00e1.\u003C\/p\u003E\n        \u003C\/div\u003E\n                \u003Cdiv class=\u0022product-tile-item-services\u0022\u003E\n        \u003Ca href=\u0022\/product\/favourite\/add\/1962\u0022 class=\u0022service-item \u0022 data-product-favourite=\u00221962\u0022 data-method=\u0022POST\u0022\u003E\u003Cspan class=\u0022icon-heart\u0022\u003E\u003C\/span\u003E Obl\u00edben\u00e9\u003C\/a\u003E        \u003Cspan class=\u0022service-item\u0022\u003E\u003Cspan class=\u0022icon-chart\u0022\u003E\u003C\/span\u003E TF-T460\/900\u003C\/span\u003E\n    \u003C\/div\u003E\n    \n            \n    \u003Cdiv class=\u0022product-tile-item-action-wrapper\u0022\u003E\n        \u003Ca href=\u0022\/konferencni-stolek-tf-tf-t460-900-tft460-900\u0022 class=\u0022btn-tile\u0022\n           data-text-desktop=\u0022Detail produktu\u0022\n           data-text-mobile=\u0022Detail\u0022\u003E\u003C\/a\u003E\n                    \u003Ca href=\u0022\/konferencni-stolek-tf-tf-t460-900-tft460-900\u0022\n               class=\u0022btn-tile btn-icon-right\u0022\u003E\n                \u003Cspan class=\u0022icon-shopping-cart\u0022\u003E\u003C\/span\u003E\n                \u003Cspan class=\u0022btn-tile-text\u0022\u003EKoupit\u003C\/span\u003E\n            \u003C\/a\u003E\n            \u003C\/div\u003E\n    \u003C\/div\u003E        \u003C\/div\u003E\n                    \u003C\/div\u003E\n\u003C\/div\u003E            \u003Cdiv class=\u0022product-tile-item js-product-tile js-block-preloader\u0022 id=\u0022js-product-tile-1999\u0022\u003E\n    \u003Cdiv class=\u0022product-tile-item-foreground js-product-tile-foreground with-variants\u0022\u003E\n        \u003Cdiv class=\u0022product-tile-item-info-wrapper\u0022 id=\u0022js-product-tile-1999-info\u0022\u003E\n            \u003Cdiv class=\u0022product-tile-item-basic-info\u0022\u003E\n    \u003Cdiv class=\u0022product-tile-item-image-wrapper position-relative\u0022\u003E\n        \u003Cdiv class=\u0022product-tile-item-image\u0022\u003E\n                        \u003Ca href=\u0022\/konferencni-a-barovy-stolek-spot-sp-600-spot-spt500-600\u0022\u003E\n                \u003Cpicture\u003E\n                    \u003Cimg\n                            src=\u0022\u0022\n                            data-src=\u0022https:\/\/www.kresla-zidle.cz\/temp\/product\/list\/img-p-3-2-1-1-3-32113.png\u0022\n                            alt=\u0022Konferen\u010dn\u00ed stolek SPOT SP-T500\/600\u0022\n                            class=\u0022img-fluid js-lazy-img\u0022\u003E\n                \u003C\/picture\u003E\n            \u003C\/a\u003E\n        \u003C\/div\u003E\n        \u003Cdiv class=\u0022product-tile-item-tags-wrapper\u0022\u003E\n    \u003Cdiv class=\u0022product-item-tags-left\u0022\u003E\n                                                    \u003C\/div\u003E\n    \u003Cdiv class=\u0022product-item-tags-right\u0022\u003E\n                                                                                \u003Cdiv class=\u0022product-tile-tags-manufacturer\u0022\u003E\n                \u003Ca href=\u0022\/ld-seating\u0022\u003E\n                    \u003Cimg src=\u0022https:\/\/www.kresla-zidle.cz\/images\/manufacturer-front-tag\/2.gif\u0022 alt=\u0022LD Seating\u0022 class=\u0022img-fluid\u0022 loading=\u0022lazy\u0022\u003E\n                \u003C\/a\u003E\n            \u003C\/div\u003E\n            \u003C\/div\u003E\n\u003C\/div\u003E    \u003C\/div\u003E\n\n                \n    \u003Cdiv class=\u0022product-tile-item-heading-info\u0022\u003E\n        \u003Cdiv class=\u0022product-tile-category\u0022\u003EJ\u00eddelna a restaurace\u003C\/div\u003E        \u003Ch2 class=\u0022product-tile-heading\u0022\u003E\u003Ca href=\u0022\/konferencni-a-barovy-stolek-spot-sp-600-spot-spt500-600\u0022\u003EKonferen\u010dn\u00ed a barov\u00fd stolek SPOT SP-600\u003C\/a\u003E\u003C\/h2\u003E\n    \u003C\/div\u003E\n    \u003Cdiv class=\u0022product-tile-item-params\u0022\u003E\n                                                                                        \u003Cdiv class=\u0022product-tile-item-params__item\u0022\u003E\n                                                    kov\n                            \n                                            \u003C\/div\u003E\n                                                                                    \u003Cdiv class=\u0022product-tile-item-params__item\u0022\u003E\n                                            \u003C\/div\u003E\n                                                                                    \u003Cdiv class=\u0022product-tile-item-params__item\u0022\u003E\n                                                    5 let\n                            \n                                            \u003C\/div\u003E\n                                                                                    \u003Cdiv class=\u0022product-tile-item-params__item\u0022\u003E\n                                                    Kruh\n                            \n                                            \u003C\/div\u003E\n                                                                                                \u003C\/div\u003E\n    \u003Cdiv class=\u0022product-tile-item-price-availability\u0022\u003E\n        \u003Cdiv class=\u0022product-tile-item-price-wrapper\u0022\u003E\n            \n\n        \u003Cdiv class=\u0022price-current\u0022\u003E7 381 K\u010d\u003C\/div\u003E\n    \u003Cdiv class=\u0022price-info\u0022\u003E6 100 K\u010d bez DPH\u003C\/div\u003E        \u003C\/div\u003E\n        \u003Cdiv class=\u0022product-tile-item-availability-wrapper\u0022\u003E\n            \u003Cdiv class=\u0022availability\u0022 style=\u0022color: #fb8908;\u0022\u003E\u003Cspan class=\u0022availability-icon icon-glass-hour\u0022\u003E\u003C\/span\u003E do 21 dn\u016f\u003C\/div\u003E        \u003C\/div\u003E\n        \u003Cdiv\u003E\n            \n    \n    \n\n\n        \u003C\/div\u003E\n    \u003C\/div\u003E\n\u003C\/div\u003E\n\u003Cdiv class=\u0022product-tile-item-extended-info\u0022\u003E\n\n            \u003Cdiv class=\u0022product-tile-item-description\u0022\u003E\n            \u003Cp\u003EKonferen\u010dn\u00ed stolek\u00a0SPOT. Barov\u00fd stolek SPOT.\u003C\/p\u003E\n        \u003C\/div\u003E\n                \u003Cdiv class=\u0022product-tile-item-services\u0022\u003E\n        \u003Ca href=\u0022\/product\/favourite\/add\/1999\u0022 class=\u0022service-item \u0022 data-product-favourite=\u00221999\u0022 data-method=\u0022POST\u0022\u003E\u003Cspan class=\u0022icon-heart\u0022\u003E\u003C\/span\u003E Obl\u00edben\u00e9\u003C\/a\u003E        \u003Cspan class=\u0022service-item\u0022\u003E\u003Cspan class=\u0022icon-chart\u0022\u003E\u003C\/span\u003E SPOT SP-T500\/600\u003C\/span\u003E\n    \u003C\/div\u003E\n    \n            \n    \u003Cdiv class=\u0022product-tile-item-action-wrapper\u0022\u003E\n        \u003Ca href=\u0022\/konferencni-a-barovy-stolek-spot-sp-600-spot-spt500-600\u0022 class=\u0022btn-tile\u0022\n           data-text-desktop=\u0022Detail produktu\u0022\n           data-text-mobile=\u0022Detail\u0022\u003E\u003C\/a\u003E\n                    \u003Ca href=\u0022\/konferencni-a-barovy-stolek-spot-sp-600-spot-spt500-600\u0022\n               class=\u0022btn-tile btn-icon-right\u0022\u003E\n                \u003Cspan class=\u0022icon-shopping-cart\u0022\u003E\u003C\/span\u003E\n                \u003Cspan class=\u0022btn-tile-text\u0022\u003EKoupit\u003C\/span\u003E\n            \u003C\/a\u003E\n            \u003C\/div\u003E\n    \u003C\/div\u003E        \u003C\/div\u003E\n                            \u003Cdiv class=\u0022product-tile-item-variants js-product-item-variants\u0022\u003E\n                                                \u003Ca href=\u0022\/konferencni-a-barovy-stolek-spot-sp-600-spot-spt500-600\u0022\n                   class=\u0022tile-varinat-tab js-variant-item js-ajax active\u0022\n                   data-show-preloader=\u00220\u0022\n                   data-href=\u0022\/product-list-tile\/2002\/1999?renderParameterIds%5B0%5D=7\u0026amp;renderParameterIds%5B1%5D=117\u0026amp;renderParameterIds%5B2%5D=143\u0026amp;renderParameterIds%5B3%5D=145\u0026amp;renderParameterIds%5B4%5D=150\u0026amp;renderParameterIds%5B5%5D=214\u0022\n                   data-toggle=\u0022tooltip\u0022 title=\u0022Konferen\u010dn\u00ed a barov\u00fd stolek SPOT SP-600\u0022\n                   data-placement=\u0022left\u0022\u003E\n\n                    \n                    \u003Cimg src=\u0022\u0022 data-src=\u0022https:\/\/www.kresla-zidle.cz\/temp\/product\/list\/img-p-3-2-1-1-3-32113.png\u0022 class=\u0022img-fluid js-lazy-img\u0022 alt=\u0022Konferen\u010dn\u00ed a barov\u00fd stolek SPOT SP-600\u0022 loading=\u0022lazy\u0022\u003E\n                \u003C\/a\u003E\n                                                                            \u003Ca href=\u0022\/barovy-stolek-spot-sp-t1080-600-spot-spt1080-600\u0022\n                       class=\u0022tile-varinat-tab js-variant-item js-ajax\u0022\n                       data-show-preloader=\u00220\u0022\n                       data-href=\u0022\/product-list-tile\/2674\/1999?renderParameterIds%5B0%5D=7\u0026amp;renderParameterIds%5B1%5D=117\u0026amp;renderParameterIds%5B2%5D=143\u0026amp;renderParameterIds%5B3%5D=145\u0026amp;renderParameterIds%5B4%5D=150\u0026amp;renderParameterIds%5B5%5D=214\u0022\n                       data-toggle=\u0022tooltip\u0022 title=\u0022Barov\u00fd stolek SPOT SP-T1080\/600\u0022\n                       data-placement=\u0022left\u0022\u003E\n\n                        \n                        \u003Cimg src=\u0022\u0022 data-src=\u0022https:\/\/www.kresla-zidle.cz\/temp\/product\/list\/img-p-3-5-5-8-3-35583.png\u0022 alt=\u0022Barov\u00fd stolek SPOT SP-T1080\/600\u0022 class=\u0022img-fluid js-lazy-img\u0022 loading=\u0022lazy\u0022\u003E\n                    \u003C\/a\u003E\n                            \u003C\/div\u003E\n            \u003C\/div\u003E\n\u003C\/div\u003E            \u003Cdiv class=\u0022product-tile-item js-product-tile js-block-preloader\u0022 id=\u0022js-product-tile-2024\u0022\u003E\n    \u003Cdiv class=\u0022product-tile-item-foreground js-product-tile-foreground\u0022\u003E\n        \u003Cdiv class=\u0022product-tile-item-info-wrapper\u0022 id=\u0022js-product-tile-2024-info\u0022\u003E\n            \u003Cdiv class=\u0022product-tile-item-basic-info\u0022\u003E\n    \u003Cdiv class=\u0022product-tile-item-image-wrapper position-relative\u0022\u003E\n        \u003Cdiv class=\u0022product-tile-item-image\u0022\u003E\n                        \u003Ca href=\u0022\/konferencni-stolek-trivi-tr-t730-1100-trt730-1110n\u0022\u003E\n                \u003Cpicture\u003E\n                    \u003Cimg\n                            src=\u0022\u0022\n                            data-src=\u0022https:\/\/www.kresla-zidle.cz\/temp\/product\/list\/img-p-3-4-4-9-8-34498.png\u0022\n                            alt=\u0022konferen\u010dn\u00ed stolek TRIVI TR-T730\/1100\u0022\n                            class=\u0022img-fluid js-lazy-img\u0022\u003E\n                \u003C\/picture\u003E\n            \u003C\/a\u003E\n        \u003C\/div\u003E\n        \u003Cdiv class=\u0022product-tile-item-tags-wrapper\u0022\u003E\n    \u003Cdiv class=\u0022product-item-tags-left\u0022\u003E\n                                                    \u003C\/div\u003E\n    \u003Cdiv class=\u0022product-item-tags-right\u0022\u003E\n                                                                                \u003Cdiv class=\u0022product-tile-tags-manufacturer\u0022\u003E\n                \u003Ca href=\u0022\/ld-seating\u0022\u003E\n                    \u003Cimg src=\u0022https:\/\/www.kresla-zidle.cz\/images\/manufacturer-front-tag\/2.gif\u0022 alt=\u0022LD Seating\u0022 class=\u0022img-fluid\u0022 loading=\u0022lazy\u0022\u003E\n                \u003C\/a\u003E\n            \u003C\/div\u003E\n            \u003C\/div\u003E\n\u003C\/div\u003E    \u003C\/div\u003E\n\n                \n    \u003Cdiv class=\u0022product-tile-item-heading-info\u0022\u003E\n        \u003Cdiv class=\u0022product-tile-category\u0022\u003EJ\u00eddelna a restaurace\u003C\/div\u003E        \u003Ch2 class=\u0022product-tile-heading\u0022\u003E\u003Ca href=\u0022\/konferencni-stolek-trivi-tr-t730-1100-trt730-1110n\u0022\u003Ekonferen\u010dn\u00ed stolek TRIVI TR-T730\/1100\u003C\/a\u003E\u003C\/h2\u003E\n    \u003C\/div\u003E\n    \u003Cdiv class=\u0022product-tile-item-params\u0022\u003E\n                                                                                        \u003Cdiv class=\u0022product-tile-item-params__item\u0022\u003E\n                                            \u003C\/div\u003E\n                                                                                    \u003Cdiv class=\u0022product-tile-item-params__item\u0022\u003E\n                                            \u003C\/div\u003E\n                                                                                    \u003Cdiv class=\u0022product-tile-item-params__item\u0022\u003E\n                                                    3 roky\n                            \n                                            \u003C\/div\u003E\n                                                                                    \u003Cdiv class=\u0022product-tile-item-params__item\u0022\u003E\n                                                    Kruh\n                            \n                                            \u003C\/div\u003E\n                                                                                                \u003C\/div\u003E\n    \u003Cdiv class=\u0022product-tile-item-price-availability\u0022\u003E\n        \u003Cdiv class=\u0022product-tile-item-price-wrapper\u0022\u003E\n            \n\n        \u003Cdiv class=\u0022price-current\u0022\u003E18 175 K\u010d\u003C\/div\u003E\n    \u003Cdiv class=\u0022price-info\u0022\u003E15 020 K\u010d bez DPH\u003C\/div\u003E        \u003C\/div\u003E\n        \u003Cdiv class=\u0022product-tile-item-availability-wrapper\u0022\u003E\n            \u003Cdiv class=\u0022availability\u0022 style=\u0022color: #fb8908;\u0022\u003E\u003Cspan class=\u0022availability-icon icon-glass-hour\u0022\u003E\u003C\/span\u003E do 21 dn\u016f\u003C\/div\u003E        \u003C\/div\u003E\n        \u003Cdiv\u003E\n            \n    \n    \n\n\n        \u003C\/div\u003E\n    \u003C\/div\u003E\n\u003C\/div\u003E\n\u003Cdiv class=\u0022product-tile-item-extended-info\u0022\u003E\n\n            \u003Cdiv class=\u0022product-tile-item-description\u0022\u003E\n            \u003Cp\u003EKonferen\u010dn\u00ed kulat\u00fd stolek s kovovou podno\u017e\u00ed.\u003C\/p\u003E\n        \u003C\/div\u003E\n                \u003Cdiv class=\u0022product-tile-item-services\u0022\u003E\n        \u003Ca href=\u0022\/product\/favourite\/add\/2024\u0022 class=\u0022service-item \u0022 data-product-favourite=\u00222024\u0022 data-method=\u0022POST\u0022\u003E\u003Cspan class=\u0022icon-heart\u0022\u003E\u003C\/span\u003E Obl\u00edben\u00e9\u003C\/a\u003E        \u003Cspan class=\u0022service-item\u0022\u003E\u003Cspan class=\u0022icon-chart\u0022\u003E\u003C\/span\u003E TR-T730\/1110-N\u003C\/span\u003E\n    \u003C\/div\u003E\n    \n            \n    \u003Cdiv class=\u0022product-tile-item-action-wrapper\u0022\u003E\n        \u003Ca href=\u0022\/konferencni-stolek-trivi-tr-t730-1100-trt730-1110n\u0022 class=\u0022btn-tile\u0022\n           data-text-desktop=\u0022Detail produktu\u0022\n           data-text-mobile=\u0022Detail\u0022\u003E\u003C\/a\u003E\n                    \u003Ca href=\u0022\/konferencni-stolek-trivi-tr-t730-1100-trt730-1110n\u0022\n               class=\u0022btn-tile btn-icon-right\u0022\u003E\n                \u003Cspan class=\u0022icon-shopping-cart\u0022\u003E\u003C\/span\u003E\n                \u003Cspan class=\u0022btn-tile-text\u0022\u003EKoupit\u003C\/span\u003E\n            \u003C\/a\u003E\n            \u003C\/div\u003E\n    \u003C\/div\u003E        \u003C\/div\u003E\n                    \u003C\/div\u003E\n\u003C\/div\u003E            \u003Cdiv class=\u0022product-tile-item js-product-tile js-block-preloader\u0022 id=\u0022js-product-tile-2043\u0022\u003E\n    \u003Cdiv class=\u0022product-tile-item-foreground js-product-tile-foreground\u0022\u003E\n        \u003Cdiv class=\u0022product-tile-item-info-wrapper\u0022 id=\u0022js-product-tile-2043-info\u0022\u003E\n            \u003Cdiv class=\u0022product-tile-item-basic-info\u0022\u003E\n    \u003Cdiv class=\u0022product-tile-item-image-wrapper position-relative\u0022\u003E\n        \u003Cdiv class=\u0022product-tile-item-image\u0022\u003E\n                        \u003Ca href=\u0022\/konferencni-stolek-spot-sp-t720-900-spot-spt720-900\u0022\u003E\n                \u003Cpicture\u003E\n                    \u003Cimg\n                            src=\u0022\u0022\n                            data-src=\u0022https:\/\/www.kresla-zidle.cz\/temp\/product\/list\/img-p-3-5-5-7-9-35579.png\u0022\n                            alt=\u0022Konferen\u010dn\u00ed stolek SPOT SP-T720\/900\u0022\n                            class=\u0022img-fluid js-lazy-img\u0022\u003E\n                \u003C\/picture\u003E\n            \u003C\/a\u003E\n        \u003C\/div\u003E\n        \u003Cdiv class=\u0022product-tile-item-tags-wrapper\u0022\u003E\n    \u003Cdiv class=\u0022product-item-tags-left\u0022\u003E\n                                                    \u003C\/div\u003E\n    \u003Cdiv class=\u0022product-item-tags-right\u0022\u003E\n                                                                                \u003Cdiv class=\u0022product-tile-tags-manufacturer\u0022\u003E\n                \u003Ca href=\u0022\/ld-seating\u0022\u003E\n                    \u003Cimg src=\u0022https:\/\/www.kresla-zidle.cz\/images\/manufacturer-front-tag\/2.gif\u0022 alt=\u0022LD Seating\u0022 class=\u0022img-fluid\u0022 loading=\u0022lazy\u0022\u003E\n                \u003C\/a\u003E\n            \u003C\/div\u003E\n            \u003C\/div\u003E\n\u003C\/div\u003E    \u003C\/div\u003E\n\n                \n    \u003Cdiv class=\u0022product-tile-item-heading-info\u0022\u003E\n        \u003Cdiv class=\u0022product-tile-category\u0022\u003EJ\u00eddelna a restaurace\u003C\/div\u003E        \u003Ch2 class=\u0022product-tile-heading\u0022\u003E\u003Ca href=\u0022\/konferencni-stolek-spot-sp-t720-900-spot-spt720-900\u0022\u003EKonferen\u010dn\u00ed stolek SPOT SP-T720\/900\u003C\/a\u003E\u003C\/h2\u003E\n    \u003C\/div\u003E\n    \u003Cdiv class=\u0022product-tile-item-params\u0022\u003E\n                                                                                        \u003Cdiv class=\u0022product-tile-item-params__item\u0022\u003E\n                                            \u003C\/div\u003E\n                                                                                    \u003Cdiv class=\u0022product-tile-item-params__item\u0022\u003E\n                                            \u003C\/div\u003E\n                                                                                    \u003Cdiv class=\u0022product-tile-item-params__item\u0022\u003E\n                                                    5 let\n                            \n                                            \u003C\/div\u003E\n                                                                                    \u003Cdiv class=\u0022product-tile-item-params__item\u0022\u003E\n                                                    Kruh\n                            \n                                            \u003C\/div\u003E\n                                                                                                \u003C\/div\u003E\n    \u003Cdiv class=\u0022product-tile-item-price-availability\u0022\u003E\n        \u003Cdiv class=\u0022product-tile-item-price-wrapper\u0022\u003E\n            \n\n        \u003Cdiv class=\u0022price-current\u0022\u003E10 128 K\u010d\u003C\/div\u003E\n    \u003Cdiv class=\u0022price-info\u0022\u003E8 370 K\u010d bez DPH\u003C\/div\u003E        \u003C\/div\u003E\n        \u003Cdiv class=\u0022product-tile-item-availability-wrapper\u0022\u003E\n            \u003Cdiv class=\u0022availability\u0022 style=\u0022color: #fb8908;\u0022\u003E\u003Cspan class=\u0022availability-icon icon-glass-hour\u0022\u003E\u003C\/span\u003E do 28 dn\u016f\u003C\/div\u003E        \u003C\/div\u003E\n        \u003Cdiv\u003E\n            \n    \n    \n\n\n        \u003C\/div\u003E\n    \u003C\/div\u003E\n\u003C\/div\u003E\n\u003Cdiv class=\u0022product-tile-item-extended-info\u0022\u003E\n\n            \u003Cdiv class=\u0022product-tile-item-description\u0022\u003E\n            \u003Cp\u003EKonferen\u010dn\u00ed stolek\u00a0se standardn\u00ed v\u00fd\u0161kou 720 mm.\u003C\/p\u003E\n        \u003C\/div\u003E\n                \u003Cdiv class=\u0022product-tile-item-services\u0022\u003E\n        \u003Ca href=\u0022\/product\/favourite\/add\/2043\u0022 class=\u0022service-item \u0022 data-product-favourite=\u00222043\u0022 data-method=\u0022POST\u0022\u003E\u003Cspan class=\u0022icon-heart\u0022\u003E\u003C\/span\u003E Obl\u00edben\u00e9\u003C\/a\u003E        \u003Cspan class=\u0022service-item\u0022\u003E\u003Cspan class=\u0022icon-chart\u0022\u003E\u003C\/span\u003E SPOT SP-T720\/900\u003C\/span\u003E\n    \u003C\/div\u003E\n    \n            \n    \u003Cdiv class=\u0022product-tile-item-action-wrapper\u0022\u003E\n        \u003Ca href=\u0022\/konferencni-stolek-spot-sp-t720-900-spot-spt720-900\u0022 class=\u0022btn-tile\u0022\n           data-text-desktop=\u0022Detail produktu\u0022\n           data-text-mobile=\u0022Detail\u0022\u003E\u003C\/a\u003E\n                    \u003Ca href=\u0022\/konferencni-stolek-spot-sp-t720-900-spot-spt720-900\u0022\n               class=\u0022btn-tile btn-icon-right\u0022\u003E\n                \u003Cspan class=\u0022icon-shopping-cart\u0022\u003E\u003C\/span\u003E\n                \u003Cspan class=\u0022btn-tile-text\u0022\u003EKoupit\u003C\/span\u003E\n            \u003C\/a\u003E\n            \u003C\/div\u003E\n    \u003C\/div\u003E        \u003C\/div\u003E\n                    \u003C\/div\u003E\n\u003C\/div\u003E            \u003Cdiv class=\u0022product-tile-item js-product-tile js-block-preloader\u0022 id=\u0022js-product-tile-2113\u0022\u003E\n    \u003Cdiv class=\u0022product-tile-item-foreground js-product-tile-foreground with-variants\u0022\u003E\n        \u003Cdiv class=\u0022product-tile-item-info-wrapper\u0022 id=\u0022js-product-tile-2113-info\u0022\u003E\n            \u003Cdiv class=\u0022product-tile-item-basic-info\u0022\u003E\n    \u003Cdiv class=\u0022product-tile-item-image-wrapper position-relative\u0022\u003E\n        \u003Cdiv class=\u0022product-tile-item-image\u0022\u003E\n                        \u003Ca href=\u0022\/kulaty-konferencni-stolek-cx-5254\u0022\u003E\n                \u003Cpicture\u003E\n                    \u003Cimg\n                            src=\u0022\u0022\n                            data-src=\u0022https:\/\/www.kresla-zidle.cz\/temp\/product\/list\/cx-5254-1.png\u0022\n                            alt=\u0022Konferen\u010dn\u00ed stolek CX 5254 \u00f8 700 mm\u0022\n                            class=\u0022img-fluid js-lazy-img\u0022\u003E\n                \u003C\/picture\u003E\n            \u003C\/a\u003E\n        \u003C\/div\u003E\n        \u003Cdiv class=\u0022product-tile-item-tags-wrapper\u0022\u003E\n    \u003Cdiv class=\u0022product-item-tags-left\u0022\u003E\n                                                    \u003C\/div\u003E\n    \u003Cdiv class=\u0022product-item-tags-right\u0022\u003E\n                                                                                \u003Cdiv class=\u0022product-tile-tags-manufacturer\u0022\u003E\n                \u003Ca href=\u0022\/rim\u0022\u003E\n                    \u003Cimg src=\u0022https:\/\/www.kresla-zidle.cz\/images\/manufacturer-front-tag\/7.png\u0022 alt=\u0022RIM\u0022 class=\u0022img-fluid\u0022 loading=\u0022lazy\u0022\u003E\n                \u003C\/a\u003E\n            \u003C\/div\u003E\n            \u003C\/div\u003E\n\u003C\/div\u003E    \u003C\/div\u003E\n\n                \n    \u003Cdiv class=\u0022product-tile-item-heading-info\u0022\u003E\n        \u003Cdiv class=\u0022product-tile-category\u0022\u003EJ\u00eddelna a restaurace\u003C\/div\u003E        \u003Ch2 class=\u0022product-tile-heading\u0022\u003E\u003Ca href=\u0022\/kulaty-konferencni-stolek-cx-5254\u0022\u003EKulat\u00fd konferen\u010dn\u00ed stolek CX 5254 \u00f8 700 mm\u003C\/a\u003E\u003C\/h2\u003E\n    \u003C\/div\u003E\n    \u003Cdiv class=\u0022product-tile-item-params\u0022\u003E\n                                                                                        \u003Cdiv class=\u0022product-tile-item-params__item\u0022\u003E\n                                            \u003C\/div\u003E\n                                                                                    \u003Cdiv class=\u0022product-tile-item-params__item\u0022\u003E\n                                                    4 nohy\n                            \n                                            \u003C\/div\u003E\n                                                                                    \u003Cdiv class=\u0022product-tile-item-params__item\u0022\u003E\n                                                    5 let\n                            \n                                            \u003C\/div\u003E\n                                                                                    \u003Cdiv class=\u0022product-tile-item-params__item\u0022\u003E\n                                                    Kruh\n                            \n                                            \u003C\/div\u003E\n                                                                                                \u003C\/div\u003E\n    \u003Cdiv class=\u0022product-tile-item-price-availability\u0022\u003E\n        \u003Cdiv class=\u0022product-tile-item-price-wrapper\u0022\u003E\n            \n\n        \u003Cdiv class=\u0022price-current\u0022\u003E6 341 K\u010d\u003C\/div\u003E\n    \u003Cdiv class=\u0022price-info\u0022\u003E5 240 K\u010d bez DPH\u003C\/div\u003E        \u003C\/div\u003E\n        \u003Cdiv class=\u0022product-tile-item-availability-wrapper\u0022\u003E\n            \u003Cdiv class=\u0022availability\u0022 style=\u0022color: #fb8908;\u0022\u003E\u003Cspan class=\u0022availability-icon icon-glass-hour\u0022\u003E\u003C\/span\u003E do 35 dn\u016f\u003C\/div\u003E        \u003C\/div\u003E\n        \u003Cdiv\u003E\n            \n    \n    \n\n\n        \u003C\/div\u003E\n    \u003C\/div\u003E\n\u003C\/div\u003E\n\u003Cdiv class=\u0022product-tile-item-extended-info\u0022\u003E\n\n            \u003Cdiv class=\u0022product-tile-item-description\u0022\u003E\n            \u003Cp\u003EKulat\u00fd konferen\u010dn\u00ed stolek s kovou podno\u017e\u00ed.\u003C\/p\u003E\n        \u003C\/div\u003E\n                \u003Cdiv class=\u0022product-tile-item-services\u0022\u003E\n        \u003Ca href=\u0022\/product\/favourite\/add\/2113\u0022 class=\u0022service-item \u0022 data-product-favourite=\u00222113\u0022 data-method=\u0022POST\u0022\u003E\u003Cspan class=\u0022icon-heart\u0022\u003E\u003C\/span\u003E Obl\u00edben\u00e9\u003C\/a\u003E        \u003Cspan class=\u0022service-item\u0022\u003E\u003Cspan class=\u0022icon-chart\u0022\u003E\u003C\/span\u003E CX 5254\u003C\/span\u003E\n    \u003C\/div\u003E\n    \n            \n    \u003Cdiv class=\u0022product-tile-item-action-wrapper\u0022\u003E\n        \u003Ca href=\u0022\/kulaty-konferencni-stolek-cx-5254\u0022 class=\u0022btn-tile\u0022\n           data-text-desktop=\u0022Detail produktu\u0022\n           data-text-mobile=\u0022Detail\u0022\u003E\u003C\/a\u003E\n                    \u003Ca href=\u0022\/kulaty-konferencni-stolek-cx-5254\u0022\n               class=\u0022btn-tile btn-icon-right\u0022\u003E\n                \u003Cspan class=\u0022icon-shopping-cart\u0022\u003E\u003C\/span\u003E\n                \u003Cspan class=\u0022btn-tile-text\u0022\u003EKoupit\u003C\/span\u003E\n            \u003C\/a\u003E\n            \u003C\/div\u003E\n    \u003C\/div\u003E        \u003C\/div\u003E\n                            \u003Cdiv class=\u0022product-tile-item-variants js-product-item-variants\u0022\u003E\n                                                \u003Ca href=\u0022\/kulaty-konferencni-stolek-cx-5254\u0022\n                   class=\u0022tile-varinat-tab js-variant-item js-ajax active\u0022\n                   data-show-preloader=\u00220\u0022\n                   data-href=\u0022\/product-list-tile\/2117\/2113?renderParameterIds%5B0%5D=7\u0026amp;renderParameterIds%5B1%5D=117\u0026amp;renderParameterIds%5B2%5D=143\u0026amp;renderParameterIds%5B3%5D=145\u0026amp;renderParameterIds%5B4%5D=150\u0026amp;renderParameterIds%5B5%5D=214\u0022\n                   data-toggle=\u0022tooltip\u0022 title=\u0022Kulat\u00fd konferen\u010dn\u00ed stolek CX 5254 \u00f8 700 mm\u0022\n                   data-placement=\u0022left\u0022\u003E\n\n                    \n                    \u003Cimg src=\u0022\u0022 data-src=\u0022https:\/\/www.kresla-zidle.cz\/temp\/product\/list\/cx-5254-1.png\u0022 class=\u0022img-fluid js-lazy-img\u0022 alt=\u0022Kulat\u00fd konferen\u010dn\u00ed stolek CX 5254 \u00f8 700 mm\u0022 loading=\u0022lazy\u0022\u003E\n                \u003C\/a\u003E\n                                                                            \u003Ca href=\u0022\/konferencni-stolek-cx-5255-oe-1000-mm-cx-5255\u0022\n                       class=\u0022tile-varinat-tab js-variant-item js-ajax\u0022\n                       data-show-preloader=\u00220\u0022\n                       data-href=\u0022\/product-list-tile\/2627\/2113?renderParameterIds%5B0%5D=7\u0026amp;renderParameterIds%5B1%5D=117\u0026amp;renderParameterIds%5B2%5D=143\u0026amp;renderParameterIds%5B3%5D=145\u0026amp;renderParameterIds%5B4%5D=150\u0026amp;renderParameterIds%5B5%5D=214\u0022\n                       data-toggle=\u0022tooltip\u0022 title=\u0022Konferen\u010dn\u00ed stolek CX 5255 \u00f8 1000 mm\u0022\n                       data-placement=\u0022left\u0022\u003E\n\n                        \n                        \u003Cimg src=\u0022\u0022 data-src=\u0022https:\/\/www.kresla-zidle.cz\/temp\/product\/list\/cx-5255.png\u0022 alt=\u0022Konferen\u010dn\u00ed stolek CX 5255 \u00f8 1000 mm\u0022 class=\u0022img-fluid js-lazy-img\u0022 loading=\u0022lazy\u0022\u003E\n                    \u003C\/a\u003E\n                            \u003C\/div\u003E\n            \u003C\/div\u003E\n\u003C\/div\u003E            \u003Cdiv class=\u0022product-tile-item js-product-tile js-block-preloader\u0022 id=\u0022js-product-tile-2293\u0022\u003E\n    \u003Cdiv class=\u0022product-tile-item-foreground js-product-tile-foreground\u0022\u003E\n        \u003Cdiv class=\u0022product-tile-item-info-wrapper\u0022 id=\u0022js-product-tile-2293-info\u0022\u003E\n            \u003Cdiv class=\u0022product-tile-item-basic-info\u0022\u003E\n    \u003Cdiv class=\u0022product-tile-item-image-wrapper position-relative\u0022\u003E\n        \u003Cdiv class=\u0022product-tile-item-image\u0022\u003E\n                        \u003Ca href=\u0022\/dreveny-stolek-ca-va-cv-87106\u0022\u003E\n                \u003Cpicture\u003E\n                    \u003Cimg\n                            src=\u0022\u0022\n                            data-src=\u0022https:\/\/www.kresla-zidle.cz\/temp\/product\/list\/cv871-06.png\u0022\n                            alt=\u0022D\u0159ev\u011bn\u00fd stolek CV 871.06\u0022\n                            class=\u0022img-fluid js-lazy-img\u0022\u003E\n                \u003C\/picture\u003E\n            \u003C\/a\u003E\n        \u003C\/div\u003E\n        \u003Cdiv class=\u0022product-tile-item-tags-wrapper\u0022\u003E\n    \u003Cdiv class=\u0022product-item-tags-left\u0022\u003E\n                                                    \u003C\/div\u003E\n    \u003Cdiv class=\u0022product-item-tags-right\u0022\u003E\n                                                                                \u003Cdiv class=\u0022product-tile-tags-manufacturer\u0022\u003E\n                \u003Ca href=\u0022\/rim\u0022\u003E\n                    \u003Cimg src=\u0022https:\/\/www.kresla-zidle.cz\/images\/manufacturer-front-tag\/7.png\u0022 alt=\u0022RIM\u0022 class=\u0022img-fluid\u0022 loading=\u0022lazy\u0022\u003E\n                \u003C\/a\u003E\n            \u003C\/div\u003E\n            \u003C\/div\u003E\n\u003C\/div\u003E    \u003C\/div\u003E\n\n                \n    \u003Cdiv class=\u0022product-tile-item-heading-info\u0022\u003E\n        \u003Cdiv class=\u0022product-tile-category\u0022\u003EJ\u00eddelna a restaurace\u003C\/div\u003E        \u003Ch2 class=\u0022product-tile-heading\u0022\u003E\u003Ca href=\u0022\/dreveny-stolek-ca-va-cv-87106\u0022\u003ED\u0159ev\u011bn\u00fd stolek CA-VA CV 871.06\u003C\/a\u003E\u003C\/h2\u003E\n    \u003C\/div\u003E\n    \u003Cdiv class=\u0022product-tile-item-params\u0022\u003E\n                                                                                        \u003Cdiv class=\u0022product-tile-item-params__item\u0022\u003E\n                                            \u003C\/div\u003E\n                                                                                    \u003Cdiv class=\u0022product-tile-item-params__item\u0022\u003E\n                                            \u003C\/div\u003E\n                                                                                    \u003Cdiv class=\u0022product-tile-item-params__item\u0022\u003E\n                                                    2 roky\n                            \n                                            \u003C\/div\u003E\n                                                                                    \u003Cdiv class=\u0022product-tile-item-params__item\u0022\u003E\n                                                    Kruh\n                            \n                                            \u003C\/div\u003E\n                                                                                                \u003C\/div\u003E\n    \u003Cdiv class=\u0022product-tile-item-price-availability\u0022\u003E\n        \u003Cdiv class=\u0022product-tile-item-price-wrapper\u0022\u003E\n            \n\n        \u003Cdiv class=\u0022price-current\u0022\u003E8 216 K\u010d\u003C\/div\u003E\n    \u003Cdiv class=\u0022price-info\u0022\u003E6 790 K\u010d bez DPH\u003C\/div\u003E        \u003C\/div\u003E\n        \u003Cdiv class=\u0022product-tile-item-availability-wrapper\u0022\u003E\n            \u003Cdiv class=\u0022availability\u0022 style=\u0022color: #fb8908;\u0022\u003E\u003Cspan class=\u0022availability-icon icon-glass-hour\u0022\u003E\u003C\/span\u003E do 35 dn\u016f\u003C\/div\u003E        \u003C\/div\u003E\n        \u003Cdiv\u003E\n            \n    \n    \n\n\n        \u003C\/div\u003E\n    \u003C\/div\u003E\n\u003C\/div\u003E\n\u003Cdiv class=\u0022product-tile-item-extended-info\u0022\u003E\n\n            \u003Cdiv class=\u0022product-tile-item-description\u0022\u003E\n            \u003Cp\u003ED\u0159ev\u011bn\u00fd konferen\u010dn\u00ed stolek CA-VA, vhodn\u00fd do soukrom\u00e9ho i ve\u0159ejn\u00e9ho prostoru.\u003C\/p\u003E\n        \u003C\/div\u003E\n                \u003Cdiv class=\u0022product-tile-item-services\u0022\u003E\n        \u003Ca href=\u0022\/product\/favourite\/add\/2293\u0022 class=\u0022service-item \u0022 data-product-favourite=\u00222293\u0022 data-method=\u0022POST\u0022\u003E\u003Cspan class=\u0022icon-heart\u0022\u003E\u003C\/span\u003E Obl\u00edben\u00e9\u003C\/a\u003E        \u003Cspan class=\u0022service-item\u0022\u003E\u003Cspan class=\u0022icon-chart\u0022\u003E\u003C\/span\u003E CV 871.06\u003C\/span\u003E\n    \u003C\/div\u003E\n    \n            \n    \u003Cdiv class=\u0022product-tile-item-action-wrapper\u0022\u003E\n        \u003Ca href=\u0022\/dreveny-stolek-ca-va-cv-87106\u0022 class=\u0022btn-tile\u0022\n           data-text-desktop=\u0022Detail produktu\u0022\n           data-text-mobile=\u0022Detail\u0022\u003E\u003C\/a\u003E\n                    \u003Ca href=\u0022\/dreveny-stolek-ca-va-cv-87106\u0022\n               class=\u0022btn-tile btn-icon-right\u0022\u003E\n                \u003Cspan class=\u0022icon-shopping-cart\u0022\u003E\u003C\/span\u003E\n                \u003Cspan class=\u0022btn-tile-text\u0022\u003EKoupit\u003C\/span\u003E\n            \u003C\/a\u003E\n            \u003C\/div\u003E\n    \u003C\/div\u003E        \u003C\/div\u003E\n                    \u003C\/div\u003E\n\u003C\/div\u003E            \u003Cdiv class=\u0022product-tile-item js-product-tile js-block-preloader\u0022 id=\u0022js-product-tile-2308\u0022\u003E\n    \u003Cdiv class=\u0022product-tile-item-foreground js-product-tile-foreground with-variants\u0022\u003E\n        \u003Cdiv class=\u0022product-tile-item-info-wrapper\u0022 id=\u0022js-product-tile-2308-info\u0022\u003E\n            \u003Cdiv class=\u0022product-tile-item-basic-info\u0022\u003E\n    \u003Cdiv class=\u0022product-tile-item-image-wrapper position-relative\u0022\u003E\n        \u003Cdiv class=\u0022product-tile-item-image\u0022\u003E\n                        \u003Ca href=\u0022\/konferencni-stolek-cubix-cx-5251\u0022\u003E\n                \u003Cpicture\u003E\n                    \u003Cimg\n                            src=\u0022\u0022\n                            data-src=\u0022https:\/\/www.kresla-zidle.cz\/temp\/product\/list\/cubix-stul-cx-5251.png\u0022\n                            alt=\u0022Konferen\u010dn\u00ed stolek Cubix CX 5251\u0022\n                            class=\u0022img-fluid js-lazy-img\u0022\u003E\n                \u003C\/picture\u003E\n            \u003C\/a\u003E\n        \u003C\/div\u003E\n        \u003Cdiv class=\u0022product-tile-item-tags-wrapper\u0022\u003E\n    \u003Cdiv class=\u0022product-item-tags-left\u0022\u003E\n                                                    \u003C\/div\u003E\n    \u003Cdiv class=\u0022product-item-tags-right\u0022\u003E\n                                                                                \u003Cdiv class=\u0022product-tile-tags-manufacturer\u0022\u003E\n                \u003Ca href=\u0022\/rim\u0022\u003E\n                    \u003Cimg src=\u0022https:\/\/www.kresla-zidle.cz\/images\/manufacturer-front-tag\/7.png\u0022 alt=\u0022RIM\u0022 class=\u0022img-fluid\u0022 loading=\u0022lazy\u0022\u003E\n                \u003C\/a\u003E\n            \u003C\/div\u003E\n            \u003C\/div\u003E\n\u003C\/div\u003E    \u003C\/div\u003E\n\n                \n    \u003Cdiv class=\u0022product-tile-item-heading-info\u0022\u003E\n        \u003Cdiv class=\u0022product-tile-category\u0022\u003EJ\u00eddelna a restaurace\u003C\/div\u003E        \u003Ch2 class=\u0022product-tile-heading\u0022\u003E\u003Ca href=\u0022\/konferencni-stolek-cubix-cx-5251\u0022\u003EKonferen\u010dn\u00ed stolek CUBIX CX 5251\u003C\/a\u003E\u003C\/h2\u003E\n    \u003C\/div\u003E\n    \u003Cdiv class=\u0022product-tile-item-params\u0022\u003E\n                                                                                        \u003Cdiv class=\u0022product-tile-item-params__item\u0022\u003E\n                                                    kov\n                            \n                                            \u003C\/div\u003E\n                                                                                    \u003Cdiv class=\u0022product-tile-item-params__item\u0022\u003E\n                                                    4 nohy\n                            \n                                            \u003C\/div\u003E\n                                                                                    \u003Cdiv class=\u0022product-tile-item-params__item\u0022\u003E\n                                                    5 let\n                            \n                                            \u003C\/div\u003E\n                                                                                    \u003Cdiv class=\u0022product-tile-item-params__item\u0022\u003E\n                                                    Obd\u00e9ln\u00edk\n                            \n                                            \u003C\/div\u003E\n                                                                                                \u003C\/div\u003E\n    \u003Cdiv class=\u0022product-tile-item-price-availability\u0022\u003E\n        \u003Cdiv class=\u0022product-tile-item-price-wrapper\u0022\u003E\n            \n\n        \u003Cdiv class=\u0022price-current\u0022\u003E18 489 K\u010d\u003C\/div\u003E\n    \u003Cdiv class=\u0022price-info\u0022\u003E15 280 K\u010d bez DPH\u003C\/div\u003E        \u003C\/div\u003E\n        \u003Cdiv class=\u0022product-tile-item-availability-wrapper\u0022\u003E\n            \u003Cdiv class=\u0022availability\u0022 style=\u0022color: #fb8908;\u0022\u003E\u003Cspan class=\u0022availability-icon icon-glass-hour\u0022\u003E\u003C\/span\u003E do 35 dn\u016f\u003C\/div\u003E        \u003C\/div\u003E\n        \u003Cdiv\u003E\n            \n    \n    \n\n\n        \u003C\/div\u003E\n    \u003C\/div\u003E\n\u003C\/div\u003E\n\u003Cdiv class=\u0022product-tile-item-extended-info\u0022\u003E\n\n            \u003Cdiv class=\u0022product-tile-item-description\u0022\u003E\n            \u003Cp\u003EModern\u00ed konferen\u010dn\u00ed stolek s deskou stolu v MDF nebo skle.\u003C\/p\u003E\n        \u003C\/div\u003E\n                \u003Cdiv class=\u0022product-tile-item-services\u0022\u003E\n        \u003Ca href=\u0022\/product\/favourite\/add\/2308\u0022 class=\u0022service-item \u0022 data-product-favourite=\u00222308\u0022 data-method=\u0022POST\u0022\u003E\u003Cspan class=\u0022icon-heart\u0022\u003E\u003C\/span\u003E Obl\u00edben\u00e9\u003C\/a\u003E        \u003Cspan class=\u0022service-item\u0022\u003E\u003Cspan class=\u0022icon-chart\u0022\u003E\u003C\/span\u003E CX 5251\u003C\/span\u003E\n    \u003C\/div\u003E\n    \n            \n    \u003Cdiv class=\u0022product-tile-item-action-wrapper\u0022\u003E\n        \u003Ca href=\u0022\/konferencni-stolek-cubix-cx-5251\u0022 class=\u0022btn-tile\u0022\n           data-text-desktop=\u0022Detail produktu\u0022\n           data-text-mobile=\u0022Detail\u0022\u003E\u003C\/a\u003E\n                    \u003Ca href=\u0022\/konferencni-stolek-cubix-cx-5251\u0022\n               class=\u0022btn-tile btn-icon-right\u0022\u003E\n                \u003Cspan class=\u0022icon-shopping-cart\u0022\u003E\u003C\/span\u003E\n                \u003Cspan class=\u0022btn-tile-text\u0022\u003EKoupit\u003C\/span\u003E\n            \u003C\/a\u003E\n            \u003C\/div\u003E\n    \u003C\/div\u003E        \u003C\/div\u003E\n                            \u003Cdiv class=\u0022product-tile-item-variants js-product-item-variants\u0022\u003E\n                                                \u003Ca href=\u0022\/konferencni-stolek-cubix-cx-5251\u0022\n                   class=\u0022tile-varinat-tab js-variant-item js-ajax active\u0022\n                   data-show-preloader=\u00220\u0022\n                   data-href=\u0022\/product-list-tile\/2656\/2308?renderParameterIds%5B0%5D=7\u0026amp;renderParameterIds%5B1%5D=117\u0026amp;renderParameterIds%5B2%5D=143\u0026amp;renderParameterIds%5B3%5D=145\u0026amp;renderParameterIds%5B4%5D=150\u0026amp;renderParameterIds%5B5%5D=214\u0022\n                   data-toggle=\u0022tooltip\u0022 title=\u0022Konferen\u010dn\u00ed stolek CUBIX CX 5251\u0022\n                   data-placement=\u0022left\u0022\u003E\n\n                    \n                    \u003Cimg src=\u0022\u0022 data-src=\u0022https:\/\/www.kresla-zidle.cz\/temp\/product\/list\/cubix-stul-cx-5251.png\u0022 class=\u0022img-fluid js-lazy-img\u0022 alt=\u0022Konferen\u010dn\u00ed stolek CUBIX CX 5251\u0022 loading=\u0022lazy\u0022\u003E\n                \u003C\/a\u003E\n                                                                            \u003Ca href=\u0022\/konferencni-stolek-cubix-cx-5253-1200-mm-cx-5253\u0022\n                       class=\u0022tile-varinat-tab js-variant-item js-ajax\u0022\n                       data-show-preloader=\u00220\u0022\n                       data-href=\u0022\/product-list-tile\/2657\/2308?renderParameterIds%5B0%5D=7\u0026amp;renderParameterIds%5B1%5D=117\u0026amp;renderParameterIds%5B2%5D=143\u0026amp;renderParameterIds%5B3%5D=145\u0026amp;renderParameterIds%5B4%5D=150\u0026amp;renderParameterIds%5B5%5D=214\u0022\n                       data-toggle=\u0022tooltip\u0022 title=\u0022Konferen\u010dn\u00ed stolek CUBIX CX 5253 1200 mm\u0022\n                       data-placement=\u0022left\u0022\u003E\n\n                        \n                        \u003Cimg src=\u0022\u0022 data-src=\u0022https:\/\/www.kresla-zidle.cz\/temp\/product\/list\/cubix-stul-cx-5252-1.png\u0022 alt=\u0022Konferen\u010dn\u00ed stolek CUBIX CX 5253 1200 mm\u0022 class=\u0022img-fluid js-lazy-img\u0022 loading=\u0022lazy\u0022\u003E\n                    \u003C\/a\u003E\n                            \u003C\/div\u003E\n            \u003C\/div\u003E\n\u003C\/div\u003E            \u003Cdiv class=\u0022product-tile-item js-product-tile js-block-preloader\u0022 id=\u0022js-product-tile-2458\u0022\u003E\n    \u003Cdiv class=\u0022product-tile-item-foreground js-product-tile-foreground\u0022\u003E\n        \u003Cdiv class=\u0022product-tile-item-info-wrapper\u0022 id=\u0022js-product-tile-2458-info\u0022\u003E\n            \u003Cdiv class=\u0022product-tile-item-basic-info\u0022\u003E\n    \u003Cdiv class=\u0022product-tile-item-image-wrapper position-relative\u0022\u003E\n        \u003Cdiv class=\u0022product-tile-item-image\u0022\u003E\n                        \u003Ca href=\u0022\/stul-revo-t75-t150-t180-mrvt750000-mrvt150000-mrvt1\u0022\u003E\n                \u003Cpicture\u003E\n                    \u003Cimg\n                            src=\u0022\u0022\n                            data-src=\u0022https:\/\/www.kresla-zidle.cz\/temp\/product\/list\/revo-t75-1.png\u0022\n                            alt=\u0022St\u016fl REVO T75\u0022\n                            class=\u0022img-fluid js-lazy-img\u0022\u003E\n                \u003C\/picture\u003E\n            \u003C\/a\u003E\n        \u003C\/div\u003E\n        \u003Cdiv class=\u0022product-tile-item-tags-wrapper\u0022\u003E\n    \u003Cdiv class=\u0022product-item-tags-left\u0022\u003E\n                                                    \u003C\/div\u003E\n    \u003Cdiv class=\u0022product-item-tags-right\u0022\u003E\n                                                                                \u003Cdiv class=\u0022product-tile-tags-manufacturer\u0022\u003E\n                \u003Ca href=\u0022\/profim\u0022\u003E\n                    \u003Cimg src=\u0022https:\/\/www.kresla-zidle.cz\/images\/manufacturer-front-tag\/1.png\u0022 alt=\u0022Profim\u0022 class=\u0022img-fluid\u0022 loading=\u0022lazy\u0022\u003E\n                \u003C\/a\u003E\n            \u003C\/div\u003E\n            \u003C\/div\u003E\n\u003C\/div\u003E    \u003C\/div\u003E\n\n                \n    \u003Cdiv class=\u0022product-tile-item-heading-info\u0022\u003E\n        \u003Cdiv class=\u0022product-tile-category\u0022\u003EKancel\u00e1\u0159sk\u00e9 stoly, kontejnery, lampy\u003C\/div\u003E        \u003Ch2 class=\u0022product-tile-heading\u0022\u003E\u003Ca href=\u0022\/stul-revo-t75-t150-t180-mrvt750000-mrvt150000-mrvt1\u0022\u003ESt\u016fl REVO T75 \/ T150 \/ T180\u003C\/a\u003E\u003C\/h2\u003E\n    \u003C\/div\u003E\n    \u003Cdiv class=\u0022product-tile-item-params\u0022\u003E\n                                                                                        \u003Cdiv class=\u0022product-tile-item-params__item\u0022\u003E\n                                                    kov\n                            \n                                            \u003C\/div\u003E\n                                                                                    \u003Cdiv class=\u0022product-tile-item-params__item\u0022\u003E\n                                            \u003C\/div\u003E\n                                                                                    \u003Cdiv class=\u0022product-tile-item-params__item\u0022\u003E\n                                            \u003C\/div\u003E\n                                                                                    \u003Cdiv class=\u0022product-tile-item-params__item\u0022\u003E\n                                                    \u010ctverec, Obd\u00e9ln\u00edk\n                            \n                                            \u003C\/div\u003E\n                                                                                                \u003C\/div\u003E\n    \u003Cdiv class=\u0022product-tile-item-price-availability\u0022\u003E\n        \u003Cdiv class=\u0022product-tile-item-price-wrapper\u0022\u003E\n            \n\n        \u003Cdiv class=\u0022price-current\u0022\u003E20 812 K\u010d\u003C\/div\u003E\n    \u003Cdiv class=\u0022price-info\u0022\u003E17 200 K\u010d bez DPH\u003C\/div\u003E        \u003C\/div\u003E\n        \u003Cdiv class=\u0022product-tile-item-availability-wrapper\u0022\u003E\n            \u003Cdiv class=\u0022availability\u0022\u003E\u003Cspan class=\u0022availability-icon icon-glass-hour\u0022\u003E\u003C\/span\u003E do 42 dn\u016f\u003C\/div\u003E        \u003C\/div\u003E\n        \u003Cdiv\u003E\n            \n    \n    \n\n\n        \u003C\/div\u003E\n    \u003C\/div\u003E\n\u003C\/div\u003E\n\u003Cdiv class=\u0022product-tile-item-extended-info\u0022\u003E\n\n            \u003Cdiv class=\u0022product-tile-item-description\u0022\u003E\n            \u003Cp\u003EElegantn\u00ed konferen\u010dn\u00ed stoly v mnoha barevn\u00fdch kombinac\u00edch.\u003C\/p\u003E\n        \u003C\/div\u003E\n                \u003Cdiv class=\u0022product-tile-item-services\u0022\u003E\n        \u003Ca href=\u0022\/product\/favourite\/add\/2458\u0022 class=\u0022service-item \u0022 data-product-favourite=\u00222458\u0022 data-method=\u0022POST\u0022\u003E\u003Cspan class=\u0022icon-heart\u0022\u003E\u003C\/span\u003E Obl\u00edben\u00e9\u003C\/a\u003E        \u003Cspan class=\u0022service-item\u0022\u003E\u003Cspan class=\u0022icon-chart\u0022\u003E\u003C\/span\u003E MRVT750000 \/ MRVT150000 \/ MRVT1\u003C\/span\u003E\n    \u003C\/div\u003E\n    \n            \n    \u003Cdiv class=\u0022product-tile-item-action-wrapper\u0022\u003E\n        \u003Ca href=\u0022\/stul-revo-t75-t150-t180-mrvt750000-mrvt150000-mrvt1\u0022 class=\u0022btn-tile\u0022\n           data-text-desktop=\u0022Detail produktu\u0022\n           data-text-mobile=\u0022Detail\u0022\u003E\u003C\/a\u003E\n                    \u003Ca href=\u0022\/stul-revo-t75-t150-t180-mrvt750000-mrvt150000-mrvt1\u0022\n               class=\u0022btn-tile btn-icon-right\u0022\u003E\n                \u003Cspan class=\u0022icon-shopping-cart\u0022\u003E\u003C\/span\u003E\n                \u003Cspan class=\u0022btn-tile-text\u0022\u003EKoupit\u003C\/span\u003E\n            \u003C\/a\u003E\n            \u003C\/div\u003E\n    \u003C\/div\u003E        \u003C\/div\u003E\n                    \u003C\/div\u003E\n\u003C\/div\u003E            \u003Cdiv class=\u0022product-tile-item js-product-tile js-block-preloader\u0022 id=\u0022js-product-tile-2459\u0022\u003E\n    \u003Cdiv class=\u0022product-tile-item-foreground js-product-tile-foreground\u0022\u003E\n        \u003Cdiv class=\u0022product-tile-item-info-wrapper\u0022 id=\u0022js-product-tile-2459-info\u0022\u003E\n            \u003Cdiv class=\u0022product-tile-item-basic-info\u0022\u003E\n    \u003Cdiv class=\u0022product-tile-item-image-wrapper position-relative\u0022\u003E\n        \u003Cdiv class=\u0022product-tile-item-image\u0022\u003E\n                        \u003Ca href=\u0022\/odkladaci-stolek-revo-ls65-mrvls65000\u0022\u003E\n                \u003Cpicture\u003E\n                    \u003Cimg\n                            src=\u0022\u0022\n                            data-src=\u0022https:\/\/www.kresla-zidle.cz\/temp\/product\/list\/revo-ls65-8.png\u0022\n                            alt=\u0022Odkl\u00e1dac\u00ed stolek REVO LS65\u0022\n                            class=\u0022img-fluid js-lazy-img\u0022\u003E\n                \u003C\/picture\u003E\n            \u003C\/a\u003E\n        \u003C\/div\u003E\n        \u003Cdiv class=\u0022product-tile-item-tags-wrapper\u0022\u003E\n    \u003Cdiv class=\u0022product-item-tags-left\u0022\u003E\n                                                    \u003C\/div\u003E\n    \u003Cdiv class=\u0022product-item-tags-right\u0022\u003E\n                                                                                \u003Cdiv class=\u0022product-tile-tags-manufacturer\u0022\u003E\n                \u003Ca href=\u0022\/profim\u0022\u003E\n                    \u003Cimg src=\u0022https:\/\/www.kresla-zidle.cz\/images\/manufacturer-front-tag\/1.png\u0022 alt=\u0022Profim\u0022 class=\u0022img-fluid\u0022 loading=\u0022lazy\u0022\u003E\n                \u003C\/a\u003E\n            \u003C\/div\u003E\n            \u003C\/div\u003E\n\u003C\/div\u003E    \u003C\/div\u003E\n\n                \n    \u003Cdiv class=\u0022product-tile-item-heading-info\u0022\u003E\n        \u003Cdiv class=\u0022product-tile-category\u0022\u003EKancel\u00e1\u0159sk\u00e9 stoly, kontejnery, lampy\u003C\/div\u003E        \u003Ch2 class=\u0022product-tile-heading\u0022\u003E\u003Ca href=\u0022\/odkladaci-stolek-revo-ls65-mrvls65000\u0022\u003EOdkl\u00e1dac\u00ed stolek REVO LS65\u003C\/a\u003E\u003C\/h2\u003E\n    \u003C\/div\u003E\n    \u003Cdiv class=\u0022product-tile-item-params\u0022\u003E\n                                                                                        \u003Cdiv class=\u0022product-tile-item-params__item\u0022\u003E\n                                                    kov\n                            \n                                            \u003C\/div\u003E\n                                                                                    \u003Cdiv class=\u0022product-tile-item-params__item\u0022\u003E\n                                            \u003C\/div\u003E\n                                                                                    \u003Cdiv class=\u0022product-tile-item-params__item\u0022\u003E\n                                            \u003C\/div\u003E\n                                                                                    \u003Cdiv class=\u0022product-tile-item-params__item\u0022\u003E\n                                                    Obd\u00e9ln\u00edk\n                            \n                                            \u003C\/div\u003E\n                                                                                                \u003C\/div\u003E\n    \u003Cdiv class=\u0022product-tile-item-price-availability\u0022\u003E\n        \u003Cdiv class=\u0022product-tile-item-price-wrapper\u0022\u003E\n            \n\n        \u003Cdiv class=\u0022price-current\u0022\u003E13 964 K\u010d\u003C\/div\u003E\n    \u003Cdiv class=\u0022price-info\u0022\u003E11 540 K\u010d bez DPH\u003C\/div\u003E        \u003C\/div\u003E\n        \u003Cdiv class=\u0022product-tile-item-availability-wrapper\u0022\u003E\n            \u003Cdiv class=\u0022availability\u0022\u003E\u003Cspan class=\u0022availability-icon icon-glass-hour\u0022\u003E\u003C\/span\u003E do 42 dn\u016f\u003C\/div\u003E        \u003C\/div\u003E\n        \u003Cdiv\u003E\n            \n    \n    \n\n\n        \u003C\/div\u003E\n    \u003C\/div\u003E\n\u003C\/div\u003E\n\u003Cdiv class=\u0022product-tile-item-extended-info\u0022\u003E\n\n            \u003Cdiv class=\u0022product-tile-item-description\u0022\u003E\n            \u003Cp\u003EElegantn\u00ed odkl\u00e1dac\u00ed stolek v mnoha barevn\u00fdch kombinac\u00edch.\u003C\/p\u003E\n        \u003C\/div\u003E\n                \u003Cdiv class=\u0022product-tile-item-services\u0022\u003E\n        \u003Ca href=\u0022\/product\/favourite\/add\/2459\u0022 class=\u0022service-item \u0022 data-product-favourite=\u00222459\u0022 data-method=\u0022POST\u0022\u003E\u003Cspan class=\u0022icon-heart\u0022\u003E\u003C\/span\u003E Obl\u00edben\u00e9\u003C\/a\u003E        \u003Cspan class=\u0022service-item\u0022\u003E\u003Cspan class=\u0022icon-chart\u0022\u003E\u003C\/span\u003E MRVLS65000\u003C\/span\u003E\n    \u003C\/div\u003E\n    \n            \n    \u003Cdiv class=\u0022product-tile-item-action-wrapper\u0022\u003E\n        \u003Ca href=\u0022\/odkladaci-stolek-revo-ls65-mrvls65000\u0022 class=\u0022btn-tile\u0022\n           data-text-desktop=\u0022Detail produktu\u0022\n           data-text-mobile=\u0022Detail\u0022\u003E\u003C\/a\u003E\n                    \u003Ca href=\u0022\/odkladaci-stolek-revo-ls65-mrvls65000\u0022\n               class=\u0022btn-tile btn-icon-right\u0022\u003E\n                \u003Cspan class=\u0022icon-shopping-cart\u0022\u003E\u003C\/span\u003E\n                \u003Cspan class=\u0022btn-tile-text\u0022\u003EKoupit\u003C\/span\u003E\n            \u003C\/a\u003E\n            \u003C\/div\u003E\n    \u003C\/div\u003E        \u003C\/div\u003E\n                    \u003C\/div\u003E\n\u003C\/div\u003E            \u003Cdiv class=\u0022product-tile-item js-product-tile js-block-preloader\u0022 id=\u0022js-product-tile-2460\u0022\u003E\n    \u003Cdiv class=\u0022product-tile-item-foreground js-product-tile-foreground\u0022\u003E\n        \u003Cdiv class=\u0022product-tile-item-info-wrapper\u0022 id=\u0022js-product-tile-2460-info\u0022\u003E\n            \u003Cdiv class=\u0022product-tile-item-basic-info\u0022\u003E\n    \u003Cdiv class=\u0022product-tile-item-image-wrapper position-relative\u0022\u003E\n        \u003Cdiv class=\u0022product-tile-item-image\u0022\u003E\n                        \u003Ca href=\u0022\/odkladaci-stolek-revo-ls48-mrvlr48000\u0022\u003E\n                \u003Cpicture\u003E\n                    \u003Cimg\n                            src=\u0022\u0022\n                            data-src=\u0022https:\/\/www.kresla-zidle.cz\/temp\/product\/list\/revo-lr48-14.png\u0022\n                            alt=\u0022Odkl\u00e1dac\u00ed stolek REVO LR48\u0022\n                            class=\u0022img-fluid js-lazy-img\u0022\u003E\n                \u003C\/picture\u003E\n            \u003C\/a\u003E\n        \u003C\/div\u003E\n        \u003Cdiv class=\u0022product-tile-item-tags-wrapper\u0022\u003E\n    \u003Cdiv class=\u0022product-item-tags-left\u0022\u003E\n                                                    \u003C\/div\u003E\n    \u003Cdiv class=\u0022product-item-tags-right\u0022\u003E\n                                                                                \u003Cdiv class=\u0022product-tile-tags-manufacturer\u0022\u003E\n                \u003Ca href=\u0022\/profim\u0022\u003E\n                    \u003Cimg src=\u0022https:\/\/www.kresla-zidle.cz\/images\/manufacturer-front-tag\/1.png\u0022 alt=\u0022Profim\u0022 class=\u0022img-fluid\u0022 loading=\u0022lazy\u0022\u003E\n                \u003C\/a\u003E\n            \u003C\/div\u003E\n            \u003C\/div\u003E\n\u003C\/div\u003E    \u003C\/div\u003E\n\n                \n    \u003Cdiv class=\u0022product-tile-item-heading-info\u0022\u003E\n        \u003Cdiv class=\u0022product-tile-category\u0022\u003EKancel\u00e1\u0159sk\u00e9 stoly, kontejnery, lampy\u003C\/div\u003E        \u003Ch2 class=\u0022product-tile-heading\u0022\u003E\u003Ca href=\u0022\/odkladaci-stolek-revo-ls48-mrvlr48000\u0022\u003EOdkl\u00e1dac\u00ed stolek REVO LR48\u003C\/a\u003E\u003C\/h2\u003E\n    \u003C\/div\u003E\n    \u003Cdiv class=\u0022product-tile-item-params\u0022\u003E\n                                                                                        \u003Cdiv class=\u0022product-tile-item-params__item\u0022\u003E\n                                                    kov\n                            \n                                            \u003C\/div\u003E\n                                                                                    \u003Cdiv class=\u0022product-tile-item-params__item\u0022\u003E\n                                            \u003C\/div\u003E\n                                                                                    \u003Cdiv class=\u0022product-tile-item-params__item\u0022\u003E\n                                            \u003C\/div\u003E\n                                                                                    \u003Cdiv class=\u0022product-tile-item-params__item\u0022\u003E\n                                                    Kruh\n                            \n                                            \u003C\/div\u003E\n                                                                                                \u003C\/div\u003E\n    \u003Cdiv class=\u0022product-tile-item-price-availability\u0022\u003E\n        \u003Cdiv class=\u0022product-tile-item-price-wrapper\u0022\u003E\n            \n\n        \u003Cdiv class=\u0022price-current\u0022\u003E13 964 K\u010d\u003C\/div\u003E\n    \u003Cdiv class=\u0022price-info\u0022\u003E11 540 K\u010d bez DPH\u003C\/div\u003E        \u003C\/div\u003E\n        \u003Cdiv class=\u0022product-tile-item-availability-wrapper\u0022\u003E\n            \u003Cdiv class=\u0022availability\u0022\u003E\u003Cspan class=\u0022availability-icon icon-glass-hour\u0022\u003E\u003C\/span\u003E do 42 dn\u016f\u003C\/div\u003E        \u003C\/div\u003E\n        \u003Cdiv\u003E\n            \n    \n    \n\n\n        \u003C\/div\u003E\n    \u003C\/div\u003E\n\u003C\/div\u003E\n\u003Cdiv class=\u0022product-tile-item-extended-info\u0022\u003E\n\n            \u003Cdiv class=\u0022product-tile-item-description\u0022\u003E\n            \u003Cp\u003EElegantn\u00ed odkl\u00e1dac\u00ed stolek v mnoha barevn\u00fdch kombinac\u00edch.\u003C\/p\u003E\n        \u003C\/div\u003E\n                \u003Cdiv class=\u0022product-tile-item-services\u0022\u003E\n        \u003Ca href=\u0022\/product\/favourite\/add\/2460\u0022 class=\u0022service-item \u0022 data-product-favourite=\u00222460\u0022 data-method=\u0022POST\u0022\u003E\u003Cspan class=\u0022icon-heart\u0022\u003E\u003C\/span\u003E Obl\u00edben\u00e9\u003C\/a\u003E        \u003Cspan class=\u0022service-item\u0022\u003E\u003Cspan class=\u0022icon-chart\u0022\u003E\u003C\/span\u003E MRVLR48000\u003C\/span\u003E\n    \u003C\/div\u003E\n    \n            \n    \u003Cdiv class=\u0022product-tile-item-action-wrapper\u0022\u003E\n        \u003Ca href=\u0022\/odkladaci-stolek-revo-ls48-mrvlr48000\u0022 class=\u0022btn-tile\u0022\n           data-text-desktop=\u0022Detail produktu\u0022\n           data-text-mobile=\u0022Detail\u0022\u003E\u003C\/a\u003E\n                    \u003Ca href=\u0022\/odkladaci-stolek-revo-ls48-mrvlr48000\u0022\n               class=\u0022btn-tile btn-icon-right\u0022\u003E\n                \u003Cspan class=\u0022icon-shopping-cart\u0022\u003E\u003C\/span\u003E\n                \u003Cspan class=\u0022btn-tile-text\u0022\u003EKoupit\u003C\/span\u003E\n            \u003C\/a\u003E\n            \u003C\/div\u003E\n    \u003C\/div\u003E        \u003C\/div\u003E\n                    \u003C\/div\u003E\n\u003C\/div\u003E            \u003Cdiv class=\u0022product-tile-item js-product-tile js-block-preloader\u0022 id=\u0022js-product-tile-2461\u0022\u003E\n    \u003Cdiv class=\u0022product-tile-item-foreground js-product-tile-foreground\u0022\u003E\n        \u003Cdiv class=\u0022product-tile-item-info-wrapper\u0022 id=\u0022js-product-tile-2461-info\u0022\u003E\n            \u003Cdiv class=\u0022product-tile-item-basic-info\u0022\u003E\n    \u003Cdiv class=\u0022product-tile-item-image-wrapper position-relative\u0022\u003E\n        \u003Cdiv class=\u0022product-tile-item-image\u0022\u003E\n                        \u003Ca href=\u0022\/nizky-stul-revo-c75-c150-mrvc750000-mrvc150000\u0022\u003E\n                \u003Cpicture\u003E\n                    \u003Cimg\n                            src=\u0022\u0022\n                            data-src=\u0022https:\/\/www.kresla-zidle.cz\/temp\/product\/list\/revo-c75-3.png\u0022\n                            alt=\u0022N\u00edzk\u00fd st\u016fl REVO C75\u0022\n                            class=\u0022img-fluid js-lazy-img\u0022\u003E\n                \u003C\/picture\u003E\n            \u003C\/a\u003E\n        \u003C\/div\u003E\n        \u003Cdiv class=\u0022product-tile-item-tags-wrapper\u0022\u003E\n    \u003Cdiv class=\u0022product-item-tags-left\u0022\u003E\n                                                    \u003C\/div\u003E\n    \u003Cdiv class=\u0022product-item-tags-right\u0022\u003E\n                                                                                \u003Cdiv class=\u0022product-tile-tags-manufacturer\u0022\u003E\n                \u003Ca href=\u0022\/profim\u0022\u003E\n                    \u003Cimg src=\u0022https:\/\/www.kresla-zidle.cz\/images\/manufacturer-front-tag\/1.png\u0022 alt=\u0022Profim\u0022 class=\u0022img-fluid\u0022 loading=\u0022lazy\u0022\u003E\n                \u003C\/a\u003E\n            \u003C\/div\u003E\n            \u003C\/div\u003E\n\u003C\/div\u003E    \u003C\/div\u003E\n\n                \n    \u003Cdiv class=\u0022product-tile-item-heading-info\u0022\u003E\n        \u003Cdiv class=\u0022product-tile-category\u0022\u003EKonferen\u010dn\u00ed stolky\u003C\/div\u003E        \u003Ch2 class=\u0022product-tile-heading\u0022\u003E\u003Ca href=\u0022\/nizky-stul-revo-c75-c150-mrvc750000-mrvc150000\u0022\u003EN\u00edzk\u00fd st\u016fl REVO C75 \/ C150\u003C\/a\u003E\u003C\/h2\u003E\n    \u003C\/div\u003E\n    \u003Cdiv class=\u0022product-tile-item-params\u0022\u003E\n                                                                                        \u003Cdiv class=\u0022product-tile-item-params__item\u0022\u003E\n                                                    kov\n                            \n                                            \u003C\/div\u003E\n                                                                                    \u003Cdiv class=\u0022product-tile-item-params__item\u0022\u003E\n                                            \u003C\/div\u003E\n                                                                                    \u003Cdiv class=\u0022product-tile-item-params__item\u0022\u003E\n                                            \u003C\/div\u003E\n                                                                                    \u003Cdiv class=\u0022product-tile-item-params__item\u0022\u003E\n                                                    \u010ctverec, Obd\u00e9ln\u00edk\n                            \n                                            \u003C\/div\u003E\n                                                                                                \u003C\/div\u003E\n    \u003Cdiv class=\u0022product-tile-item-price-availability\u0022\u003E\n        \u003Cdiv class=\u0022product-tile-item-price-wrapper\u0022\u003E\n            \n\n        \u003Cdiv class=\u0022price-current\u0022\u003E19 106 K\u010d\u003C\/div\u003E\n    \u003Cdiv class=\u0022price-info\u0022\u003E15 790 K\u010d bez DPH\u003C\/div\u003E        \u003C\/div\u003E\n        \u003Cdiv class=\u0022product-tile-item-availability-wrapper\u0022\u003E\n            \u003Cdiv class=\u0022availability\u0022\u003E\u003Cspan class=\u0022availability-icon icon-glass-hour\u0022\u003E\u003C\/span\u003E do 42 dn\u016f\u003C\/div\u003E        \u003C\/div\u003E\n        \u003Cdiv\u003E\n            \n    \n    \n\n\n        \u003C\/div\u003E\n    \u003C\/div\u003E\n\u003C\/div\u003E\n\u003Cdiv class=\u0022product-tile-item-extended-info\u0022\u003E\n\n            \u003Cdiv class=\u0022product-tile-item-description\u0022\u003E\n            \u003Cp\u003EElegantn\u00ed n\u00edzk\u00e9 stolky v mnoha barevn\u00fdch kombinac\u00edch.\u003C\/p\u003E\n        \u003C\/div\u003E\n                \u003Cdiv class=\u0022product-tile-item-services\u0022\u003E\n        \u003Ca href=\u0022\/product\/favourite\/add\/2461\u0022 class=\u0022service-item \u0022 data-product-favourite=\u00222461\u0022 data-method=\u0022POST\u0022\u003E\u003Cspan class=\u0022icon-heart\u0022\u003E\u003C\/span\u003E Obl\u00edben\u00e9\u003C\/a\u003E        \u003Cspan class=\u0022service-item\u0022\u003E\u003Cspan class=\u0022icon-chart\u0022\u003E\u003C\/span\u003E MRVC750000 \/ MRVC150000\u003C\/span\u003E\n    \u003C\/div\u003E\n    \n            \n    \u003Cdiv class=\u0022product-tile-item-action-wrapper\u0022\u003E\n        \u003Ca href=\u0022\/nizky-stul-revo-c75-c150-mrvc750000-mrvc150000\u0022 class=\u0022btn-tile\u0022\n           data-text-desktop=\u0022Detail produktu\u0022\n           data-text-mobile=\u0022Detail\u0022\u003E\u003C\/a\u003E\n                    \u003Ca href=\u0022\/nizky-stul-revo-c75-c150-mrvc750000-mrvc150000\u0022\n               class=\u0022btn-tile btn-icon-right\u0022\u003E\n                \u003Cspan class=\u0022icon-shopping-cart\u0022\u003E\u003C\/span\u003E\n                \u003Cspan class=\u0022btn-tile-text\u0022\u003EKoupit\u003C\/span\u003E\n            \u003C\/a\u003E\n            \u003C\/div\u003E\n    \u003C\/div\u003E        \u003C\/div\u003E\n                    \u003C\/div\u003E\n\u003C\/div\u003E            \u003Cdiv class=\u0022product-tile-item js-product-tile js-block-preloader\u0022 id=\u0022js-product-tile-2462\u0022\u003E\n    \u003Cdiv class=\u0022product-tile-item-foreground js-product-tile-foreground\u0022\u003E\n        \u003Cdiv class=\u0022product-tile-item-info-wrapper\u0022 id=\u0022js-product-tile-2462-info\u0022\u003E\n            \u003Cdiv class=\u0022product-tile-item-basic-info\u0022\u003E\n    \u003Cdiv class=\u0022product-tile-item-image-wrapper position-relative\u0022\u003E\n        \u003Cdiv class=\u0022product-tile-item-image\u0022\u003E\n                        \u003Ca href=\u0022\/stredni-stul-revo-mt140-mrvt140000\u0022\u003E\n                \u003Cpicture\u003E\n                    \u003Cimg\n                            src=\u0022\u0022\n                            data-src=\u0022https:\/\/www.kresla-zidle.cz\/temp\/product\/list\/revo-mt140.png\u0022\n                            alt=\u0022St\u0159edn\u00ed st\u016fl REVO MT140\u0022\n                            class=\u0022img-fluid js-lazy-img\u0022\u003E\n                \u003C\/picture\u003E\n            \u003C\/a\u003E\n        \u003C\/div\u003E\n        \u003Cdiv class=\u0022product-tile-item-tags-wrapper\u0022\u003E\n    \u003Cdiv class=\u0022product-item-tags-left\u0022\u003E\n                                                    \u003C\/div\u003E\n    \u003Cdiv class=\u0022product-item-tags-right\u0022\u003E\n                                                                                \u003Cdiv class=\u0022product-tile-tags-manufacturer\u0022\u003E\n                \u003Ca href=\u0022\/profim\u0022\u003E\n                    \u003Cimg src=\u0022https:\/\/www.kresla-zidle.cz\/images\/manufacturer-front-tag\/1.png\u0022 alt=\u0022Profim\u0022 class=\u0022img-fluid\u0022 loading=\u0022lazy\u0022\u003E\n                \u003C\/a\u003E\n            \u003C\/div\u003E\n            \u003C\/div\u003E\n\u003C\/div\u003E    \u003C\/div\u003E\n\n                \n    \u003Cdiv class=\u0022product-tile-item-heading-info\u0022\u003E\n        \u003Cdiv class=\u0022product-tile-category\u0022\u003EKonferen\u010dn\u00ed stolky\u003C\/div\u003E        \u003Ch2 class=\u0022product-tile-heading\u0022\u003E\u003Ca href=\u0022\/stredni-stul-revo-mt140-mrvt140000\u0022\u003ESt\u0159edn\u00ed st\u016fl REVO MT140\u003C\/a\u003E\u003C\/h2\u003E\n    \u003C\/div\u003E\n    \u003Cdiv class=\u0022product-tile-item-params\u0022\u003E\n                                                                                        \u003Cdiv class=\u0022product-tile-item-params__item\u0022\u003E\n                                                    kov\n                            \n                                            \u003C\/div\u003E\n                                                                                    \u003Cdiv class=\u0022product-tile-item-params__item\u0022\u003E\n                                            \u003C\/div\u003E\n                                                                                    \u003Cdiv class=\u0022product-tile-item-params__item\u0022\u003E\n                                            \u003C\/div\u003E\n                                                                                    \u003Cdiv class=\u0022product-tile-item-params__item\u0022\u003E\n                                                    Obd\u00e9ln\u00edk\n                            \n                                            \u003C\/div\u003E\n                                                                                                \u003C\/div\u003E\n    \u003Cdiv class=\u0022product-tile-item-price-availability\u0022\u003E\n        \u003Cdiv class=\u0022product-tile-item-price-wrapper\u0022\u003E\n            \n\n        \u003Cdiv class=\u0022price-current\u0022\u003E35 054 K\u010d\u003C\/div\u003E\n    \u003Cdiv class=\u0022price-info\u0022\u003E28 970 K\u010d bez DPH\u003C\/div\u003E        \u003C\/div\u003E\n        \u003Cdiv class=\u0022product-tile-item-availability-wrapper\u0022\u003E\n            \u003Cdiv class=\u0022availability\u0022\u003E\u003Cspan class=\u0022availability-icon icon-glass-hour\u0022\u003E\u003C\/span\u003E do 42 dn\u016f\u003C\/div\u003E        \u003C\/div\u003E\n        \u003Cdiv\u003E\n            \n    \n    \n\n\n        \u003C\/div\u003E\n    \u003C\/div\u003E\n\u003C\/div\u003E\n\u003Cdiv class=\u0022product-tile-item-extended-info\u0022\u003E\n\n            \u003Cdiv class=\u0022product-tile-item-description\u0022\u003E\n            \u003Cp\u003EElegantn\u00ed st\u016fl v mnoha barevn\u00fdch kombinac\u00edch.\u003C\/p\u003E\n        \u003C\/div\u003E\n                \u003Cdiv class=\u0022product-tile-item-services\u0022\u003E\n        \u003Ca href=\u0022\/product\/favourite\/add\/2462\u0022 class=\u0022service-item \u0022 data-product-favourite=\u00222462\u0022 data-method=\u0022POST\u0022\u003E\u003Cspan class=\u0022icon-heart\u0022\u003E\u003C\/span\u003E Obl\u00edben\u00e9\u003C\/a\u003E        \u003Cspan class=\u0022service-item\u0022\u003E\u003Cspan class=\u0022icon-chart\u0022\u003E\u003C\/span\u003E MRVT140000\u003C\/span\u003E\n    \u003C\/div\u003E\n    \n            \n    \u003Cdiv class=\u0022product-tile-item-action-wrapper\u0022\u003E\n        \u003Ca href=\u0022\/stredni-stul-revo-mt140-mrvt140000\u0022 class=\u0022btn-tile\u0022\n           data-text-desktop=\u0022Detail produktu\u0022\n           data-text-mobile=\u0022Detail\u0022\u003E\u003C\/a\u003E\n                    \u003Ca href=\u0022\/stredni-stul-revo-mt140-mrvt140000\u0022\n               class=\u0022btn-tile btn-icon-right\u0022\u003E\n                \u003Cspan class=\u0022icon-shopping-cart\u0022\u003E\u003C\/span\u003E\n                \u003Cspan class=\u0022btn-tile-text\u0022\u003EKoupit\u003C\/span\u003E\n            \u003C\/a\u003E\n            \u003C\/div\u003E\n    \u003C\/div\u003E        \u003C\/div\u003E\n                    \u003C\/div\u003E\n\u003C\/div\u003E            \u003Cdiv class=\u0022product-tile-item js-product-tile js-block-preloader\u0022 id=\u0022js-product-tile-2479\u0022\u003E\n    \u003Cdiv class=\u0022product-tile-item-foreground js-product-tile-foreground with-variants\u0022\u003E\n        \u003Cdiv class=\u0022product-tile-item-info-wrapper\u0022 id=\u0022js-product-tile-2479-info\u0022\u003E\n            \u003Cdiv class=\u0022product-tile-item-basic-info\u0022\u003E\n    \u003Cdiv class=\u0022product-tile-item-image-wrapper position-relative\u0022\u003E\n        \u003Cdiv class=\u0022product-tile-item-image\u0022\u003E\n                        \u003Ca href=\u0022\/stolek-vitalo-ta-b-vyska-podnoze-680-mm-ta-b\u0022\u003E\n                \u003Cpicture\u003E\n                    \u003Cimg\n                            src=\u0022\u0022\n                            data-src=\u0022https:\/\/www.kresla-zidle.cz\/temp\/product\/list\/ta-b-2.png\u0022\n                            alt=\u0022Stolek VITALO TA B - v\u00fd\u0161ka podno\u017ee 680 mm, kulat\u00e1 deska stolu\u0022\n                            class=\u0022img-fluid js-lazy-img\u0022\u003E\n                \u003C\/picture\u003E\n            \u003C\/a\u003E\n        \u003C\/div\u003E\n        \u003Cdiv class=\u0022product-tile-item-tags-wrapper\u0022\u003E\n    \u003Cdiv class=\u0022product-item-tags-left\u0022\u003E\n                                                    \u003C\/div\u003E\n    \u003Cdiv class=\u0022product-item-tags-right\u0022\u003E\n                                                                                \u003Cdiv class=\u0022product-tile-tags-manufacturer\u0022\u003E\n                \u003Ca href=\u0022\/rim\u0022\u003E\n                    \u003Cimg src=\u0022https:\/\/www.kresla-zidle.cz\/images\/manufacturer-front-tag\/7.png\u0022 alt=\u0022RIM\u0022 class=\u0022img-fluid\u0022 loading=\u0022lazy\u0022\u003E\n                \u003C\/a\u003E\n            \u003C\/div\u003E\n            \u003C\/div\u003E\n\u003C\/div\u003E    \u003C\/div\u003E\n\n                \n    \u003Cdiv class=\u0022product-tile-item-heading-info\u0022\u003E\n        \u003Cdiv class=\u0022product-tile-category\u0022\u003EJ\u00eddelna a restaurace\u003C\/div\u003E        \u003Ch2 class=\u0022product-tile-heading\u0022\u003E\u003Ca href=\u0022\/stolek-vitalo-ta-b-vyska-podnoze-680-mm-ta-b\u0022\u003EStolek VITALO TA B - v\u00fd\u0161ka podno\u017ee 680 mm\u003C\/a\u003E\u003C\/h2\u003E\n    \u003C\/div\u003E\n    \u003Cdiv class=\u0022product-tile-item-params\u0022\u003E\n                                                                                        \u003Cdiv class=\u0022product-tile-item-params__item\u0022\u003E\n                                            \u003C\/div\u003E\n                                                                                    \u003Cdiv class=\u0022product-tile-item-params__item\u0022\u003E\n                                                    St\u0159edov\u00e1 noha\n                            \n                                            \u003C\/div\u003E\n                                                                                    \u003Cdiv class=\u0022product-tile-item-params__item\u0022\u003E\n                                                    5 let\n                            \n                                            \u003C\/div\u003E\n                                                                                    \u003Cdiv class=\u0022product-tile-item-params__item\u0022\u003E\n                                                    Kruh, \u010ctverec\n                            \n                                            \u003C\/div\u003E\n                                                                                                \u003C\/div\u003E\n    \u003Cdiv class=\u0022product-tile-item-price-availability\u0022\u003E\n        \u003Cdiv class=\u0022product-tile-item-price-wrapper\u0022\u003E\n            \n\n        \u003Cdiv class=\u0022price-current\u0022\u003E7 611 K\u010d\u003C\/div\u003E\n    \u003Cdiv class=\u0022price-info\u0022\u003E6 290 K\u010d bez DPH\u003C\/div\u003E        \u003C\/div\u003E\n        \u003Cdiv class=\u0022product-tile-item-availability-wrapper\u0022\u003E\n            \u003Cdiv class=\u0022availability\u0022 style=\u0022color: #fb8908;\u0022\u003E\u003Cspan class=\u0022availability-icon icon-glass-hour\u0022\u003E\u003C\/span\u003E do 35 dn\u016f\u003C\/div\u003E        \u003C\/div\u003E\n        \u003Cdiv\u003E\n            \n    \n    \n\n\n        \u003C\/div\u003E\n    \u003C\/div\u003E\n\u003C\/div\u003E\n\u003Cdiv class=\u0022product-tile-item-extended-info\u0022\u003E\n\n            \u003Cdiv class=\u0022product-tile-item-description\u0022\u003E\n            \u003Cp\u003EStolek s kovovou diskovou podno\u017e\u00ed a LTD deskou.\u003C\/p\u003E\n        \u003C\/div\u003E\n                \u003Cdiv class=\u0022product-tile-item-services\u0022\u003E\n        \u003Ca href=\u0022\/product\/favourite\/add\/2479\u0022 class=\u0022service-item \u0022 data-product-favourite=\u00222479\u0022 data-method=\u0022POST\u0022\u003E\u003Cspan class=\u0022icon-heart\u0022\u003E\u003C\/span\u003E Obl\u00edben\u00e9\u003C\/a\u003E        \u003Cspan class=\u0022service-item\u0022\u003E\u003Cspan class=\u0022icon-chart\u0022\u003E\u003C\/span\u003E TA B\u003C\/span\u003E\n    \u003C\/div\u003E\n    \n            \n    \u003Cdiv class=\u0022product-tile-item-action-wrapper\u0022\u003E\n        \u003Ca href=\u0022\/stolek-vitalo-ta-b-vyska-podnoze-680-mm-ta-b\u0022 class=\u0022btn-tile\u0022\n           data-text-desktop=\u0022Detail produktu\u0022\n           data-text-mobile=\u0022Detail\u0022\u003E\u003C\/a\u003E\n                    \u003Ca href=\u0022\/stolek-vitalo-ta-b-vyska-podnoze-680-mm-ta-b\u0022\n               class=\u0022btn-tile btn-icon-right\u0022\u003E\n                \u003Cspan class=\u0022icon-shopping-cart\u0022\u003E\u003C\/span\u003E\n                \u003Cspan class=\u0022btn-tile-text\u0022\u003EKoupit\u003C\/span\u003E\n            \u003C\/a\u003E\n            \u003C\/div\u003E\n    \u003C\/div\u003E        \u003C\/div\u003E\n                            \u003Cdiv class=\u0022product-tile-item-variants js-product-item-variants\u0022\u003E\n                                                \u003Ca href=\u0022\/stolek-vitalo-ta-b-vyska-podnoze-680-mm-ta-b\u0022\n                   class=\u0022tile-varinat-tab js-variant-item js-ajax active\u0022\n                   data-show-preloader=\u00220\u0022\n                   data-href=\u0022\/product-list-tile\/2975\/2479?renderParameterIds%5B0%5D=7\u0026amp;renderParameterIds%5B1%5D=117\u0026amp;renderParameterIds%5B2%5D=143\u0026amp;renderParameterIds%5B3%5D=145\u0026amp;renderParameterIds%5B4%5D=150\u0026amp;renderParameterIds%5B5%5D=214\u0022\n                   data-toggle=\u0022tooltip\u0022 title=\u0022Stolek VITALO TA B - v\u00fd\u0161ka podno\u017ee 680 mm\u0022\n                   data-placement=\u0022left\u0022\u003E\n\n                    \n                    \u003Cimg src=\u0022\u0022 data-src=\u0022https:\/\/www.kresla-zidle.cz\/temp\/product\/list\/ta-b-2.png\u0022 class=\u0022img-fluid js-lazy-img\u0022 alt=\u0022Stolek VITALO TA B - v\u00fd\u0161ka podno\u017ee 680 mm\u0022 loading=\u0022lazy\u0022\u003E\n                \u003C\/a\u003E\n                                                                            \u003Ca href=\u0022\/stolek-vitalo-ta-b-vyska-podnoze-760-mm-ta-b\u0022\n                       class=\u0022tile-varinat-tab js-variant-item js-ajax\u0022\n                       data-show-preloader=\u00220\u0022\n                       data-href=\u0022\/product-list-tile\/2976\/2479?renderParameterIds%5B0%5D=7\u0026amp;renderParameterIds%5B1%5D=117\u0026amp;renderParameterIds%5B2%5D=143\u0026amp;renderParameterIds%5B3%5D=145\u0026amp;renderParameterIds%5B4%5D=150\u0026amp;renderParameterIds%5B5%5D=214\u0022\n                       data-toggle=\u0022tooltip\u0022 title=\u0022Stolek VITALO TA B - v\u00fd\u0161ka podno\u017ee 760 mm\u0022\n                       data-placement=\u0022left\u0022\u003E\n\n                        \n                        \u003Cimg src=\u0022\u0022 data-src=\u0022https:\/\/www.kresla-zidle.cz\/temp\/product\/list\/ta-b-3.png\u0022 alt=\u0022Stolek VITALO TA B - v\u00fd\u0161ka podno\u017ee 760 mm\u0022 class=\u0022img-fluid js-lazy-img\u0022 loading=\u0022lazy\u0022\u003E\n                    \u003C\/a\u003E\n                                                                            \u003Ca href=\u0022\/stolek-vitalo-ta-b-vyska-podnoze-1100-mm-ta-b\u0022\n                       class=\u0022tile-varinat-tab js-variant-item js-ajax\u0022\n                       data-show-preloader=\u00220\u0022\n                       data-href=\u0022\/product-list-tile\/2977\/2479?renderParameterIds%5B0%5D=7\u0026amp;renderParameterIds%5B1%5D=117\u0026amp;renderParameterIds%5B2%5D=143\u0026amp;renderParameterIds%5B3%5D=145\u0026amp;renderParameterIds%5B4%5D=150\u0026amp;renderParameterIds%5B5%5D=214\u0022\n                       data-toggle=\u0022tooltip\u0022 title=\u0022Stolek VITALO TA B - v\u00fd\u0161ka podno\u017ee 1100 mm\u0022\n                       data-placement=\u0022left\u0022\u003E\n\n                        \n                        \u003Cimg src=\u0022\u0022 data-src=\u0022https:\/\/www.kresla-zidle.cz\/temp\/product\/list\/ta-b-4.png\u0022 alt=\u0022Stolek VITALO TA B - v\u00fd\u0161ka podno\u017ee 1100 mm\u0022 class=\u0022img-fluid js-lazy-img\u0022 loading=\u0022lazy\u0022\u003E\n                    \u003C\/a\u003E\n                            \u003C\/div\u003E\n            \u003C\/div\u003E\n\u003C\/div\u003E            \u003Cdiv class=\u0022product-tile-item js-product-tile js-block-preloader\u0022 id=\u0022js-product-tile-2480\u0022\u003E\n    \u003Cdiv class=\u0022product-tile-item-foreground js-product-tile-foreground with-variants\u0022\u003E\n        \u003Cdiv class=\u0022product-tile-item-info-wrapper\u0022 id=\u0022js-product-tile-2480-info\u0022\u003E\n            \u003Cdiv class=\u0022product-tile-item-basic-info\u0022\u003E\n    \u003Cdiv class=\u0022product-tile-item-image-wrapper position-relative\u0022\u003E\n        \u003Cdiv class=\u0022product-tile-item-image\u0022\u003E\n                        \u003Ca href=\u0022\/stolek-vitalo-ta-c-vyska-podnoze-760-mm-ta-c\u0022\u003E\n                \u003Cpicture\u003E\n                    \u003Cimg\n                            src=\u0022\u0022\n                            data-src=\u0022https:\/\/www.kresla-zidle.cz\/temp\/product\/list\/ta-c-2.png\u0022\n                            alt=\u0022Stolek VITALO TA C - v\u00fd\u0161ka podno\u017ee 760 mm, zaoblen\u00e1 deska stolu\u0022\n                            class=\u0022img-fluid js-lazy-img\u0022\u003E\n                \u003C\/picture\u003E\n            \u003C\/a\u003E\n        \u003C\/div\u003E\n        \u003Cdiv class=\u0022product-tile-item-tags-wrapper\u0022\u003E\n    \u003Cdiv class=\u0022product-item-tags-left\u0022\u003E\n                                                    \u003C\/div\u003E\n    \u003Cdiv class=\u0022product-item-tags-right\u0022\u003E\n                                                                                \u003Cdiv class=\u0022product-tile-tags-manufacturer\u0022\u003E\n                \u003Ca href=\u0022\/rim\u0022\u003E\n                    \u003Cimg src=\u0022https:\/\/www.kresla-zidle.cz\/images\/manufacturer-front-tag\/7.png\u0022 alt=\u0022RIM\u0022 class=\u0022img-fluid\u0022 loading=\u0022lazy\u0022\u003E\n                \u003C\/a\u003E\n            \u003C\/div\u003E\n            \u003C\/div\u003E\n\u003C\/div\u003E    \u003C\/div\u003E\n\n                \n    \u003Cdiv class=\u0022product-tile-item-heading-info\u0022\u003E\n        \u003Cdiv class=\u0022product-tile-category\u0022\u003EJ\u00eddelna a restaurace\u003C\/div\u003E        \u003Ch2 class=\u0022product-tile-heading\u0022\u003E\u003Ca href=\u0022\/stolek-vitalo-ta-c-vyska-podnoze-760-mm-ta-c\u0022\u003EStolek VITALO TA C - v\u00fd\u0161ka podno\u017ee 760 mm\u003C\/a\u003E\u003C\/h2\u003E\n    \u003C\/div\u003E\n    \u003Cdiv class=\u0022product-tile-item-params\u0022\u003E\n                                                                                        \u003Cdiv class=\u0022product-tile-item-params__item\u0022\u003E\n                                            \u003C\/div\u003E\n                                                                                    \u003Cdiv class=\u0022product-tile-item-params__item\u0022\u003E\n                                                    St\u0159edov\u00e1 noha\n                            \n                                            \u003C\/div\u003E\n                                                                                    \u003Cdiv class=\u0022product-tile-item-params__item\u0022\u003E\n                                                    5 let\n                            \n                                            \u003C\/div\u003E\n                                                                                    \u003Cdiv class=\u0022product-tile-item-params__item\u0022\u003E\n                                                    Kruh, \u010ctverec\n                            \n                                            \u003C\/div\u003E\n                                                                                                \u003C\/div\u003E\n    \u003Cdiv class=\u0022product-tile-item-price-availability\u0022\u003E\n        \u003Cdiv class=\u0022product-tile-item-price-wrapper\u0022\u003E\n            \n\n        \u003Cdiv class=\u0022price-current\u0022\u003E10 394 K\u010d\u003C\/div\u003E\n    \u003Cdiv class=\u0022price-info\u0022\u003E8 590 K\u010d bez DPH\u003C\/div\u003E        \u003C\/div\u003E\n        \u003Cdiv class=\u0022product-tile-item-availability-wrapper\u0022\u003E\n            \u003Cdiv class=\u0022availability\u0022 style=\u0022color: #fb8908;\u0022\u003E\u003Cspan class=\u0022availability-icon icon-glass-hour\u0022\u003E\u003C\/span\u003E do 35 dn\u016f\u003C\/div\u003E        \u003C\/div\u003E\n        \u003Cdiv\u003E\n            \n    \n    \n\n\n        \u003C\/div\u003E\n    \u003C\/div\u003E\n\u003C\/div\u003E\n\u003Cdiv class=\u0022product-tile-item-extended-info\u0022\u003E\n\n            \u003Cdiv class=\u0022product-tile-item-description\u0022\u003E\n            \u003Cp\u003EStolek s kovovou diskovou podno\u017e\u00ed a LTD deskou.\u003C\/p\u003E\n        \u003C\/div\u003E\n                \u003Cdiv class=\u0022product-tile-item-services\u0022\u003E\n        \u003Ca href=\u0022\/product\/favourite\/add\/2480\u0022 class=\u0022service-item \u0022 data-product-favourite=\u00222480\u0022 data-method=\u0022POST\u0022\u003E\u003Cspan class=\u0022icon-heart\u0022\u003E\u003C\/span\u003E Obl\u00edben\u00e9\u003C\/a\u003E        \u003Cspan class=\u0022service-item\u0022\u003E\u003Cspan class=\u0022icon-chart\u0022\u003E\u003C\/span\u003E TA C\u003C\/span\u003E\n    \u003C\/div\u003E\n    \n            \n    \u003Cdiv class=\u0022product-tile-item-action-wrapper\u0022\u003E\n        \u003Ca href=\u0022\/stolek-vitalo-ta-c-vyska-podnoze-760-mm-ta-c\u0022 class=\u0022btn-tile\u0022\n           data-text-desktop=\u0022Detail produktu\u0022\n           data-text-mobile=\u0022Detail\u0022\u003E\u003C\/a\u003E\n                    \u003Ca href=\u0022\/stolek-vitalo-ta-c-vyska-podnoze-760-mm-ta-c\u0022\n               class=\u0022btn-tile btn-icon-right\u0022\u003E\n                \u003Cspan class=\u0022icon-shopping-cart\u0022\u003E\u003C\/span\u003E\n                \u003Cspan class=\u0022btn-tile-text\u0022\u003EKoupit\u003C\/span\u003E\n            \u003C\/a\u003E\n            \u003C\/div\u003E\n    \u003C\/div\u003E        \u003C\/div\u003E\n                            \u003Cdiv class=\u0022product-tile-item-variants js-product-item-variants\u0022\u003E\n                                                \u003Ca href=\u0022\/stolek-vitalo-ta-c-vyska-podnoze-760-mm-ta-c\u0022\n                   class=\u0022tile-varinat-tab js-variant-item js-ajax active\u0022\n                   data-show-preloader=\u00220\u0022\n                   data-href=\u0022\/product-list-tile\/2979\/2480?renderParameterIds%5B0%5D=7\u0026amp;renderParameterIds%5B1%5D=117\u0026amp;renderParameterIds%5B2%5D=143\u0026amp;renderParameterIds%5B3%5D=145\u0026amp;renderParameterIds%5B4%5D=150\u0026amp;renderParameterIds%5B5%5D=214\u0022\n                   data-toggle=\u0022tooltip\u0022 title=\u0022Stolek VITALO TA C - v\u00fd\u0161ka podno\u017ee 760 mm\u0022\n                   data-placement=\u0022left\u0022\u003E\n\n                    \n                    \u003Cimg src=\u0022\u0022 data-src=\u0022https:\/\/www.kresla-zidle.cz\/temp\/product\/list\/ta-c-2.png\u0022 class=\u0022img-fluid js-lazy-img\u0022 alt=\u0022Stolek VITALO TA C - v\u00fd\u0161ka podno\u017ee 760 mm\u0022 loading=\u0022lazy\u0022\u003E\n                \u003C\/a\u003E\n                                                                            \u003Ca href=\u0022\/stolek-vitalo-ta-c-vyska-podnoze-1100-mm-ta-c\u0022\n                       class=\u0022tile-varinat-tab js-variant-item js-ajax\u0022\n                       data-show-preloader=\u00220\u0022\n                       data-href=\u0022\/product-list-tile\/2980\/2480?renderParameterIds%5B0%5D=7\u0026amp;renderParameterIds%5B1%5D=117\u0026amp;renderParameterIds%5B2%5D=143\u0026amp;renderParameterIds%5B3%5D=145\u0026amp;renderParameterIds%5B4%5D=150\u0026amp;renderParameterIds%5B5%5D=214\u0022\n                       data-toggle=\u0022tooltip\u0022 title=\u0022Stolek VITALO TA C - v\u00fd\u0161ka podno\u017ee 1100 mm\u0022\n                       data-placement=\u0022left\u0022\u003E\n\n                        \n                        \u003Cimg src=\u0022\u0022 data-src=\u0022https:\/\/www.kresla-zidle.cz\/temp\/product\/list\/ta-c-1.png\u0022 alt=\u0022Stolek VITALO TA C - v\u00fd\u0161ka podno\u017ee 1100 mm\u0022 class=\u0022img-fluid js-lazy-img\u0022 loading=\u0022lazy\u0022\u003E\n                    \u003C\/a\u003E\n                            \u003C\/div\u003E\n            \u003C\/div\u003E\n\u003C\/div\u003E            \u003Cdiv class=\u0022product-tile-item js-product-tile js-block-preloader\u0022 id=\u0022js-product-tile-2566\u0022\u003E\n    \u003Cdiv class=\u0022product-tile-item-foreground js-product-tile-foreground\u0022\u003E\n        \u003Cdiv class=\u0022product-tile-item-info-wrapper\u0022 id=\u0022js-product-tile-2566-info\u0022\u003E\n            \u003Cdiv class=\u0022product-tile-item-basic-info\u0022\u003E\n    \u003Cdiv class=\u0022product-tile-item-image-wrapper position-relative\u0022\u003E\n        \u003Cdiv class=\u0022product-tile-item-image\u0022\u003E\n                        \u003Ca href=\u0022\/konferencni-stolek-chic-table-cs30-mphcs30000\u0022\u003E\n                \u003Cpicture\u003E\n                    \u003Cimg\n                            src=\u0022\u0022\n                            data-src=\u0022https:\/\/www.kresla-zidle.cz\/temp\/product\/list\/chic-cs30-2.png\u0022\n                            alt=\u0022CHIC table CS30\u0022\n                            class=\u0022img-fluid js-lazy-img\u0022\u003E\n                \u003C\/picture\u003E\n            \u003C\/a\u003E\n        \u003C\/div\u003E\n        \u003Cdiv class=\u0022product-tile-item-tags-wrapper\u0022\u003E\n    \u003Cdiv class=\u0022product-item-tags-left\u0022\u003E\n                                                    \u003C\/div\u003E\n    \u003Cdiv class=\u0022product-item-tags-right\u0022\u003E\n                                                                                \u003Cdiv class=\u0022product-tile-tags-manufacturer\u0022\u003E\n                \u003Ca href=\u0022\/profim\u0022\u003E\n                    \u003Cimg src=\u0022https:\/\/www.kresla-zidle.cz\/images\/manufacturer-front-tag\/1.png\u0022 alt=\u0022Profim\u0022 class=\u0022img-fluid\u0022 loading=\u0022lazy\u0022\u003E\n                \u003C\/a\u003E\n            \u003C\/div\u003E\n            \u003C\/div\u003E\n\u003C\/div\u003E    \u003C\/div\u003E\n\n                \n    \u003Cdiv class=\u0022product-tile-item-heading-info\u0022\u003E\n        \u003Cdiv class=\u0022product-tile-category\u0022\u003EJ\u00eddelna a restaurace\u003C\/div\u003E        \u003Ch2 class=\u0022product-tile-heading\u0022\u003E\u003Ca href=\u0022\/konferencni-stolek-chic-table-cs30-mphcs30000\u0022\u003EKonferen\u010dn\u00ed stolek CHIC TABLE CS30\u003C\/a\u003E\u003C\/h2\u003E\n    \u003C\/div\u003E\n    \u003Cdiv class=\u0022product-tile-item-params\u0022\u003E\n                                                                                        \u003Cdiv class=\u0022product-tile-item-params__item\u0022\u003E\n                                                    kov\n                            \n                                            \u003C\/div\u003E\n                                                                                    \u003Cdiv class=\u0022product-tile-item-params__item\u0022\u003E\n                                            \u003C\/div\u003E\n                                                                                    \u003Cdiv class=\u0022product-tile-item-params__item\u0022\u003E\n                                                    5 let\n                            \n                                            \u003C\/div\u003E\n                                                                                    \u003Cdiv class=\u0022product-tile-item-params__item\u0022\u003E\n                                            \u003C\/div\u003E\n                                                                                                \u003C\/div\u003E\n    \u003Cdiv class=\u0022product-tile-item-price-availability\u0022\u003E\n        \u003Cdiv class=\u0022product-tile-item-price-wrapper\u0022\u003E\n            \n\n        \u003Cdiv class=\u0022price-current\u0022\u003E8 507 K\u010d\u003C\/div\u003E\n    \u003Cdiv class=\u0022price-info\u0022\u003E7 030 K\u010d bez DPH\u003C\/div\u003E        \u003C\/div\u003E\n        \u003Cdiv class=\u0022product-tile-item-availability-wrapper\u0022\u003E\n            \u003Cdiv class=\u0022availability\u0022 style=\u0022color: #fb8908;\u0022\u003E\u003Cspan class=\u0022availability-icon icon-glass-hour\u0022\u003E\u003C\/span\u003E do 28 dn\u016f\u003C\/div\u003E        \u003C\/div\u003E\n        \u003Cdiv\u003E\n            \n    \n    \n\n\n        \u003C\/div\u003E\n    \u003C\/div\u003E\n\u003C\/div\u003E\n\u003Cdiv class=\u0022product-tile-item-extended-info\u0022\u003E\n\n            \u003Cdiv class=\u0022product-tile-item-description\u0022\u003E\n            \u003Cp\u003EKonferen\u010dn\u00ed stolek s kovovou podno\u017e\u00ed.\u003C\/p\u003E\n        \u003C\/div\u003E\n                \u003Cdiv class=\u0022product-tile-item-services\u0022\u003E\n        \u003Ca href=\u0022\/product\/favourite\/add\/2566\u0022 class=\u0022service-item \u0022 data-product-favourite=\u00222566\u0022 data-method=\u0022POST\u0022\u003E\u003Cspan class=\u0022icon-heart\u0022\u003E\u003C\/span\u003E Obl\u00edben\u00e9\u003C\/a\u003E        \u003Cspan class=\u0022service-item\u0022\u003E\u003Cspan class=\u0022icon-chart\u0022\u003E\u003C\/span\u003E MPHCS30000\u003C\/span\u003E\n    \u003C\/div\u003E\n    \n            \n    \u003Cdiv class=\u0022product-tile-item-action-wrapper\u0022\u003E\n        \u003Ca href=\u0022\/konferencni-stolek-chic-table-cs30-mphcs30000\u0022 class=\u0022btn-tile\u0022\n           data-text-desktop=\u0022Detail produktu\u0022\n           data-text-mobile=\u0022Detail\u0022\u003E\u003C\/a\u003E\n                    \u003Ca href=\u0022\/konferencni-stolek-chic-table-cs30-mphcs30000\u0022\n               class=\u0022btn-tile btn-icon-right\u0022\u003E\n                \u003Cspan class=\u0022icon-shopping-cart\u0022\u003E\u003C\/span\u003E\n                \u003Cspan class=\u0022btn-tile-text\u0022\u003EKoupit\u003C\/span\u003E\n            \u003C\/a\u003E\n            \u003C\/div\u003E\n    \u003C\/div\u003E        \u003C\/div\u003E\n                    \u003C\/div\u003E\n\u003C\/div\u003E","action":"append"},"#js-pagination-wrapper":{"html":"\u003Cdiv class=\u0022product-list-tiles-pagination\u0022 id=\u0022js-pagination-wrapper\u0022\u003E\n                                        \n    \u003Cdiv class=\u0022product-list-tiles-more-wrapper\u0022 id=\u0022js-pagination-show-more\u0022\u003E\n                    \u003Ca href=\u0022https:\/\/www.kresla-zidle.cz\/product-category\/111\/show-more-products?displayedPages=2\u0026amp;page=2\u0022\n               class=\u0022btn btn-bg-main chevron-right js-ajax\u0022\u003EZobrazit dal\u0161\u00ed\u003C\/a\u003E\n                \u003Cdiv class=\u0022product-list-tiles-more-note\u0022\u003Ezobrazeno 48 z 64\u003C\/div\u003E\n    \u003C\/div\u003E\n    \u003Cdiv class=\u0022product-list-tiles-pagination-wrapper\u0022\u003E\n        \u003Cul class=\u0022pagination\u0022\u003E\n            \u003Cli class=\u0022page-item-break\u0022\u003E\u003C\/li\u003E\n            \u003Cli class=\u0022page-item pagination-item-left\u0022\u003E\n                \u003Ca class=\u0022page-link js-product-scroll  js-ajax\u0022\n                   href=\u0022\/konferencni-stolky?page=1\u0026amp;displayedPages=1\u0022\u003E\u003Cspan\n                            class=\u0022icon-double-chevron-left\u0022\u003E\u003C\/span\u003E\u003C\/a\u003E\n            \u003C\/li\u003E\n\n                        \u003Cli class=\u0022page-item pagination-item-left\u0022\u003E\n                \u003Ca class=\u0022page-link js-product-scroll  js-ajax\u0022\n                   href=\u0022\/konferencni-stolky?page=1\u0026amp;displayedPages=1\u0022\u003E\u003Cspan\n                            class=\u0022icon-arrow-left\u0022\u003E\u003C\/span\u003E\u003C\/a\u003E\n            \u003C\/li\u003E\n\n                            \u003Cli class=\u0022page-item\u0022\u003E\n                    \u003Ca class=\u0022page-link js-product-scroll  js-ajax\u0022\n                       href=\u0022\/konferencni-stolky?page=1\u0026amp;displayedPages=1\u0022\u003E1\u003C\/a\u003E\n                \u003C\/li\u003E\n                            \u003Cli class=\u0022page-item active\u0022\u003E\n                    \u003Ca class=\u0022page-link js-product-scroll  js-ajax\u0022\n                       href=\u0022\/konferencni-stolky?page=2\u0026amp;displayedPages=1\u0022\u003E2\u003C\/a\u003E\n                \u003C\/li\u003E\n                            \u003Cli class=\u0022page-item\u0022\u003E\n                    \u003Ca class=\u0022page-link js-product-scroll  js-ajax\u0022\n                       href=\u0022\/konferencni-stolky?page=3\u0026amp;displayedPages=1\u0022\u003E3\u003C\/a\u003E\n                \u003C\/li\u003E\n            \n                        \u003Cli class=\u0022page-item pagination-item-right\u0022\u003E\n                \u003Ca class=\u0022page-link js-product-scroll  js-ajax\u0022\n                   href=\u0022\/konferencni-stolky?page=3\u0026amp;displayedPages=1\u0022\u003E\u003Cspan\n                            class=\u0022icon-arrow-right\u0022\u003E\u003C\/span\u003E\u003C\/a\u003E\n            \u003C\/li\u003E\n\n            \u003Cli class=\u0022page-item pagination-item-right\u0022\u003E\n                \u003Ca class=\u0022page-link js-product-scroll  js-ajax\u0022\n                   href=\u0022\/konferencni-stolky?page=3\u0026amp;displayedPages=1\u0022\u003E\u003Cspan\n                            class=\u0022icon-double-chevron-right\u0022\u003E\u003C\/span\u003E\u003C\/a\u003E\n            \u003C\/li\u003E\n        \u003C\/ul\u003E\n    \u003C\/div\u003E\n\n\u003C\/div\u003E","action":"replace"}},"actions":{"historyPushState":{"url":"\/konferencni-stolky?displayedPages=2\u0026page=2","state":[],"title":"stateChange"}},"payload":[]}