{"snippets":{"#js-product-list-items-wrapper":{"html":"            \u003Cdiv class=\u0022product-tile-item js-product-tile js-block-preloader\u0022 id=\u0022js-product-tile-2716\u0022\u003E\n    \u003Cdiv class=\u0022product-tile-item-foreground js-product-tile-foreground\u0022\u003E\n        \u003Cdiv class=\u0022product-tile-item-info-wrapper\u0022 id=\u0022js-product-tile-2716-info\u0022\u003E\n            \u003Cdiv class=\u0022product-tile-item-basic-info\u0022\u003E\n    \u003Cdiv class=\u0022product-tile-item-image-wrapper position-relative\u0022\u003E\n        \u003Cdiv class=\u0022product-tile-item-image\u0022\u003E\n                        \u003Ca href=\u0022\/medi-1283-g-dent-max-zdravotnicka-stolicka-nosnost-150-kg-1283gdent-max\u0022\u003E\n                \u003Cpicture\u003E\n                    \u003Cimg\n                            src=\u0022\u0022\n                            data-src=\u0022https:\/\/www.kresla-zidle.cz\/temp\/product\/list\/1283-g-dent-30-518.png\u0022\n                            alt=\u0022Zdravotnick\u00e1 stoli\u010dka 1283 G dent\u0022\n                            class=\u0022img-fluid js-lazy-img\u0022\u003E\n                \u003C\/picture\u003E\n            \u003C\/a\u003E\n        \u003C\/div\u003E\n        \u003Cdiv class=\u0022product-tile-item-tags-wrapper\u0022\u003E\n    \u003Cdiv class=\u0022product-item-tags-left\u0022\u003E\n                                                    \u003C\/div\u003E\n    \u003Cdiv class=\u0022product-item-tags-right\u0022\u003E\n                                                                                \u003Cdiv class=\u0022product-tile-tags-manufacturer\u0022\u003E\n                \u003Ca href=\u0022\/mayer\u0022\u003E\n                    \u003Cimg src=\u0022https:\/\/www.kresla-zidle.cz\/images\/manufacturer-front-tag\/14.png\u0022 alt=\u0022MAYER\u0022 class=\u0022img-fluid\u0022 loading=\u0022lazy\u0022\u003E\n                \u003C\/a\u003E\n            \u003C\/div\u003E\n            \u003C\/div\u003E\n\u003C\/div\u003E    \u003C\/div\u003E\n\n                \n    \u003Cdiv class=\u0022product-tile-item-heading-info\u0022\u003E\n        \u003Cdiv class=\u0022product-tile-category\u0022\u003ELaboratorn\u00ed a zdravotn\u00ed \u017eidle\u003C\/div\u003E        \u003Ch2 class=\u0022product-tile-heading\u0022\u003E\u003Ca href=\u0022\/medi-1283-g-dent-max-zdravotnicka-stolicka-nosnost-150-kg-1283gdent-max\u0022\u003EMEDI 1283 G dent MAX zdravotnick\u00e1 stoli\u010dka - nosnost 150 kg\u003C\/a\u003E\u003C\/h2\u003E\n    \u003C\/div\u003E\n    \u003Cdiv class=\u0022product-tile-item-params\u0022\u003E\n                                            \u003C\/div\u003E\n    \u003Cdiv class=\u0022product-tile-item-price-availability\u0022\u003E\n        \u003Cdiv class=\u0022product-tile-item-price-wrapper\u0022\u003E\n            \n\n        \u003Cdiv class=\u0022price-current\u0022\u003E8 954 K\u010d\u003C\/div\u003E\n    \u003Cdiv class=\u0022price-info\u0022\u003E7 400 K\u010d bez DPH\u003C\/div\u003E        \u003C\/div\u003E\n        \u003Cdiv class=\u0022product-tile-item-availability-wrapper\u0022\u003E\n            \u003Cdiv class=\u0022availability\u0022\u003E\u003Cspan class=\u0022availability-icon icon-glass-hour\u0022\u003E\u003C\/span\u003E do 7 dn\u016f\u003C\/div\u003E        \u003C\/div\u003E\n        \u003Cdiv\u003E\n            \n    \n    \n\n\n        \u003C\/div\u003E\n    \u003C\/div\u003E\n\u003C\/div\u003E\n\u003Cdiv class=\u0022product-tile-item-extended-info\u0022\u003E\n\n            \u003Cdiv class=\u0022product-tile-item-description\u0022\u003E\n            \u003Cp\u003EOrdina\u010dn\u00ed stoli\u010dka vysok\u00e1 se z\u00e1dovou op\u011brkou a zv\u00fd\u0161enou nosnost\u00ed.\u003C\/p\u003E\n        \u003C\/div\u003E\n                \u003Cdiv class=\u0022product-tile-item-services\u0022\u003E\n        \u003Ca href=\u0022\/product\/favourite\/add\/2716\u0022 class=\u0022service-item \u0022 data-product-favourite=\u00222716\u0022 data-method=\u0022POST\u0022\u003E\u003Cspan class=\u0022icon-heart\u0022\u003E\u003C\/span\u003E Obl\u00edben\u00e9\u003C\/a\u003E        \u003Cspan class=\u0022service-item\u0022\u003E\u003Cspan class=\u0022icon-chart\u0022\u003E\u003C\/span\u003E 1283Gdent MAX\u003C\/span\u003E\n    \u003C\/div\u003E\n    \n            \n    \u003Cdiv class=\u0022product-tile-item-action-wrapper\u0022\u003E\n        \u003Ca href=\u0022\/medi-1283-g-dent-max-zdravotnicka-stolicka-nosnost-150-kg-1283gdent-max\u0022 class=\u0022btn-tile\u0022\n           data-text-desktop=\u0022Detail produktu\u0022\n           data-text-mobile=\u0022Detail\u0022\u003E\u003C\/a\u003E\n                    \u003Ca href=\u0022\/medi-1283-g-dent-max-zdravotnicka-stolicka-nosnost-150-kg-1283gdent-max\u0022\n               class=\u0022btn-tile btn-icon-right\u0022\u003E\n                \u003Cspan class=\u0022icon-shopping-cart\u0022\u003E\u003C\/span\u003E\n                \u003Cspan class=\u0022btn-tile-text\u0022\u003EKoupit\u003C\/span\u003E\n            \u003C\/a\u003E\n            \u003C\/div\u003E\n    \u003C\/div\u003E        \u003C\/div\u003E\n                    \u003C\/div\u003E\n\u003C\/div\u003E            \u003Cdiv class=\u0022product-tile-item js-product-tile js-block-preloader\u0022 id=\u0022js-product-tile-2717\u0022\u003E\n    \u003Cdiv class=\u0022product-tile-item-foreground js-product-tile-foreground\u0022\u003E\n        \u003Cdiv class=\u0022product-tile-item-info-wrapper\u0022 id=\u0022js-product-tile-2717-info\u0022\u003E\n            \u003Cdiv class=\u0022product-tile-item-basic-info\u0022\u003E\n    \u003Cdiv class=\u0022product-tile-item-image-wrapper position-relative\u0022\u003E\n        \u003Cdiv class=\u0022product-tile-item-image\u0022\u003E\n                        \u003Ca href=\u0022\/medi-1284-g-zdravotnicka-stolicka-1284g\u0022\u003E\n                \u003Cpicture\u003E\n                    \u003Cimg\n                            src=\u0022\u0022\n                            data-src=\u0022https:\/\/www.kresla-zidle.cz\/temp\/product\/list\/1284-1.png\u0022\n                            alt=\u0022MEDI 1284 G Zdravotnick\u00e1 stoli\u010dka\u0022\n                            class=\u0022img-fluid js-lazy-img\u0022\u003E\n                \u003C\/picture\u003E\n            \u003C\/a\u003E\n        \u003C\/div\u003E\n        \u003Cdiv class=\u0022product-tile-item-tags-wrapper\u0022\u003E\n    \u003Cdiv class=\u0022product-item-tags-left\u0022\u003E\n                                                    \u003C\/div\u003E\n    \u003Cdiv class=\u0022product-item-tags-right\u0022\u003E\n                                                    \u003Cdiv class=\u0022tag-item-wrapper\u0022\u003E\n            \u003Cdiv class=\u0022tag-item\u0022 style=\u0022background-color: #e00000;color: #ffffff;\u0022\u003E\n            Novinka\n        \u003C\/div\u003E\n    \u003C\/div\u003E                                                \u003Cdiv class=\u0022product-tile-tags-manufacturer\u0022\u003E\n                \u003Ca href=\u0022\/mayer\u0022\u003E\n                    \u003Cimg src=\u0022https:\/\/www.kresla-zidle.cz\/images\/manufacturer-front-tag\/14.png\u0022 alt=\u0022MAYER\u0022 class=\u0022img-fluid\u0022 loading=\u0022lazy\u0022\u003E\n                \u003C\/a\u003E\n            \u003C\/div\u003E\n            \u003C\/div\u003E\n\u003C\/div\u003E    \u003C\/div\u003E\n\n                \n    \u003Cdiv class=\u0022product-tile-item-heading-info\u0022\u003E\n        \u003Cdiv class=\u0022product-tile-category\u0022\u003ELaboratorn\u00ed a zdravotn\u00ed \u017eidle\u003C\/div\u003E        \u003Ch2 class=\u0022product-tile-heading\u0022\u003E\u003Ca href=\u0022\/medi-1284-g-zdravotnicka-stolicka-1284g\u0022\u003EMEDI 1284 G Zdravotnick\u00e1 stoli\u010dka\u003C\/a\u003E\u003C\/h2\u003E\n    \u003C\/div\u003E\n    \u003Cdiv class=\u0022product-tile-item-params\u0022\u003E\n                                            \u003C\/div\u003E\n    \u003Cdiv class=\u0022product-tile-item-price-availability\u0022\u003E\n        \u003Cdiv class=\u0022product-tile-item-price-wrapper\u0022\u003E\n            \n\n        \u003Cdiv class=\u0022price-current\u0022\u003E9 075 K\u010d\u003C\/div\u003E\n    \u003Cdiv class=\u0022price-info\u0022\u003E7 500 K\u010d bez DPH\u003C\/div\u003E        \u003C\/div\u003E\n        \u003Cdiv class=\u0022product-tile-item-availability-wrapper\u0022\u003E\n            \u003Cdiv class=\u0022availability\u0022\u003E\u003Cspan class=\u0022availability-icon icon-glass-hour\u0022\u003E\u003C\/span\u003E do 7 dn\u016f\u003C\/div\u003E        \u003C\/div\u003E\n        \u003Cdiv\u003E\n            \n    \n    \n\n\n        \u003C\/div\u003E\n    \u003C\/div\u003E\n\u003C\/div\u003E\n\u003Cdiv class=\u0022product-tile-item-extended-info\u0022\u003E\n\n            \u003Cdiv class=\u0022product-tile-item-description\u0022\u003E\n            \u003Cp\u003EZdravotnick\u00e1\u00a0 oto\u010dn\u00e1 stoli\u010dka se z\u00e1dovou op\u011brkou.\u003C\/p\u003E\n        \u003C\/div\u003E\n                \u003Cdiv class=\u0022product-tile-item-services\u0022\u003E\n        \u003Ca href=\u0022\/product\/favourite\/add\/2717\u0022 class=\u0022service-item \u0022 data-product-favourite=\u00222717\u0022 data-method=\u0022POST\u0022\u003E\u003Cspan class=\u0022icon-heart\u0022\u003E\u003C\/span\u003E Obl\u00edben\u00e9\u003C\/a\u003E        \u003Cspan class=\u0022service-item\u0022\u003E\u003Cspan class=\u0022icon-chart\u0022\u003E\u003C\/span\u003E 1284G\u003C\/span\u003E\n    \u003C\/div\u003E\n    \n            \n    \u003Cdiv class=\u0022product-tile-item-action-wrapper\u0022\u003E\n        \u003Ca href=\u0022\/medi-1284-g-zdravotnicka-stolicka-1284g\u0022 class=\u0022btn-tile\u0022\n           data-text-desktop=\u0022Detail produktu\u0022\n           data-text-mobile=\u0022Detail\u0022\u003E\u003C\/a\u003E\n                    \u003Ca href=\u0022\/medi-1284-g-zdravotnicka-stolicka-1284g\u0022\n               class=\u0022btn-tile btn-icon-right\u0022\u003E\n                \u003Cspan class=\u0022icon-shopping-cart\u0022\u003E\u003C\/span\u003E\n                \u003Cspan class=\u0022btn-tile-text\u0022\u003EKoupit\u003C\/span\u003E\n            \u003C\/a\u003E\n            \u003C\/div\u003E\n    \u003C\/div\u003E        \u003C\/div\u003E\n                    \u003C\/div\u003E\n\u003C\/div\u003E            \u003Cdiv class=\u0022product-tile-item js-product-tile js-block-preloader\u0022 id=\u0022js-product-tile-2718\u0022\u003E\n    \u003Cdiv class=\u0022product-tile-item-foreground js-product-tile-foreground\u0022\u003E\n        \u003Cdiv class=\u0022product-tile-item-info-wrapper\u0022 id=\u0022js-product-tile-2718-info\u0022\u003E\n            \u003Cdiv class=\u0022product-tile-item-basic-info\u0022\u003E\n    \u003Cdiv class=\u0022product-tile-item-image-wrapper position-relative\u0022\u003E\n        \u003Cdiv class=\u0022product-tile-item-image\u0022\u003E\n                        \u003Ca href=\u0022\/medi-1284-g-dent-zdravotnicka-stolicka-2-1284g-dent\u0022\u003E\n                \u003Cpicture\u003E\n                    \u003Cimg\n                            src=\u0022\u0022\n                            data-src=\u0022https:\/\/www.kresla-zidle.cz\/temp\/product\/list\/1284-g-dent-2.png\u0022\n                            alt=\u0022MEDI 1284 G dent zdravotnick\u00e1 stoli\u010dka\u0022\n                            class=\u0022img-fluid js-lazy-img\u0022\u003E\n                \u003C\/picture\u003E\n            \u003C\/a\u003E\n        \u003C\/div\u003E\n        \u003Cdiv class=\u0022product-tile-item-tags-wrapper\u0022\u003E\n    \u003Cdiv class=\u0022product-item-tags-left\u0022\u003E\n                                                    \u003C\/div\u003E\n    \u003Cdiv class=\u0022product-item-tags-right\u0022\u003E\n                                                    \u003Cdiv class=\u0022tag-item-wrapper\u0022\u003E\n            \u003Cdiv class=\u0022tag-item\u0022 style=\u0022background-color: #e00000;color: #ffffff;\u0022\u003E\n            Novinka\n        \u003C\/div\u003E\n    \u003C\/div\u003E                                                \u003Cdiv class=\u0022product-tile-tags-manufacturer\u0022\u003E\n                \u003Ca href=\u0022\/mayer\u0022\u003E\n                    \u003Cimg src=\u0022https:\/\/www.kresla-zidle.cz\/images\/manufacturer-front-tag\/14.png\u0022 alt=\u0022MAYER\u0022 class=\u0022img-fluid\u0022 loading=\u0022lazy\u0022\u003E\n                \u003C\/a\u003E\n            \u003C\/div\u003E\n            \u003C\/div\u003E\n\u003C\/div\u003E    \u003C\/div\u003E\n\n                \n    \u003Cdiv class=\u0022product-tile-item-heading-info\u0022\u003E\n        \u003Cdiv class=\u0022product-tile-category\u0022\u003ELaboratorn\u00ed a zdravotn\u00ed \u017eidle\u003C\/div\u003E        \u003Ch2 class=\u0022product-tile-heading\u0022\u003E\u003Ca href=\u0022\/medi-1284-g-dent-zdravotnicka-stolicka-2-1284g-dent\u0022\u003EMEDI 1284 G dent zdravotnick\u00e1 stoli\u010dka\u003C\/a\u003E\u003C\/h2\u003E\n    \u003C\/div\u003E\n    \u003Cdiv class=\u0022product-tile-item-params\u0022\u003E\n                                            \u003C\/div\u003E\n    \u003Cdiv class=\u0022product-tile-item-price-availability\u0022\u003E\n        \u003Cdiv class=\u0022product-tile-item-price-wrapper\u0022\u003E\n            \n\n        \u003Cdiv class=\u0022price-current\u0022\u003E10 043 K\u010d\u003C\/div\u003E\n    \u003Cdiv class=\u0022price-info\u0022\u003E8 300 K\u010d bez DPH\u003C\/div\u003E        \u003C\/div\u003E\n        \u003Cdiv class=\u0022product-tile-item-availability-wrapper\u0022\u003E\n            \u003Cdiv class=\u0022availability\u0022\u003E\u003Cspan class=\u0022availability-icon icon-glass-hour\u0022\u003E\u003C\/span\u003E do 7 dn\u016f\u003C\/div\u003E        \u003C\/div\u003E\n        \u003Cdiv\u003E\n            \n    \n    \n\n\n        \u003C\/div\u003E\n    \u003C\/div\u003E\n\u003C\/div\u003E\n\u003Cdiv class=\u0022product-tile-item-extended-info\u0022\u003E\n\n            \u003Cdiv class=\u0022product-tile-item-description\u0022\u003E\n            \u003Cp\u003EZdravotnick\u00e1\u00a0 oto\u010dn\u00e1 stoli\u010dka se z\u00e1dovou op\u011brkou, zv\u00fd\u0161en\u00fdm p\u00edstem a oporou na nohy.\u003C\/p\u003E\n        \u003C\/div\u003E\n                \u003Cdiv class=\u0022product-tile-item-services\u0022\u003E\n        \u003Ca href=\u0022\/product\/favourite\/add\/2718\u0022 class=\u0022service-item \u0022 data-product-favourite=\u00222718\u0022 data-method=\u0022POST\u0022\u003E\u003Cspan class=\u0022icon-heart\u0022\u003E\u003C\/span\u003E Obl\u00edben\u00e9\u003C\/a\u003E        \u003Cspan class=\u0022service-item\u0022\u003E\u003Cspan class=\u0022icon-chart\u0022\u003E\u003C\/span\u003E 1284G dent\u003C\/span\u003E\n    \u003C\/div\u003E\n    \n            \n    \u003Cdiv class=\u0022product-tile-item-action-wrapper\u0022\u003E\n        \u003Ca href=\u0022\/medi-1284-g-dent-zdravotnicka-stolicka-2-1284g-dent\u0022 class=\u0022btn-tile\u0022\n           data-text-desktop=\u0022Detail produktu\u0022\n           data-text-mobile=\u0022Detail\u0022\u003E\u003C\/a\u003E\n                    \u003Ca href=\u0022\/medi-1284-g-dent-zdravotnicka-stolicka-2-1284g-dent\u0022\n               class=\u0022btn-tile btn-icon-right\u0022\u003E\n                \u003Cspan class=\u0022icon-shopping-cart\u0022\u003E\u003C\/span\u003E\n                \u003Cspan class=\u0022btn-tile-text\u0022\u003EKoupit\u003C\/span\u003E\n            \u003C\/a\u003E\n            \u003C\/div\u003E\n    \u003C\/div\u003E        \u003C\/div\u003E\n                    \u003C\/div\u003E\n\u003C\/div\u003E            \u003Cdiv class=\u0022product-tile-item js-product-tile js-block-preloader\u0022 id=\u0022js-product-tile-2719\u0022\u003E\n    \u003Cdiv class=\u0022product-tile-item-foreground js-product-tile-foreground\u0022\u003E\n        \u003Cdiv class=\u0022product-tile-item-info-wrapper\u0022 id=\u0022js-product-tile-2719-info\u0022\u003E\n            \u003Cdiv class=\u0022product-tile-item-basic-info\u0022\u003E\n    \u003Cdiv class=\u0022product-tile-item-image-wrapper position-relative\u0022\u003E\n        \u003Cdiv class=\u0022product-tile-item-image\u0022\u003E\n                        \u003Ca href=\u0022\/medi-1284-g-clean-zdravotnicka-stolicka-1284g-clean\u0022\u003E\n                \u003Cpicture\u003E\n                    \u003Cimg\n                            src=\u0022\u0022\n                            data-src=\u0022https:\/\/www.kresla-zidle.cz\/temp\/product\/list\/1284-g-clean-4.png\u0022\n                            alt=\u0022MEDI 1284 G clean zdravotnick\u00e1 stoli\u010dka\u0022\n                            class=\u0022img-fluid js-lazy-img\u0022\u003E\n                \u003C\/picture\u003E\n            \u003C\/a\u003E\n        \u003C\/div\u003E\n        \u003Cdiv class=\u0022product-tile-item-tags-wrapper\u0022\u003E\n    \u003Cdiv class=\u0022product-item-tags-left\u0022\u003E\n                                                    \u003C\/div\u003E\n    \u003Cdiv class=\u0022product-item-tags-right\u0022\u003E\n                                                    \u003Cdiv class=\u0022tag-item-wrapper\u0022\u003E\n            \u003Cdiv class=\u0022tag-item\u0022 style=\u0022background-color: #e00000;color: #ffffff;\u0022\u003E\n            Novinka\n        \u003C\/div\u003E\n    \u003C\/div\u003E                                                \u003Cdiv class=\u0022product-tile-tags-manufacturer\u0022\u003E\n                \u003Ca href=\u0022\/mayer\u0022\u003E\n                    \u003Cimg src=\u0022https:\/\/www.kresla-zidle.cz\/images\/manufacturer-front-tag\/14.png\u0022 alt=\u0022MAYER\u0022 class=\u0022img-fluid\u0022 loading=\u0022lazy\u0022\u003E\n                \u003C\/a\u003E\n            \u003C\/div\u003E\n            \u003C\/div\u003E\n\u003C\/div\u003E    \u003C\/div\u003E\n\n                \n    \u003Cdiv class=\u0022product-tile-item-heading-info\u0022\u003E\n        \u003Cdiv class=\u0022product-tile-category\u0022\u003ELaboratorn\u00ed a zdravotn\u00ed \u017eidle\u003C\/div\u003E        \u003Ch2 class=\u0022product-tile-heading\u0022\u003E\u003Ca href=\u0022\/medi-1284-g-clean-zdravotnicka-stolicka-1284g-clean\u0022\u003EMEDI 1284 G clean zdravotnick\u00e1 stoli\u010dka\u003C\/a\u003E\u003C\/h2\u003E\n    \u003C\/div\u003E\n    \u003Cdiv class=\u0022product-tile-item-params\u0022\u003E\n                                            \u003C\/div\u003E\n    \u003Cdiv class=\u0022product-tile-item-price-availability\u0022\u003E\n        \u003Cdiv class=\u0022product-tile-item-price-wrapper\u0022\u003E\n            \n\n        \u003Cdiv class=\u0022price-current\u0022\u003E14 520 K\u010d\u003C\/div\u003E\n    \u003Cdiv class=\u0022price-info\u0022\u003E12 000 K\u010d bez DPH\u003C\/div\u003E        \u003C\/div\u003E\n        \u003Cdiv class=\u0022product-tile-item-availability-wrapper\u0022\u003E\n            \u003Cdiv class=\u0022availability\u0022\u003E\u003Cspan class=\u0022availability-icon icon-glass-hour\u0022\u003E\u003C\/span\u003E do 7 dn\u016f\u003C\/div\u003E        \u003C\/div\u003E\n        \u003Cdiv\u003E\n            \n    \n    \n\n\n        \u003C\/div\u003E\n    \u003C\/div\u003E\n\u003C\/div\u003E\n\u003Cdiv class=\u0022product-tile-item-extended-info\u0022\u003E\n\n            \u003Cdiv class=\u0022product-tile-item-description\u0022\u003E\n            \u003Cp\u003EZdravotnick\u00e1\u00a0 oto\u010dn\u00e1 stoli\u010dka se z\u00e1dovou op\u011brkou a ovl\u00e1d\u00e1n\u00edm v\u00fd\u0161ky sed\u00e1ku pomoc\u00ed nohy.\u003C\/p\u003E\n        \u003C\/div\u003E\n                \u003Cdiv class=\u0022product-tile-item-services\u0022\u003E\n        \u003Ca href=\u0022\/product\/favourite\/add\/2719\u0022 class=\u0022service-item \u0022 data-product-favourite=\u00222719\u0022 data-method=\u0022POST\u0022\u003E\u003Cspan class=\u0022icon-heart\u0022\u003E\u003C\/span\u003E Obl\u00edben\u00e9\u003C\/a\u003E        \u003Cspan class=\u0022service-item\u0022\u003E\u003Cspan class=\u0022icon-chart\u0022\u003E\u003C\/span\u003E 1284G clean\u003C\/span\u003E\n    \u003C\/div\u003E\n    \n            \n    \u003Cdiv class=\u0022product-tile-item-action-wrapper\u0022\u003E\n        \u003Ca href=\u0022\/medi-1284-g-clean-zdravotnicka-stolicka-1284g-clean\u0022 class=\u0022btn-tile\u0022\n           data-text-desktop=\u0022Detail produktu\u0022\n           data-text-mobile=\u0022Detail\u0022\u003E\u003C\/a\u003E\n                    \u003Ca href=\u0022\/medi-1284-g-clean-zdravotnicka-stolicka-1284g-clean\u0022\n               class=\u0022btn-tile btn-icon-right\u0022\u003E\n                \u003Cspan class=\u0022icon-shopping-cart\u0022\u003E\u003C\/span\u003E\n                \u003Cspan class=\u0022btn-tile-text\u0022\u003EKoupit\u003C\/span\u003E\n            \u003C\/a\u003E\n            \u003C\/div\u003E\n    \u003C\/div\u003E        \u003C\/div\u003E\n                    \u003C\/div\u003E\n\u003C\/div\u003E            \u003Cdiv class=\u0022product-tile-item js-product-tile js-block-preloader\u0022 id=\u0022js-product-tile-2720\u0022\u003E\n    \u003Cdiv class=\u0022product-tile-item-foreground js-product-tile-foreground\u0022\u003E\n        \u003Cdiv class=\u0022product-tile-item-info-wrapper\u0022 id=\u0022js-product-tile-2720-info\u0022\u003E\n            \u003Cdiv class=\u0022product-tile-item-basic-info\u0022\u003E\n    \u003Cdiv class=\u0022product-tile-item-image-wrapper position-relative\u0022\u003E\n        \u003Cdiv class=\u0022product-tile-item-image\u0022\u003E\n                        \u003Ca href=\u0022\/medi-1213-g-clean-otocna-stolicka-1213-g-clean\u0022\u003E\n                \u003Cpicture\u003E\n                    \u003Cimg\n                            src=\u0022\u0022\n                            data-src=\u0022https:\/\/www.kresla-zidle.cz\/temp\/product\/list\/1312-g-clean-1.png\u0022\n                            alt=\u0022MEDI 1213 G clean oto\u010dn\u00e1 stoli\u010dka\u0022\n                            class=\u0022img-fluid js-lazy-img\u0022\u003E\n                \u003C\/picture\u003E\n            \u003C\/a\u003E\n        \u003C\/div\u003E\n        \u003Cdiv class=\u0022product-tile-item-tags-wrapper\u0022\u003E\n    \u003Cdiv class=\u0022product-item-tags-left\u0022\u003E\n                                                    \u003C\/div\u003E\n    \u003Cdiv class=\u0022product-item-tags-right\u0022\u003E\n                                                                                \u003Cdiv class=\u0022product-tile-tags-manufacturer\u0022\u003E\n                \u003Ca href=\u0022\/mayer\u0022\u003E\n                    \u003Cimg src=\u0022https:\/\/www.kresla-zidle.cz\/images\/manufacturer-front-tag\/14.png\u0022 alt=\u0022MAYER\u0022 class=\u0022img-fluid\u0022 loading=\u0022lazy\u0022\u003E\n                \u003C\/a\u003E\n            \u003C\/div\u003E\n            \u003C\/div\u003E\n\u003C\/div\u003E    \u003C\/div\u003E\n\n                \n    \u003Cdiv class=\u0022product-tile-item-heading-info\u0022\u003E\n        \u003Cdiv class=\u0022product-tile-category\u0022\u003ELaboratorn\u00ed a zdravotn\u00ed \u017eidle\u003C\/div\u003E        \u003Ch2 class=\u0022product-tile-heading\u0022\u003E\u003Ca href=\u0022\/medi-1213-g-clean-otocna-stolicka-1213-g-clean\u0022\u003EMEDI 1213 G clean oto\u010dn\u00e1 stoli\u010dka\u003C\/a\u003E\u003C\/h2\u003E\n    \u003C\/div\u003E\n    \u003Cdiv class=\u0022product-tile-item-params\u0022\u003E\n                                            \u003C\/div\u003E\n    \u003Cdiv class=\u0022product-tile-item-price-availability\u0022\u003E\n        \u003Cdiv class=\u0022product-tile-item-price-wrapper\u0022\u003E\n            \n\n        \u003Cdiv class=\u0022price-current\u0022\u003E10 951 K\u010d\u003C\/div\u003E\n    \u003Cdiv class=\u0022price-info\u0022\u003E9 050 K\u010d bez DPH\u003C\/div\u003E        \u003C\/div\u003E\n        \u003Cdiv class=\u0022product-tile-item-availability-wrapper\u0022\u003E\n            \u003Cdiv class=\u0022availability\u0022\u003E\u003Cspan class=\u0022availability-icon icon-glass-hour\u0022\u003E\u003C\/span\u003E do 7 dn\u016f\u003C\/div\u003E        \u003C\/div\u003E\n        \u003Cdiv\u003E\n            \n    \n    \n\n\n        \u003C\/div\u003E\n    \u003C\/div\u003E\n\u003C\/div\u003E\n\u003Cdiv class=\u0022product-tile-item-extended-info\u0022\u003E\n\n            \u003Cdiv class=\u0022product-tile-item-description\u0022\u003E\n            \u003Cp\u003EPracovn\u00ed oto\u010dn\u00e1 stoli\u010dka na hlin\u00edkov\u00fdm le\u0161t\u011bn\u00fdm k\u0159\u00ed\u017ei s nastaven\u00edm v\u00fd\u0161ky sezen\u00ed nohou.\u003C\/p\u003E\n        \u003C\/div\u003E\n                \u003Cdiv class=\u0022product-tile-item-services\u0022\u003E\n        \u003Ca href=\u0022\/product\/favourite\/add\/2720\u0022 class=\u0022service-item \u0022 data-product-favourite=\u00222720\u0022 data-method=\u0022POST\u0022\u003E\u003Cspan class=\u0022icon-heart\u0022\u003E\u003C\/span\u003E Obl\u00edben\u00e9\u003C\/a\u003E        \u003Cspan class=\u0022service-item\u0022\u003E\u003Cspan class=\u0022icon-chart\u0022\u003E\u003C\/span\u003E 1213 G clean\u003C\/span\u003E\n    \u003C\/div\u003E\n    \n            \n    \u003Cdiv class=\u0022product-tile-item-action-wrapper\u0022\u003E\n        \u003Ca href=\u0022\/medi-1213-g-clean-otocna-stolicka-1213-g-clean\u0022 class=\u0022btn-tile\u0022\n           data-text-desktop=\u0022Detail produktu\u0022\n           data-text-mobile=\u0022Detail\u0022\u003E\u003C\/a\u003E\n                    \u003Ca href=\u0022\/medi-1213-g-clean-otocna-stolicka-1213-g-clean\u0022\n               class=\u0022btn-tile btn-icon-right\u0022\u003E\n                \u003Cspan class=\u0022icon-shopping-cart\u0022\u003E\u003C\/span\u003E\n                \u003Cspan class=\u0022btn-tile-text\u0022\u003EKoupit\u003C\/span\u003E\n            \u003C\/a\u003E\n            \u003C\/div\u003E\n    \u003C\/div\u003E        \u003C\/div\u003E\n                    \u003C\/div\u003E\n\u003C\/div\u003E            \u003Cdiv class=\u0022product-tile-item js-product-tile js-block-preloader\u0022 id=\u0022js-product-tile-2721\u0022\u003E\n    \u003Cdiv class=\u0022product-tile-item-foreground js-product-tile-foreground\u0022\u003E\n        \u003Cdiv class=\u0022product-tile-item-info-wrapper\u0022 id=\u0022js-product-tile-2721-info\u0022\u003E\n            \u003Cdiv class=\u0022product-tile-item-basic-info\u0022\u003E\n    \u003Cdiv class=\u0022product-tile-item-image-wrapper position-relative\u0022\u003E\n        \u003Cdiv class=\u0022product-tile-item-image\u0022\u003E\n                        \u003Ca href=\u0022\/medi-2205-g-zdravotnicka-stolicka-2205-g\u0022\u003E\n                \u003Cpicture\u003E\n                    \u003Cimg\n                            src=\u0022\u0022\n                            data-src=\u0022https:\/\/www.kresla-zidle.cz\/temp\/product\/list\/2205-g3.png\u0022\n                            alt=\u0022MEDI 2205 G Zdravotnick\u00e1 stoli\u010dka\u0022\n                            class=\u0022img-fluid js-lazy-img\u0022\u003E\n                \u003C\/picture\u003E\n            \u003C\/a\u003E\n        \u003C\/div\u003E\n        \u003Cdiv class=\u0022product-tile-item-tags-wrapper\u0022\u003E\n    \u003Cdiv class=\u0022product-item-tags-left\u0022\u003E\n                                                    \u003C\/div\u003E\n    \u003Cdiv class=\u0022product-item-tags-right\u0022\u003E\n                                                    \u003Cdiv class=\u0022tag-item-wrapper\u0022\u003E\n            \u003Cdiv class=\u0022tag-item\u0022 style=\u0022background-color: #e00000;color: #ffffff;\u0022\u003E\n            Novinka\n        \u003C\/div\u003E\n    \u003C\/div\u003E                                                \u003Cdiv class=\u0022product-tile-tags-manufacturer\u0022\u003E\n                \u003Ca href=\u0022\/mayer\u0022\u003E\n                    \u003Cimg src=\u0022https:\/\/www.kresla-zidle.cz\/images\/manufacturer-front-tag\/14.png\u0022 alt=\u0022MAYER\u0022 class=\u0022img-fluid\u0022 loading=\u0022lazy\u0022\u003E\n                \u003C\/a\u003E\n            \u003C\/div\u003E\n            \u003C\/div\u003E\n\u003C\/div\u003E    \u003C\/div\u003E\n\n                \n    \u003Cdiv class=\u0022product-tile-item-heading-info\u0022\u003E\n        \u003Cdiv class=\u0022product-tile-category\u0022\u003ELaboratorn\u00ed a zdravotn\u00ed \u017eidle\u003C\/div\u003E        \u003Ch2 class=\u0022product-tile-heading\u0022\u003E\u003Ca href=\u0022\/medi-2205-g-zdravotnicka-stolicka-2205-g\u0022\u003EMEDI 2205 G Zdravotnick\u00e1 stoli\u010dka\u003C\/a\u003E\u003C\/h2\u003E\n    \u003C\/div\u003E\n    \u003Cdiv class=\u0022product-tile-item-params\u0022\u003E\n                                            \u003C\/div\u003E\n    \u003Cdiv class=\u0022product-tile-item-price-availability\u0022\u003E\n        \u003Cdiv class=\u0022product-tile-item-price-wrapper\u0022\u003E\n            \n\n        \u003Cdiv class=\u0022price-current\u0022\u003E7 502 K\u010d\u003C\/div\u003E\n    \u003Cdiv class=\u0022price-info\u0022\u003E6 200 K\u010d bez DPH\u003C\/div\u003E        \u003C\/div\u003E\n        \u003Cdiv class=\u0022product-tile-item-availability-wrapper\u0022\u003E\n            \u003Cdiv class=\u0022availability\u0022\u003E\u003Cspan class=\u0022availability-icon icon-glass-hour\u0022\u003E\u003C\/span\u003E do 7 dn\u016f\u003C\/div\u003E        \u003C\/div\u003E\n        \u003Cdiv\u003E\n            \n    \n    \n\n\n        \u003C\/div\u003E\n    \u003C\/div\u003E\n\u003C\/div\u003E\n\u003Cdiv class=\u0022product-tile-item-extended-info\u0022\u003E\n\n            \u003Cdiv class=\u0022product-tile-item-description\u0022\u003E\n            \u003Cp\u003EZdravotnick\u00e1\u00a0 oto\u010dn\u00e1 stoli\u010dka s oporou zad.\u003C\/p\u003E\n        \u003C\/div\u003E\n                \u003Cdiv class=\u0022product-tile-item-services\u0022\u003E\n        \u003Ca href=\u0022\/product\/favourite\/add\/2721\u0022 class=\u0022service-item \u0022 data-product-favourite=\u00222721\u0022 data-method=\u0022POST\u0022\u003E\u003Cspan class=\u0022icon-heart\u0022\u003E\u003C\/span\u003E Obl\u00edben\u00e9\u003C\/a\u003E        \u003Cspan class=\u0022service-item\u0022\u003E\u003Cspan class=\u0022icon-chart\u0022\u003E\u003C\/span\u003E 2205 G\u003C\/span\u003E\n    \u003C\/div\u003E\n    \n            \n    \u003Cdiv class=\u0022product-tile-item-action-wrapper\u0022\u003E\n        \u003Ca href=\u0022\/medi-2205-g-zdravotnicka-stolicka-2205-g\u0022 class=\u0022btn-tile\u0022\n           data-text-desktop=\u0022Detail produktu\u0022\n           data-text-mobile=\u0022Detail\u0022\u003E\u003C\/a\u003E\n                    \u003Ca href=\u0022\/medi-2205-g-zdravotnicka-stolicka-2205-g\u0022\n               class=\u0022btn-tile btn-icon-right\u0022\u003E\n                \u003Cspan class=\u0022icon-shopping-cart\u0022\u003E\u003C\/span\u003E\n                \u003Cspan class=\u0022btn-tile-text\u0022\u003EKoupit\u003C\/span\u003E\n            \u003C\/a\u003E\n            \u003C\/div\u003E\n    \u003C\/div\u003E        \u003C\/div\u003E\n                    \u003C\/div\u003E\n\u003C\/div\u003E            \u003Cdiv class=\u0022product-tile-item js-product-tile js-block-preloader\u0022 id=\u0022js-product-tile-2722\u0022\u003E\n    \u003Cdiv class=\u0022product-tile-item-foreground js-product-tile-foreground\u0022\u003E\n        \u003Cdiv class=\u0022product-tile-item-info-wrapper\u0022 id=\u0022js-product-tile-2722-info\u0022\u003E\n            \u003Cdiv class=\u0022product-tile-item-basic-info\u0022\u003E\n    \u003Cdiv class=\u0022product-tile-item-image-wrapper position-relative\u0022\u003E\n        \u003Cdiv class=\u0022product-tile-item-image\u0022\u003E\n                        \u003Ca href=\u0022\/medi-2205-g-dent-zdravotnicka-stolicka-2205-g-dent\u0022\u003E\n                \u003Cpicture\u003E\n                    \u003Cimg\n                            src=\u0022\u0022\n                            data-src=\u0022https:\/\/www.kresla-zidle.cz\/temp\/product\/list\/2205-g-dent-2.png\u0022\n                            alt=\u0022MEDI 2205 G dent zdravotnick\u00e1 stoli\u010dka\u0022\n                            class=\u0022img-fluid js-lazy-img\u0022\u003E\n                \u003C\/picture\u003E\n            \u003C\/a\u003E\n        \u003C\/div\u003E\n        \u003Cdiv class=\u0022product-tile-item-tags-wrapper\u0022\u003E\n    \u003Cdiv class=\u0022product-item-tags-left\u0022\u003E\n                                                    \u003C\/div\u003E\n    \u003Cdiv class=\u0022product-item-tags-right\u0022\u003E\n                                                    \u003Cdiv class=\u0022tag-item-wrapper\u0022\u003E\n            \u003Cdiv class=\u0022tag-item\u0022 style=\u0022background-color: #e00000;color: #ffffff;\u0022\u003E\n            Novinka\n        \u003C\/div\u003E\n    \u003C\/div\u003E                                                \u003Cdiv class=\u0022product-tile-tags-manufacturer\u0022\u003E\n                \u003Ca href=\u0022\/mayer\u0022\u003E\n                    \u003Cimg src=\u0022https:\/\/www.kresla-zidle.cz\/images\/manufacturer-front-tag\/14.png\u0022 alt=\u0022MAYER\u0022 class=\u0022img-fluid\u0022 loading=\u0022lazy\u0022\u003E\n                \u003C\/a\u003E\n            \u003C\/div\u003E\n            \u003C\/div\u003E\n\u003C\/div\u003E    \u003C\/div\u003E\n\n                \n    \u003Cdiv class=\u0022product-tile-item-heading-info\u0022\u003E\n        \u003Cdiv class=\u0022product-tile-category\u0022\u003ELaboratorn\u00ed a zdravotn\u00ed \u017eidle\u003C\/div\u003E        \u003Ch2 class=\u0022product-tile-heading\u0022\u003E\u003Ca href=\u0022\/medi-2205-g-dent-zdravotnicka-stolicka-2205-g-dent\u0022\u003EMEDI 2205 G dent zdravotnick\u00e1 stoli\u010dka\u003C\/a\u003E\u003C\/h2\u003E\n    \u003C\/div\u003E\n    \u003Cdiv class=\u0022product-tile-item-params\u0022\u003E\n                                            \u003C\/div\u003E\n    \u003Cdiv class=\u0022product-tile-item-price-availability\u0022\u003E\n        \u003Cdiv class=\u0022product-tile-item-price-wrapper\u0022\u003E\n            \n\n        \u003Cdiv class=\u0022price-current\u0022\u003E8 470 K\u010d\u003C\/div\u003E\n    \u003Cdiv class=\u0022price-info\u0022\u003E7 000 K\u010d bez DPH\u003C\/div\u003E        \u003C\/div\u003E\n        \u003Cdiv class=\u0022product-tile-item-availability-wrapper\u0022\u003E\n            \u003Cdiv class=\u0022availability\u0022\u003E\u003Cspan class=\u0022availability-icon icon-glass-hour\u0022\u003E\u003C\/span\u003E do 7 dn\u016f\u003C\/div\u003E        \u003C\/div\u003E\n        \u003Cdiv\u003E\n            \n    \n    \n\n\n        \u003C\/div\u003E\n    \u003C\/div\u003E\n\u003C\/div\u003E\n\u003Cdiv class=\u0022product-tile-item-extended-info\u0022\u003E\n\n            \u003Cdiv class=\u0022product-tile-item-description\u0022\u003E\n            \u003Cp\u003EVysok\u00e1 zdravotnick\u00e1\u00a0 oto\u010dn\u00e1 stoli\u010dka s oporou zad a op\u011brn\u00fdm kruhem na nohy.\u003C\/p\u003E\n        \u003C\/div\u003E\n                \u003Cdiv class=\u0022product-tile-item-services\u0022\u003E\n        \u003Ca href=\u0022\/product\/favourite\/add\/2722\u0022 class=\u0022service-item \u0022 data-product-favourite=\u00222722\u0022 data-method=\u0022POST\u0022\u003E\u003Cspan class=\u0022icon-heart\u0022\u003E\u003C\/span\u003E Obl\u00edben\u00e9\u003C\/a\u003E        \u003Cspan class=\u0022service-item\u0022\u003E\u003Cspan class=\u0022icon-chart\u0022\u003E\u003C\/span\u003E 2205 G dent\u003C\/span\u003E\n    \u003C\/div\u003E\n    \n            \n    \u003Cdiv class=\u0022product-tile-item-action-wrapper\u0022\u003E\n        \u003Ca href=\u0022\/medi-2205-g-dent-zdravotnicka-stolicka-2205-g-dent\u0022 class=\u0022btn-tile\u0022\n           data-text-desktop=\u0022Detail produktu\u0022\n           data-text-mobile=\u0022Detail\u0022\u003E\u003C\/a\u003E\n                    \u003Ca href=\u0022\/medi-2205-g-dent-zdravotnicka-stolicka-2205-g-dent\u0022\n               class=\u0022btn-tile btn-icon-right\u0022\u003E\n                \u003Cspan class=\u0022icon-shopping-cart\u0022\u003E\u003C\/span\u003E\n                \u003Cspan class=\u0022btn-tile-text\u0022\u003EKoupit\u003C\/span\u003E\n            \u003C\/a\u003E\n            \u003C\/div\u003E\n    \u003C\/div\u003E        \u003C\/div\u003E\n                    \u003C\/div\u003E\n\u003C\/div\u003E            \u003Cdiv class=\u0022product-tile-item js-product-tile js-block-preloader\u0022 id=\u0022js-product-tile-2723\u0022\u003E\n    \u003Cdiv class=\u0022product-tile-item-foreground js-product-tile-foreground\u0022\u003E\n        \u003Cdiv class=\u0022product-tile-item-info-wrapper\u0022 id=\u0022js-product-tile-2723-info\u0022\u003E\n            \u003Cdiv class=\u0022product-tile-item-basic-info\u0022\u003E\n    \u003Cdiv class=\u0022product-tile-item-image-wrapper position-relative\u0022\u003E\n        \u003Cdiv class=\u0022product-tile-item-image\u0022\u003E\n                        \u003Ca href=\u0022\/medi-2206-g-dent-multifunkcni-nastavitelna-zidle-2206-g-dent\u0022\u003E\n                \u003Cpicture\u003E\n                    \u003Cimg\n                            src=\u0022\u0022\n                            data-src=\u0022https:\/\/www.kresla-zidle.cz\/temp\/product\/list\/2206-g-dent2.png\u0022\n                            alt=\u0022MEDI 2206 G dent multifunk\u010dn\u00ed nastaviteln\u00e1 \u017eidle\u0022\n                            class=\u0022img-fluid js-lazy-img\u0022\u003E\n                \u003C\/picture\u003E\n            \u003C\/a\u003E\n        \u003C\/div\u003E\n        \u003Cdiv class=\u0022product-tile-item-tags-wrapper\u0022\u003E\n    \u003Cdiv class=\u0022product-item-tags-left\u0022\u003E\n                                                    \u003C\/div\u003E\n    \u003Cdiv class=\u0022product-item-tags-right\u0022\u003E\n                                                                                \u003Cdiv class=\u0022product-tile-tags-manufacturer\u0022\u003E\n                \u003Ca href=\u0022\/mayer\u0022\u003E\n                    \u003Cimg src=\u0022https:\/\/www.kresla-zidle.cz\/images\/manufacturer-front-tag\/14.png\u0022 alt=\u0022MAYER\u0022 class=\u0022img-fluid\u0022 loading=\u0022lazy\u0022\u003E\n                \u003C\/a\u003E\n            \u003C\/div\u003E\n            \u003C\/div\u003E\n\u003C\/div\u003E    \u003C\/div\u003E\n\n                \n    \u003Cdiv class=\u0022product-tile-item-heading-info\u0022\u003E\n        \u003Cdiv class=\u0022product-tile-category\u0022\u003ELaboratorn\u00ed a zdravotn\u00ed \u017eidle\u003C\/div\u003E        \u003Ch2 class=\u0022product-tile-heading\u0022\u003E\u003Ca href=\u0022\/medi-2206-g-dent-multifunkcni-nastavitelna-zidle-2206-g-dent\u0022\u003EMEDI 2206 G dent multifunk\u010dn\u00ed nastaviteln\u00e1 \u017eidle\u003C\/a\u003E\u003C\/h2\u003E\n    \u003C\/div\u003E\n    \u003Cdiv class=\u0022product-tile-item-params\u0022\u003E\n                                            \u003C\/div\u003E\n    \u003Cdiv class=\u0022product-tile-item-price-availability\u0022\u003E\n        \u003Cdiv class=\u0022product-tile-item-price-wrapper\u0022\u003E\n            \n\n        \u003Cdiv class=\u0022price-current\u0022\u003E8 712 K\u010d\u003C\/div\u003E\n    \u003Cdiv class=\u0022price-info\u0022\u003E7 200 K\u010d bez DPH\u003C\/div\u003E        \u003C\/div\u003E\n        \u003Cdiv class=\u0022product-tile-item-availability-wrapper\u0022\u003E\n            \u003Cdiv class=\u0022availability\u0022\u003E\u003Cspan class=\u0022availability-icon icon-glass-hour\u0022\u003E\u003C\/span\u003E do 7 dn\u016f\u003C\/div\u003E        \u003C\/div\u003E\n        \u003Cdiv\u003E\n            \n    \n    \n\n\n        \u003C\/div\u003E\n    \u003C\/div\u003E\n\u003C\/div\u003E\n\u003Cdiv class=\u0022product-tile-item-extended-info\u0022\u003E\n\n            \u003Cdiv class=\u0022product-tile-item-description\u0022\u003E\n            \u003Cp\u003EMultifunk\u010dn\u00ed \u017eidle s nastaviteln\u00fdmi z\u00e1dy a op\u011brn\u00fdm kruhem na nohy.\u003C\/p\u003E\n        \u003C\/div\u003E\n                \u003Cdiv class=\u0022product-tile-item-services\u0022\u003E\n        \u003Ca href=\u0022\/product\/favourite\/add\/2723\u0022 class=\u0022service-item \u0022 data-product-favourite=\u00222723\u0022 data-method=\u0022POST\u0022\u003E\u003Cspan class=\u0022icon-heart\u0022\u003E\u003C\/span\u003E Obl\u00edben\u00e9\u003C\/a\u003E        \u003Cspan class=\u0022service-item\u0022\u003E\u003Cspan class=\u0022icon-chart\u0022\u003E\u003C\/span\u003E 2206 G dent\u003C\/span\u003E\n    \u003C\/div\u003E\n    \n            \n    \u003Cdiv class=\u0022product-tile-item-action-wrapper\u0022\u003E\n        \u003Ca href=\u0022\/medi-2206-g-dent-multifunkcni-nastavitelna-zidle-2206-g-dent\u0022 class=\u0022btn-tile\u0022\n           data-text-desktop=\u0022Detail produktu\u0022\n           data-text-mobile=\u0022Detail\u0022\u003E\u003C\/a\u003E\n                    \u003Ca href=\u0022\/medi-2206-g-dent-multifunkcni-nastavitelna-zidle-2206-g-dent\u0022\n               class=\u0022btn-tile btn-icon-right\u0022\u003E\n                \u003Cspan class=\u0022icon-shopping-cart\u0022\u003E\u003C\/span\u003E\n                \u003Cspan class=\u0022btn-tile-text\u0022\u003EKoupit\u003C\/span\u003E\n            \u003C\/a\u003E\n            \u003C\/div\u003E\n    \u003C\/div\u003E        \u003C\/div\u003E\n                    \u003C\/div\u003E\n\u003C\/div\u003E            \u003Cdiv class=\u0022product-tile-item js-product-tile js-block-preloader\u0022 id=\u0022js-product-tile-2724\u0022\u003E\n    \u003Cdiv class=\u0022product-tile-item-foreground js-product-tile-foreground with-variants\u0022\u003E\n        \u003Cdiv class=\u0022product-tile-item-info-wrapper\u0022 id=\u0022js-product-tile-2724-info\u0022\u003E\n            \u003Cdiv class=\u0022product-tile-item-basic-info\u0022\u003E\n    \u003Cdiv class=\u0022product-tile-item-image-wrapper position-relative\u0022\u003E\n        \u003Cdiv class=\u0022product-tile-item-image\u0022\u003E\n                        \u003Ca href=\u0022\/plastova-zidle-class3-25c3-03\u0022\u003E\n                \u003Cpicture\u003E\n                    \u003Cimg\n                            src=\u0022\u0022\n                            data-src=\u0022https:\/\/www.kresla-zidle.cz\/temp\/product\/list\/25c3-03-bez-podrucek-1.png\u0022\n                            alt=\u0022Plastov\u00e1 \u017eidle CLASS3 25C3 03\u0022\n                            class=\u0022img-fluid js-lazy-img\u0022\u003E\n                \u003C\/picture\u003E\n            \u003C\/a\u003E\n        \u003C\/div\u003E\n        \u003Cdiv class=\u0022product-tile-item-tags-wrapper\u0022\u003E\n    \u003Cdiv class=\u0022product-item-tags-left\u0022\u003E\n                                                    \u003C\/div\u003E\n    \u003Cdiv class=\u0022product-item-tags-right\u0022\u003E\n                                                                                \u003Cdiv class=\u0022product-tile-tags-manufacturer\u0022\u003E\n                \u003Ca href=\u0022\/mayer\u0022\u003E\n                    \u003Cimg src=\u0022https:\/\/www.kresla-zidle.cz\/images\/manufacturer-front-tag\/14.png\u0022 alt=\u0022MAYER\u0022 class=\u0022img-fluid\u0022 loading=\u0022lazy\u0022\u003E\n                \u003C\/a\u003E\n            \u003C\/div\u003E\n            \u003C\/div\u003E\n\u003C\/div\u003E    \u003C\/div\u003E\n\n                \n    \u003Cdiv class=\u0022product-tile-item-heading-info\u0022\u003E\n        \u003Cdiv class=\u0022product-tile-category\u0022\u003EKancel\u00e1\u0159\u003C\/div\u003E        \u003Ch2 class=\u0022product-tile-heading\u0022\u003E\u003Ca href=\u0022\/plastova-zidle-class3-25c3-03\u0022\u003EPlastov\u00e1 \u017eidle CLASS3 25C3 03\u003C\/a\u003E\u003C\/h2\u003E\n    \u003C\/div\u003E\n    \u003Cdiv class=\u0022product-tile-item-params\u0022\u003E\n                                            \u003C\/div\u003E\n    \u003Cdiv class=\u0022product-tile-item-price-availability\u0022\u003E\n        \u003Cdiv class=\u0022product-tile-item-price-wrapper\u0022\u003E\n            \n\n        \u003Cdiv class=\u0022price-current\u0022\u003E2 783 K\u010d\u003C\/div\u003E\n    \u003Cdiv class=\u0022price-info\u0022\u003E2 300 K\u010d bez DPH\u003C\/div\u003E        \u003C\/div\u003E\n        \u003Cdiv class=\u0022product-tile-item-availability-wrapper\u0022\u003E\n            \u003Cdiv class=\u0022availability\u0022 style=\u0022color: #fb8908;\u0022\u003E\u003Cspan class=\u0022availability-icon icon-glass-hour\u0022\u003E\u003C\/span\u003E do 28 dn\u016f\u003C\/div\u003E        \u003C\/div\u003E\n        \u003Cdiv\u003E\n            \n    \n    \n\n\n        \u003C\/div\u003E\n    \u003C\/div\u003E\n\u003C\/div\u003E\n\u003Cdiv class=\u0022product-tile-item-extended-info\u0022\u003E\n\n            \u003Cdiv class=\u0022product-tile-item-description\u0022\u003E\n            \u003Cp\u003EPlastov\u00e1 konferen\u010dn\u00ed \u017eidle bez podru\u010dek nebo s podru\u010dkami.\u003C\/p\u003E\n        \u003C\/div\u003E\n                \u003Cdiv class=\u0022product-tile-item-services\u0022\u003E\n        \u003Ca href=\u0022\/product\/favourite\/add\/2724\u0022 class=\u0022service-item \u0022 data-product-favourite=\u00222724\u0022 data-method=\u0022POST\u0022\u003E\u003Cspan class=\u0022icon-heart\u0022\u003E\u003C\/span\u003E Obl\u00edben\u00e9\u003C\/a\u003E        \u003Cspan class=\u0022service-item\u0022\u003E\u003Cspan class=\u0022icon-chart\u0022\u003E\u003C\/span\u003E 25C3 03\u003C\/span\u003E\n    \u003C\/div\u003E\n    \n            \n    \u003Cdiv class=\u0022product-tile-item-action-wrapper\u0022\u003E\n        \u003Ca href=\u0022\/plastova-zidle-class3-25c3-03\u0022 class=\u0022btn-tile\u0022\n           data-text-desktop=\u0022Detail produktu\u0022\n           data-text-mobile=\u0022Detail\u0022\u003E\u003C\/a\u003E\n                    \u003Ca href=\u0022\/plastova-zidle-class3-25c3-03\u0022\n               class=\u0022btn-tile btn-icon-right\u0022\u003E\n                \u003Cspan class=\u0022icon-shopping-cart\u0022\u003E\u003C\/span\u003E\n                \u003Cspan class=\u0022btn-tile-text\u0022\u003EKoupit\u003C\/span\u003E\n            \u003C\/a\u003E\n            \u003C\/div\u003E\n    \u003C\/div\u003E        \u003C\/div\u003E\n                            \u003Cdiv class=\u0022product-tile-item-variants js-product-item-variants\u0022\u003E\n                                                \u003Ca href=\u0022\/plastova-zidle-class3-25c3-03\u0022\n                   class=\u0022tile-varinat-tab js-variant-item js-ajax active\u0022\n                   data-show-preloader=\u00220\u0022\n                   data-href=\u0022\/product-list-tile\/3315\/2724\u0022\n                   data-toggle=\u0022tooltip\u0022 title=\u0022Plastov\u00e1 \u017eidle CLASS3 25C3 03\u0022\n                   data-placement=\u0022left\u0022\u003E\n\n                    \n                    \u003Cimg src=\u0022\u0022 data-src=\u0022https:\/\/www.kresla-zidle.cz\/temp\/product\/list\/25c3-03-bez-podrucek-1.png\u0022 class=\u0022img-fluid js-lazy-img\u0022 alt=\u0022Plastov\u00e1 \u017eidle CLASS3 25C3 03\u0022 loading=\u0022lazy\u0022\u003E\n                \u003C\/a\u003E\n                                                                            \u003Ca href=\u0022\/plastova-zidle-class3-25c3-03-a\u0022\n                       class=\u0022tile-varinat-tab js-variant-item js-ajax\u0022\n                       data-show-preloader=\u00220\u0022\n                       data-href=\u0022\/product-list-tile\/3651\/2724\u0022\n                       data-toggle=\u0022tooltip\u0022 title=\u0022Plastov\u00e1 \u017eidle CLASS3 25C3 03 A\u0022\n                       data-placement=\u0022left\u0022\u003E\n\n                        \n                        \u003Cimg src=\u0022\u0022 data-src=\u0022https:\/\/www.kresla-zidle.cz\/temp\/product\/list\/25c3-01-a-p17-9563-main.png\u0022 alt=\u0022Plastov\u00e1 \u017eidle CLASS3 25C3 03 A\u0022 class=\u0022img-fluid js-lazy-img\u0022 loading=\u0022lazy\u0022\u003E\n                    \u003C\/a\u003E\n                            \u003C\/div\u003E\n            \u003C\/div\u003E\n\u003C\/div\u003E            \u003Cdiv class=\u0022product-tile-item js-product-tile js-block-preloader\u0022 id=\u0022js-product-tile-2725\u0022\u003E\n    \u003Cdiv class=\u0022product-tile-item-foreground js-product-tile-foreground with-variants\u0022\u003E\n        \u003Cdiv class=\u0022product-tile-item-info-wrapper\u0022 id=\u0022js-product-tile-2725-info\u0022\u003E\n            \u003Cdiv class=\u0022product-tile-item-basic-info\u0022\u003E\n    \u003Cdiv class=\u0022product-tile-item-image-wrapper position-relative\u0022\u003E\n        \u003Cdiv class=\u0022product-tile-item-image\u0022\u003E\n                        \u003Ca href=\u0022\/plastova-zidle-class3-25c4-03\u0022\u003E\n                \u003Cpicture\u003E\n                    \u003Cimg\n                            src=\u0022\u0022\n                            data-src=\u0022https:\/\/www.kresla-zidle.cz\/temp\/product\/list\/25c4-01-p17-9620-main.png\u0022\n                            alt=\u0022Plastov\u00e1 \u017eidle CLASS3 25C4 03\u0022\n                            class=\u0022img-fluid js-lazy-img\u0022\u003E\n                \u003C\/picture\u003E\n            \u003C\/a\u003E\n        \u003C\/div\u003E\n        \u003Cdiv class=\u0022product-tile-item-tags-wrapper\u0022\u003E\n    \u003Cdiv class=\u0022product-item-tags-left\u0022\u003E\n                                                    \u003C\/div\u003E\n    \u003Cdiv class=\u0022product-item-tags-right\u0022\u003E\n                                                                                \u003Cdiv class=\u0022product-tile-tags-manufacturer\u0022\u003E\n                \u003Ca href=\u0022\/mayer\u0022\u003E\n                    \u003Cimg src=\u0022https:\/\/www.kresla-zidle.cz\/images\/manufacturer-front-tag\/14.png\u0022 alt=\u0022MAYER\u0022 class=\u0022img-fluid\u0022 loading=\u0022lazy\u0022\u003E\n                \u003C\/a\u003E\n            \u003C\/div\u003E\n            \u003C\/div\u003E\n\u003C\/div\u003E    \u003C\/div\u003E\n\n                \n    \u003Cdiv class=\u0022product-tile-item-heading-info\u0022\u003E\n        \u003Cdiv class=\u0022product-tile-category\u0022\u003EKancel\u00e1\u0159\u003C\/div\u003E        \u003Ch2 class=\u0022product-tile-heading\u0022\u003E\u003Ca href=\u0022\/plastova-zidle-class3-25c4-03\u0022\u003EPlastov\u00e1 \u017eidle CLASS3 25C4 03\u003C\/a\u003E\u003C\/h2\u003E\n    \u003C\/div\u003E\n    \u003Cdiv class=\u0022product-tile-item-params\u0022\u003E\n                                            \u003C\/div\u003E\n    \u003Cdiv class=\u0022product-tile-item-price-availability\u0022\u003E\n        \u003Cdiv class=\u0022product-tile-item-price-wrapper\u0022\u003E\n            \n\n        \u003Cdiv class=\u0022price-current\u0022\u003E3 630 K\u010d\u003C\/div\u003E\n    \u003Cdiv class=\u0022price-info\u0022\u003E3 000 K\u010d bez DPH\u003C\/div\u003E        \u003C\/div\u003E\n        \u003Cdiv class=\u0022product-tile-item-availability-wrapper\u0022\u003E\n            \u003Cdiv class=\u0022availability\u0022 style=\u0022color: #fb8908;\u0022\u003E\u003Cspan class=\u0022availability-icon icon-glass-hour\u0022\u003E\u003C\/span\u003E do 28 dn\u016f\u003C\/div\u003E        \u003C\/div\u003E\n        \u003Cdiv\u003E\n            \n    \n    \n\n\n        \u003C\/div\u003E\n    \u003C\/div\u003E\n\u003C\/div\u003E\n\u003Cdiv class=\u0022product-tile-item-extended-info\u0022\u003E\n\n            \u003Cdiv class=\u0022product-tile-item-description\u0022\u003E\n            \u003Cp\u003EPlastov\u00e1 konferen\u010dn\u00ed \u017eidle s kole\u010dky bez podru\u010dek nebo s podru\u010dkami.\u003C\/p\u003E\n        \u003C\/div\u003E\n                \u003Cdiv class=\u0022product-tile-item-services\u0022\u003E\n        \u003Ca href=\u0022\/product\/favourite\/add\/2725\u0022 class=\u0022service-item \u0022 data-product-favourite=\u00222725\u0022 data-method=\u0022POST\u0022\u003E\u003Cspan class=\u0022icon-heart\u0022\u003E\u003C\/span\u003E Obl\u00edben\u00e9\u003C\/a\u003E        \u003Cspan class=\u0022service-item\u0022\u003E\u003Cspan class=\u0022icon-chart\u0022\u003E\u003C\/span\u003E 25C4 03\u003C\/span\u003E\n    \u003C\/div\u003E\n    \n            \n    \u003Cdiv class=\u0022product-tile-item-action-wrapper\u0022\u003E\n        \u003Ca href=\u0022\/plastova-zidle-class3-25c4-03\u0022 class=\u0022btn-tile\u0022\n           data-text-desktop=\u0022Detail produktu\u0022\n           data-text-mobile=\u0022Detail\u0022\u003E\u003C\/a\u003E\n                    \u003Ca href=\u0022\/plastova-zidle-class3-25c4-03\u0022\n               class=\u0022btn-tile btn-icon-right\u0022\u003E\n                \u003Cspan class=\u0022icon-shopping-cart\u0022\u003E\u003C\/span\u003E\n                \u003Cspan class=\u0022btn-tile-text\u0022\u003EKoupit\u003C\/span\u003E\n            \u003C\/a\u003E\n            \u003C\/div\u003E\n    \u003C\/div\u003E        \u003C\/div\u003E\n                            \u003Cdiv class=\u0022product-tile-item-variants js-product-item-variants\u0022\u003E\n                                                \u003Ca href=\u0022\/plastova-zidle-class3-25c4-03\u0022\n                   class=\u0022tile-varinat-tab js-variant-item js-ajax active\u0022\n                   data-show-preloader=\u00220\u0022\n                   data-href=\u0022\/product-list-tile\/3317\/2725\u0022\n                   data-toggle=\u0022tooltip\u0022 title=\u0022Plastov\u00e1 \u017eidle CLASS3 25C4 03\u0022\n                   data-placement=\u0022left\u0022\u003E\n\n                    \n                    \u003Cimg src=\u0022\u0022 data-src=\u0022https:\/\/www.kresla-zidle.cz\/temp\/product\/list\/25c4-01-p17-9620-main.png\u0022 class=\u0022img-fluid js-lazy-img\u0022 alt=\u0022Plastov\u00e1 \u017eidle CLASS3 25C4 03\u0022 loading=\u0022lazy\u0022\u003E\n                \u003C\/a\u003E\n                                                                            \u003Ca href=\u0022\/plastova-zidle-class3-25c4-03-a\u0022\n                       class=\u0022tile-varinat-tab js-variant-item js-ajax\u0022\n                       data-show-preloader=\u00220\u0022\n                       data-href=\u0022\/product-list-tile\/3652\/2725\u0022\n                       data-toggle=\u0022tooltip\u0022 title=\u0022Plastov\u00e1 \u017eidle CLASS3 25C4 03 A\u0022\n                       data-placement=\u0022left\u0022\u003E\n\n                        \n                        \u003Cimg src=\u0022\u0022 data-src=\u0022https:\/\/www.kresla-zidle.cz\/temp\/product\/list\/25c4-18-a-p17-9618-main-1.png\u0022 alt=\u0022Plastov\u00e1 \u017eidle CLASS3 25C4 03 A\u0022 class=\u0022img-fluid js-lazy-img\u0022 loading=\u0022lazy\u0022\u003E\n                    \u003C\/a\u003E\n                            \u003C\/div\u003E\n            \u003C\/div\u003E\n\u003C\/div\u003E            \u003Cdiv class=\u0022product-tile-item js-product-tile js-block-preloader\u0022 id=\u0022js-product-tile-2727\u0022\u003E\n    \u003Cdiv class=\u0022product-tile-item-foreground js-product-tile-foreground with-variants\u0022\u003E\n        \u003Cdiv class=\u0022product-tile-item-info-wrapper\u0022 id=\u0022js-product-tile-2727-info\u0022\u003E\n            \u003Cdiv class=\u0022product-tile-item-basic-info\u0022\u003E\n    \u003Cdiv class=\u0022product-tile-item-image-wrapper position-relative\u0022\u003E\n        \u003Cdiv class=\u0022product-tile-item-image\u0022\u003E\n                        \u003Ca href=\u0022\/class-lavice-42-c-vicemistna-lavice-42c\u0022\u003E\n                \u003Cpicture\u003E\n                    \u003Cimg\n                            src=\u0022\u0022\n                            data-src=\u0022https:\/\/www.kresla-zidle.cz\/temp\/product\/list\/42c2-03-2.png\u0022\n                            alt=\u0022CLASS3 - LAVICE 42C - v\u00edcem\u00edstn\u00e1 lavice\u0022\n                            class=\u0022img-fluid js-lazy-img\u0022\u003E\n                \u003C\/picture\u003E\n            \u003C\/a\u003E\n        \u003C\/div\u003E\n        \u003Cdiv class=\u0022product-tile-item-tags-wrapper\u0022\u003E\n    \u003Cdiv class=\u0022product-item-tags-left\u0022\u003E\n                                                    \u003C\/div\u003E\n    \u003Cdiv class=\u0022product-item-tags-right\u0022\u003E\n                                                                                \u003Cdiv class=\u0022product-tile-tags-manufacturer\u0022\u003E\n                \u003Ca href=\u0022\/mayer\u0022\u003E\n                    \u003Cimg src=\u0022https:\/\/www.kresla-zidle.cz\/images\/manufacturer-front-tag\/14.png\u0022 alt=\u0022MAYER\u0022 class=\u0022img-fluid\u0022 loading=\u0022lazy\u0022\u003E\n                \u003C\/a\u003E\n            \u003C\/div\u003E\n            \u003C\/div\u003E\n\u003C\/div\u003E    \u003C\/div\u003E\n\n                \n    \u003Cdiv class=\u0022product-tile-item-heading-info\u0022\u003E\n        \u003Cdiv class=\u0022product-tile-category\u0022\u003EDopl\u0148ky a lavice\u003C\/div\u003E        \u003Ch2 class=\u0022product-tile-heading\u0022\u003E\u003Ca href=\u0022\/class-lavice-42-c-vicemistna-lavice-42c\u0022\u003ECLASS3 - LAVICE 42C - v\u00edcem\u00edstn\u00e1 lavice\u003C\/a\u003E\u003C\/h2\u003E\n    \u003C\/div\u003E\n    \u003Cdiv class=\u0022product-tile-item-params\u0022\u003E\n                                            \u003C\/div\u003E\n    \u003Cdiv class=\u0022product-tile-item-price-availability\u0022\u003E\n        \u003Cdiv class=\u0022product-tile-item-price-wrapper\u0022\u003E\n            \n\n        \u003Cdiv class=\u0022price-current\u0022\u003E9 196 K\u010d\u003C\/div\u003E\n    \u003Cdiv class=\u0022price-info\u0022\u003E7 600 K\u010d bez DPH\u003C\/div\u003E        \u003C\/div\u003E\n        \u003Cdiv class=\u0022product-tile-item-availability-wrapper\u0022\u003E\n            \u003Cdiv class=\u0022availability\u0022 style=\u0022color: #fb8908;\u0022\u003E\u003Cspan class=\u0022availability-icon icon-glass-hour\u0022\u003E\u003C\/span\u003E do 28 dn\u016f\u003C\/div\u003E        \u003C\/div\u003E\n        \u003Cdiv\u003E\n            \n    \n    \n\n\n        \u003C\/div\u003E\n    \u003C\/div\u003E\n\u003C\/div\u003E\n\u003Cdiv class=\u0022product-tile-item-extended-info\u0022\u003E\n\n            \u003Cdiv class=\u0022product-tile-item-description\u0022\u003E\n            \u003Cp\u003ELavice CLASS3 s plastov\u00fdmi sed\u00e1ky a kovovou podno\u017e\u00ed.\u003C\/p\u003E\n        \u003C\/div\u003E\n                \u003Cdiv class=\u0022product-tile-item-services\u0022\u003E\n        \u003Ca href=\u0022\/product\/favourite\/add\/2727\u0022 class=\u0022service-item \u0022 data-product-favourite=\u00222727\u0022 data-method=\u0022POST\u0022\u003E\u003Cspan class=\u0022icon-heart\u0022\u003E\u003C\/span\u003E Obl\u00edben\u00e9\u003C\/a\u003E        \u003Cspan class=\u0022service-item\u0022\u003E\u003Cspan class=\u0022icon-chart\u0022\u003E\u003C\/span\u003E 42C\u003C\/span\u003E\n    \u003C\/div\u003E\n    \n            \n    \u003Cdiv class=\u0022product-tile-item-action-wrapper\u0022\u003E\n        \u003Ca href=\u0022\/class-lavice-42-c-vicemistna-lavice-42c\u0022 class=\u0022btn-tile\u0022\n           data-text-desktop=\u0022Detail produktu\u0022\n           data-text-mobile=\u0022Detail\u0022\u003E\u003C\/a\u003E\n                    \u003Ca href=\u0022\/class-lavice-42-c-vicemistna-lavice-42c\u0022\n               class=\u0022btn-tile btn-icon-right\u0022\u003E\n                \u003Cspan class=\u0022icon-shopping-cart\u0022\u003E\u003C\/span\u003E\n                \u003Cspan class=\u0022btn-tile-text\u0022\u003EKoupit\u003C\/span\u003E\n            \u003C\/a\u003E\n            \u003C\/div\u003E\n    \u003C\/div\u003E        \u003C\/div\u003E\n                            \u003Cdiv class=\u0022product-tile-item-variants js-product-item-variants\u0022\u003E\n                                                \u003Ca href=\u0022\/class-lavice-42-c-vicemistna-lavice-42c\u0022\n                   class=\u0022tile-varinat-tab js-variant-item js-ajax active\u0022\n                   data-show-preloader=\u00220\u0022\n                   data-href=\u0022\/product-list-tile\/3319\/2727\u0022\n                   data-toggle=\u0022tooltip\u0022 title=\u0022CLASS3 - LAVICE 42C - v\u00edcem\u00edstn\u00e1 lavice\u0022\n                   data-placement=\u0022left\u0022\u003E\n\n                    \n                    \u003Cimg src=\u0022\u0022 data-src=\u0022https:\/\/www.kresla-zidle.cz\/temp\/product\/list\/42c2-03-2.png\u0022 class=\u0022img-fluid js-lazy-img\u0022 alt=\u0022CLASS3 - LAVICE 42C - v\u00edcem\u00edstn\u00e1 lavice\u0022 loading=\u0022lazy\u0022\u003E\n                \u003C\/a\u003E\n                                                                            \u003Ca href=\u0022\/class3-lavice-42c-vicemistna-lavice-s-podruckami-42c-bl\u0022\n                       class=\u0022tile-varinat-tab js-variant-item js-ajax\u0022\n                       data-show-preloader=\u00220\u0022\n                       data-href=\u0022\/product-list-tile\/3322\/2727\u0022\n                       data-toggle=\u0022tooltip\u0022 title=\u0022CLASS3 - LAVICE 42C - v\u00edcem\u00edstn\u00e1 lavice s podru\u010dkami\u0022\n                       data-placement=\u0022left\u0022\u003E\n\n                        \n                        \u003Cimg src=\u0022\u0022 data-src=\u0022https:\/\/www.kresla-zidle.cz\/temp\/product\/list\/42c2-03-5.png\u0022 alt=\u0022CLASS3 - LAVICE 42C - v\u00edcem\u00edstn\u00e1 lavice s podru\u010dkami\u0022 class=\u0022img-fluid js-lazy-img\u0022 loading=\u0022lazy\u0022\u003E\n                    \u003C\/a\u003E\n                            \u003C\/div\u003E\n            \u003C\/div\u003E\n\u003C\/div\u003E            \u003Cdiv class=\u0022product-tile-item js-product-tile js-block-preloader\u0022 id=\u0022js-product-tile-2728\u0022\u003E\n    \u003Cdiv class=\u0022product-tile-item-foreground js-product-tile-foreground with-variants\u0022\u003E\n        \u003Cdiv class=\u0022product-tile-item-info-wrapper\u0022 id=\u0022js-product-tile-2728-info\u0022\u003E\n            \u003Cdiv class=\u0022product-tile-item-basic-info\u0022\u003E\n    \u003Cdiv class=\u0022product-tile-item-image-wrapper position-relative\u0022\u003E\n        \u003Cdiv class=\u0022product-tile-item-image\u0022\u003E\n                        \u003Ca href=\u0022\/class-lavice-43-c-vicemistna-lavice-43c\u0022\u003E\n                \u003Cpicture\u003E\n                    \u003Cimg\n                            src=\u0022\u0022\n                            data-src=\u0022https:\/\/www.kresla-zidle.cz\/temp\/product\/list\/43c2-03-2.png\u0022\n                            alt=\u0022CLASS3 - LAVICE 43C - v\u00edcem\u00edstn\u00e1 lavice\u0022\n                            class=\u0022img-fluid js-lazy-img\u0022\u003E\n                \u003C\/picture\u003E\n            \u003C\/a\u003E\n        \u003C\/div\u003E\n        \u003Cdiv class=\u0022product-tile-item-tags-wrapper\u0022\u003E\n    \u003Cdiv class=\u0022product-item-tags-left\u0022\u003E\n                                                    \u003C\/div\u003E\n    \u003Cdiv class=\u0022product-item-tags-right\u0022\u003E\n                                                                                \u003Cdiv class=\u0022product-tile-tags-manufacturer\u0022\u003E\n                \u003Ca href=\u0022\/mayer\u0022\u003E\n                    \u003Cimg src=\u0022https:\/\/www.kresla-zidle.cz\/images\/manufacturer-front-tag\/14.png\u0022 alt=\u0022MAYER\u0022 class=\u0022img-fluid\u0022 loading=\u0022lazy\u0022\u003E\n                \u003C\/a\u003E\n            \u003C\/div\u003E\n            \u003C\/div\u003E\n\u003C\/div\u003E    \u003C\/div\u003E\n\n                \n    \u003Cdiv class=\u0022product-tile-item-heading-info\u0022\u003E\n        \u003Cdiv class=\u0022product-tile-category\u0022\u003EDopl\u0148ky a lavice\u003C\/div\u003E        \u003Ch2 class=\u0022product-tile-heading\u0022\u003E\u003Ca href=\u0022\/class-lavice-43-c-vicemistna-lavice-43c\u0022\u003ECLASS3 - LAVICE 43C - v\u00edcem\u00edstn\u00e1 lavice\u003C\/a\u003E\u003C\/h2\u003E\n    \u003C\/div\u003E\n    \u003Cdiv class=\u0022product-tile-item-params\u0022\u003E\n                                            \u003C\/div\u003E\n    \u003Cdiv class=\u0022product-tile-item-price-availability\u0022\u003E\n        \u003Cdiv class=\u0022product-tile-item-price-wrapper\u0022\u003E\n            \n\n        \u003Cdiv class=\u0022price-current\u0022\u003E11 374 K\u010d\u003C\/div\u003E\n    \u003Cdiv class=\u0022price-info\u0022\u003E9 400 K\u010d bez DPH\u003C\/div\u003E        \u003C\/div\u003E\n        \u003Cdiv class=\u0022product-tile-item-availability-wrapper\u0022\u003E\n            \u003Cdiv class=\u0022availability\u0022 style=\u0022color: #fb8908;\u0022\u003E\u003Cspan class=\u0022availability-icon icon-glass-hour\u0022\u003E\u003C\/span\u003E do 28 dn\u016f\u003C\/div\u003E        \u003C\/div\u003E\n        \u003Cdiv\u003E\n            \n    \n    \n\n\n        \u003C\/div\u003E\n    \u003C\/div\u003E\n\u003C\/div\u003E\n\u003Cdiv class=\u0022product-tile-item-extended-info\u0022\u003E\n\n            \u003Cdiv class=\u0022product-tile-item-description\u0022\u003E\n            \u003Cp\u003ELavice CLASS3 s plastov\u00fdmi sed\u00e1ky a kovovou podno\u017e\u00ed.\u003C\/p\u003E\n        \u003C\/div\u003E\n                \u003Cdiv class=\u0022product-tile-item-services\u0022\u003E\n        \u003Ca href=\u0022\/product\/favourite\/add\/2728\u0022 class=\u0022service-item \u0022 data-product-favourite=\u00222728\u0022 data-method=\u0022POST\u0022\u003E\u003Cspan class=\u0022icon-heart\u0022\u003E\u003C\/span\u003E Obl\u00edben\u00e9\u003C\/a\u003E        \u003Cspan class=\u0022service-item\u0022\u003E\u003Cspan class=\u0022icon-chart\u0022\u003E\u003C\/span\u003E 43C\u003C\/span\u003E\n    \u003C\/div\u003E\n    \n            \n    \u003Cdiv class=\u0022product-tile-item-action-wrapper\u0022\u003E\n        \u003Ca href=\u0022\/class-lavice-43-c-vicemistna-lavice-43c\u0022 class=\u0022btn-tile\u0022\n           data-text-desktop=\u0022Detail produktu\u0022\n           data-text-mobile=\u0022Detail\u0022\u003E\u003C\/a\u003E\n                    \u003Ca href=\u0022\/class-lavice-43-c-vicemistna-lavice-43c\u0022\n               class=\u0022btn-tile btn-icon-right\u0022\u003E\n                \u003Cspan class=\u0022icon-shopping-cart\u0022\u003E\u003C\/span\u003E\n                \u003Cspan class=\u0022btn-tile-text\u0022\u003EKoupit\u003C\/span\u003E\n            \u003C\/a\u003E\n            \u003C\/div\u003E\n    \u003C\/div\u003E        \u003C\/div\u003E\n                            \u003Cdiv class=\u0022product-tile-item-variants js-product-item-variants\u0022\u003E\n                                                \u003Ca href=\u0022\/class-lavice-43-c-vicemistna-lavice-43c\u0022\n                   class=\u0022tile-varinat-tab js-variant-item js-ajax active\u0022\n                   data-show-preloader=\u00220\u0022\n                   data-href=\u0022\/product-list-tile\/3325\/2728\u0022\n                   data-toggle=\u0022tooltip\u0022 title=\u0022CLASS3 - LAVICE 43C - v\u00edcem\u00edstn\u00e1 lavice\u0022\n                   data-placement=\u0022left\u0022\u003E\n\n                    \n                    \u003Cimg src=\u0022\u0022 data-src=\u0022https:\/\/www.kresla-zidle.cz\/temp\/product\/list\/43c2-03-2.png\u0022 class=\u0022img-fluid js-lazy-img\u0022 alt=\u0022CLASS3 - LAVICE 43C - v\u00edcem\u00edstn\u00e1 lavice\u0022 loading=\u0022lazy\u0022\u003E\n                \u003C\/a\u003E\n                                                                            \u003Ca href=\u0022\/class3-lavice-43c-vicemistna-lavice-s-podruckami-43c-bl\u0022\n                       class=\u0022tile-varinat-tab js-variant-item js-ajax\u0022\n                       data-show-preloader=\u00220\u0022\n                       data-href=\u0022\/product-list-tile\/3327\/2728\u0022\n                       data-toggle=\u0022tooltip\u0022 title=\u0022CLASS3 - LAVICE 43C - v\u00edcem\u00edstn\u00e1 lavice s podru\u010dkami\u0022\n                       data-placement=\u0022left\u0022\u003E\n\n                        \n                        \u003Cimg src=\u0022\u0022 data-src=\u0022https:\/\/www.kresla-zidle.cz\/temp\/product\/list\/43c2-03-4.png\u0022 alt=\u0022CLASS3 - LAVICE 43C - v\u00edcem\u00edstn\u00e1 lavice s podru\u010dkami\u0022 class=\u0022img-fluid js-lazy-img\u0022 loading=\u0022lazy\u0022\u003E\n                    \u003C\/a\u003E\n                            \u003C\/div\u003E\n            \u003C\/div\u003E\n\u003C\/div\u003E            \u003Cdiv class=\u0022product-tile-item js-product-tile js-block-preloader\u0022 id=\u0022js-product-tile-2867\u0022\u003E\n    \u003Cdiv class=\u0022product-tile-item-foreground js-product-tile-foreground with-variants\u0022\u003E\n        \u003Cdiv class=\u0022product-tile-item-info-wrapper\u0022 id=\u0022js-product-tile-2867-info\u0022\u003E\n            \u003Cdiv class=\u0022product-tile-item-basic-info\u0022\u003E\n    \u003Cdiv class=\u0022product-tile-item-image-wrapper position-relative\u0022\u003E\n        \u003Cdiv class=\u0022product-tile-item-image\u0022\u003E\n                        \u003Ca href=\u0022\/medi-1214-s-zdravotnicka-stolicka-s-naklapecim-delenym-sedakem-1214-s\u0022\u003E\n                \u003Cpicture\u003E\n                    \u003Cimg\n                            src=\u0022\u0022\n                            data-src=\u0022https:\/\/www.kresla-zidle.cz\/temp\/product\/list\/1214-s-30-511-10874.png\u0022\n                            alt=\u0022zdravotnick\u00e1 stoli\u010dka MEDI 1214 S\u0022\n                            class=\u0022img-fluid js-lazy-img\u0022\u003E\n                \u003C\/picture\u003E\n            \u003C\/a\u003E\n        \u003C\/div\u003E\n        \u003Cdiv class=\u0022product-tile-item-tags-wrapper\u0022\u003E\n    \u003Cdiv class=\u0022product-item-tags-left\u0022\u003E\n                                                    \u003C\/div\u003E\n    \u003Cdiv class=\u0022product-item-tags-right\u0022\u003E\n                                                    \u003Cdiv class=\u0022tag-item-wrapper\u0022\u003E\n            \u003Cdiv class=\u0022tag-item\u0022 style=\u0022background-color: #e00000;color: #ffffff;\u0022\u003E\n            Novinka\n        \u003C\/div\u003E\n    \u003C\/div\u003E                                                \u003Cdiv class=\u0022product-tile-tags-manufacturer\u0022\u003E\n                \u003Ca href=\u0022\/mayer\u0022\u003E\n                    \u003Cimg src=\u0022https:\/\/www.kresla-zidle.cz\/images\/manufacturer-front-tag\/14.png\u0022 alt=\u0022MAYER\u0022 class=\u0022img-fluid\u0022 loading=\u0022lazy\u0022\u003E\n                \u003C\/a\u003E\n            \u003C\/div\u003E\n            \u003C\/div\u003E\n\u003C\/div\u003E    \u003C\/div\u003E\n\n                \n    \u003Cdiv class=\u0022product-tile-item-heading-info\u0022\u003E\n        \u003Cdiv class=\u0022product-tile-category\u0022\u003ELaboratorn\u00ed a zdravotn\u00ed \u017eidle\u003C\/div\u003E        \u003Ch2 class=\u0022product-tile-heading\u0022\u003E\u003Ca href=\u0022\/medi-1214-s-zdravotnicka-stolicka-s-naklapecim-delenym-sedakem-1214-s\u0022\u003EMEDI 1214 S Zdravotnick\u00e1 stoli\u010dka s nakl\u00e1p\u011bc\u00edm d\u011blen\u00fdm sed\u00e1kem\u003C\/a\u003E\u003C\/h2\u003E\n    \u003C\/div\u003E\n    \u003Cdiv class=\u0022product-tile-item-params\u0022\u003E\n                                            \u003C\/div\u003E\n    \u003Cdiv class=\u0022product-tile-item-price-availability\u0022\u003E\n        \u003Cdiv class=\u0022product-tile-item-price-wrapper\u0022\u003E\n            \n\n        \u003Cdiv class=\u0022price-current\u0022\u003E7 744 K\u010d\u003C\/div\u003E\n    \u003Cdiv class=\u0022price-info\u0022\u003E6 400 K\u010d bez DPH\u003C\/div\u003E        \u003C\/div\u003E\n        \u003Cdiv class=\u0022product-tile-item-availability-wrapper\u0022\u003E\n            \u003Cdiv class=\u0022availability\u0022\u003E\u003Cspan class=\u0022availability-icon icon-glass-hour\u0022\u003E\u003C\/span\u003E do 7 dn\u016f\u003C\/div\u003E        \u003C\/div\u003E\n        \u003Cdiv\u003E\n            \n    \n    \n\n\n        \u003C\/div\u003E\n    \u003C\/div\u003E\n\u003C\/div\u003E\n\u003Cdiv class=\u0022product-tile-item-extended-info\u0022\u003E\n\n            \u003Cdiv class=\u0022product-tile-item-description\u0022\u003E\n            \u003Cp\u003EStoli\u010dka s nakl\u00e1p\u011bc\u00edm d\u011blen\u00fdm sedlov\u00fdm sed\u00e1kem.\u003C\/p\u003E\n        \u003C\/div\u003E\n                \u003Cdiv class=\u0022product-tile-item-services\u0022\u003E\n        \u003Ca href=\u0022\/product\/favourite\/add\/2867\u0022 class=\u0022service-item \u0022 data-product-favourite=\u00222867\u0022 data-method=\u0022POST\u0022\u003E\u003Cspan class=\u0022icon-heart\u0022\u003E\u003C\/span\u003E Obl\u00edben\u00e9\u003C\/a\u003E        \u003Cspan class=\u0022service-item\u0022\u003E\u003Cspan class=\u0022icon-chart\u0022\u003E\u003C\/span\u003E 1214 S\u003C\/span\u003E\n    \u003C\/div\u003E\n    \n            \n    \u003Cdiv class=\u0022product-tile-item-action-wrapper\u0022\u003E\n        \u003Ca href=\u0022\/medi-1214-s-zdravotnicka-stolicka-s-naklapecim-delenym-sedakem-1214-s\u0022 class=\u0022btn-tile\u0022\n           data-text-desktop=\u0022Detail produktu\u0022\n           data-text-mobile=\u0022Detail\u0022\u003E\u003C\/a\u003E\n                    \u003Ca href=\u0022\/medi-1214-s-zdravotnicka-stolicka-s-naklapecim-delenym-sedakem-1214-s\u0022\n               class=\u0022btn-tile btn-icon-right\u0022\u003E\n                \u003Cspan class=\u0022icon-shopping-cart\u0022\u003E\u003C\/span\u003E\n                \u003Cspan class=\u0022btn-tile-text\u0022\u003EKoupit\u003C\/span\u003E\n            \u003C\/a\u003E\n            \u003C\/div\u003E\n    \u003C\/div\u003E        \u003C\/div\u003E\n                            \u003Cdiv class=\u0022product-tile-item-variants js-product-item-variants\u0022\u003E\n                                                \u003Ca href=\u0022\/medi-1214-s-zdravotnicka-stolicka-s-naklapecim-delenym-sedakem-1214-s\u0022\n                   class=\u0022tile-varinat-tab js-variant-item js-ajax active\u0022\n                   data-show-preloader=\u00220\u0022\n                   data-href=\u0022\/product-list-tile\/3512\/2867\u0022\n                   data-toggle=\u0022tooltip\u0022 title=\u0022MEDI 1214 S Zdravotnick\u00e1 stoli\u010dka s nakl\u00e1p\u011bc\u00edm d\u011blen\u00fdm sed\u00e1kem\u0022\n                   data-placement=\u0022left\u0022\u003E\n\n                    \n                    \u003Cimg src=\u0022\u0022 data-src=\u0022https:\/\/www.kresla-zidle.cz\/temp\/product\/list\/1214-s-30-511-10874.png\u0022 class=\u0022img-fluid js-lazy-img\u0022 alt=\u0022MEDI 1214 S Zdravotnick\u00e1 stoli\u010dka s nakl\u00e1p\u011bc\u00edm d\u011blen\u00fdm sed\u00e1kem\u0022 loading=\u0022lazy\u0022\u003E\n                \u003C\/a\u003E\n                                                                            \u003Ca href=\u0022\/medi-1214-s-mi-zdravotnicka-stolicka-s-naklapecim-delenym-sedakem-medi-1214-s-mi\u0022\n                       class=\u0022tile-varinat-tab js-variant-item js-ajax\u0022\n                       data-show-preloader=\u00220\u0022\n                       data-href=\u0022\/product-list-tile\/3513\/2867\u0022\n                       data-toggle=\u0022tooltip\u0022 title=\u0022MEDI 1214 S MI Zdravotnick\u00e1 stoli\u010dka s nakl\u00e1p\u011bc\u00edm d\u011blen\u00fdm sed\u00e1kem (mal\u00fd k\u0159\u00ed\u017e)\u0022\n                       data-placement=\u0022left\u0022\u003E\n\n                        \n                        \u003Cimg src=\u0022\u0022 data-src=\u0022https:\/\/www.kresla-zidle.cz\/temp\/product\/list\/1214-mi.png\u0022 alt=\u0022MEDI 1214 S MI Zdravotnick\u00e1 stoli\u010dka s nakl\u00e1p\u011bc\u00edm d\u011blen\u00fdm sed\u00e1kem (mal\u00fd k\u0159\u00ed\u017e)\u0022 class=\u0022img-fluid js-lazy-img\u0022 loading=\u0022lazy\u0022\u003E\n                    \u003C\/a\u003E\n                            \u003C\/div\u003E\n            \u003C\/div\u003E\n\u003C\/div\u003E            \u003Cdiv class=\u0022product-tile-item js-product-tile js-block-preloader\u0022 id=\u0022js-product-tile-2868\u0022\u003E\n    \u003Cdiv class=\u0022product-tile-item-foreground js-product-tile-foreground with-variants\u0022\u003E\n        \u003Cdiv class=\u0022product-tile-item-info-wrapper\u0022 id=\u0022js-product-tile-2868-info\u0022\u003E\n            \u003Cdiv class=\u0022product-tile-item-basic-info\u0022\u003E\n    \u003Cdiv class=\u0022product-tile-item-image-wrapper position-relative\u0022\u003E\n        \u003Cdiv class=\u0022product-tile-item-image\u0022\u003E\n                        \u003Ca href=\u0022\/medi-1214-s-vp-zdravotnicka-stolicka-s-naklapecim-delenym-sedakem-1214-s-vp\u0022\u003E\n                \u003Cpicture\u003E\n                    \u003Cimg\n                            src=\u0022\u0022\n                            data-src=\u0022https:\/\/www.kresla-zidle.cz\/temp\/product\/list\/1214-vp-modra.png\u0022\n                            alt=\u00221214 S VP stoli\u010dka s d\u011blen\u00fdm nakl\u00e1p\u011bc\u00edm sed\u00e1kem\u0022\n                            class=\u0022img-fluid js-lazy-img\u0022\u003E\n                \u003C\/picture\u003E\n            \u003C\/a\u003E\n        \u003C\/div\u003E\n        \u003Cdiv class=\u0022product-tile-item-tags-wrapper\u0022\u003E\n    \u003Cdiv class=\u0022product-item-tags-left\u0022\u003E\n                                                    \u003C\/div\u003E\n    \u003Cdiv class=\u0022product-item-tags-right\u0022\u003E\n                                                    \u003Cdiv class=\u0022tag-item-wrapper\u0022\u003E\n            \u003Cdiv class=\u0022tag-item\u0022 style=\u0022background-color: #e00000;color: #ffffff;\u0022\u003E\n            Novinka\n        \u003C\/div\u003E\n    \u003C\/div\u003E                                                \u003Cdiv class=\u0022product-tile-tags-manufacturer\u0022\u003E\n                \u003Ca href=\u0022\/mayer\u0022\u003E\n                    \u003Cimg src=\u0022https:\/\/www.kresla-zidle.cz\/images\/manufacturer-front-tag\/14.png\u0022 alt=\u0022MAYER\u0022 class=\u0022img-fluid\u0022 loading=\u0022lazy\u0022\u003E\n                \u003C\/a\u003E\n            \u003C\/div\u003E\n            \u003C\/div\u003E\n\u003C\/div\u003E    \u003C\/div\u003E\n\n                \n    \u003Cdiv class=\u0022product-tile-item-heading-info\u0022\u003E\n        \u003Cdiv class=\u0022product-tile-category\u0022\u003ELaboratorn\u00ed a zdravotn\u00ed \u017eidle\u003C\/div\u003E        \u003Ch2 class=\u0022product-tile-heading\u0022\u003E\u003Ca href=\u0022\/medi-1214-s-vp-zdravotnicka-stolicka-s-naklapecim-delenym-sedakem-1214-s-vp\u0022\u003EMEDI 1214 S VP Zdravotnick\u00e1 stoli\u010dka s nakl\u00e1p\u011bc\u00edm d\u011blen\u00fdm sed\u00e1kem\u003C\/a\u003E\u003C\/h2\u003E\n    \u003C\/div\u003E\n    \u003Cdiv class=\u0022product-tile-item-params\u0022\u003E\n                                            \u003C\/div\u003E\n    \u003Cdiv class=\u0022product-tile-item-price-availability\u0022\u003E\n        \u003Cdiv class=\u0022product-tile-item-price-wrapper\u0022\u003E\n            \n\n        \u003Cdiv class=\u0022price-current\u0022\u003E8 047 K\u010d\u003C\/div\u003E\n    \u003Cdiv class=\u0022price-info\u0022\u003E6 650 K\u010d bez DPH\u003C\/div\u003E        \u003C\/div\u003E\n        \u003Cdiv class=\u0022product-tile-item-availability-wrapper\u0022\u003E\n            \u003Cdiv class=\u0022availability\u0022\u003E\u003Cspan class=\u0022availability-icon icon-glass-hour\u0022\u003E\u003C\/span\u003E do 7 dn\u016f\u003C\/div\u003E        \u003C\/div\u003E\n        \u003Cdiv\u003E\n            \n    \n    \n\n\n        \u003C\/div\u003E\n    \u003C\/div\u003E\n\u003C\/div\u003E\n\u003Cdiv class=\u0022product-tile-item-extended-info\u0022\u003E\n\n            \u003Cdiv class=\u0022product-tile-item-description\u0022\u003E\n            \u003Cp\u003EStoli\u010dka s nakl\u00e1p\u011bc\u00edm d\u011blen\u00fdm sedlov\u00fdm sed\u00e1kem.\u003C\/p\u003E\n        \u003C\/div\u003E\n                \u003Cdiv class=\u0022product-tile-item-services\u0022\u003E\n        \u003Ca href=\u0022\/product\/favourite\/add\/2868\u0022 class=\u0022service-item \u0022 data-product-favourite=\u00222868\u0022 data-method=\u0022POST\u0022\u003E\u003Cspan class=\u0022icon-heart\u0022\u003E\u003C\/span\u003E Obl\u00edben\u00e9\u003C\/a\u003E        \u003Cspan class=\u0022service-item\u0022\u003E\u003Cspan class=\u0022icon-chart\u0022\u003E\u003C\/span\u003E 1214 S VP\u003C\/span\u003E\n    \u003C\/div\u003E\n    \n            \n    \u003Cdiv class=\u0022product-tile-item-action-wrapper\u0022\u003E\n        \u003Ca href=\u0022\/medi-1214-s-vp-zdravotnicka-stolicka-s-naklapecim-delenym-sedakem-1214-s-vp\u0022 class=\u0022btn-tile\u0022\n           data-text-desktop=\u0022Detail produktu\u0022\n           data-text-mobile=\u0022Detail\u0022\u003E\u003C\/a\u003E\n                    \u003Ca href=\u0022\/medi-1214-s-vp-zdravotnicka-stolicka-s-naklapecim-delenym-sedakem-1214-s-vp\u0022\n               class=\u0022btn-tile btn-icon-right\u0022\u003E\n                \u003Cspan class=\u0022icon-shopping-cart\u0022\u003E\u003C\/span\u003E\n                \u003Cspan class=\u0022btn-tile-text\u0022\u003EKoupit\u003C\/span\u003E\n            \u003C\/a\u003E\n            \u003C\/div\u003E\n    \u003C\/div\u003E        \u003C\/div\u003E\n                            \u003Cdiv class=\u0022product-tile-item-variants js-product-item-variants\u0022\u003E\n                                                \u003Ca href=\u0022\/medi-1214-s-vp-zdravotnicka-stolicka-s-naklapecim-delenym-sedakem-1214-s-vp\u0022\n                   class=\u0022tile-varinat-tab js-variant-item js-ajax active\u0022\n                   data-show-preloader=\u00220\u0022\n                   data-href=\u0022\/product-list-tile\/3514\/2868\u0022\n                   data-toggle=\u0022tooltip\u0022 title=\u0022MEDI 1214 S VP Zdravotnick\u00e1 stoli\u010dka s nakl\u00e1p\u011bc\u00edm d\u011blen\u00fdm sed\u00e1kem\u0022\n                   data-placement=\u0022left\u0022\u003E\n\n                    \n                    \u003Cimg src=\u0022\u0022 data-src=\u0022https:\/\/www.kresla-zidle.cz\/temp\/product\/list\/1214-vp-modra.png\u0022 class=\u0022img-fluid js-lazy-img\u0022 alt=\u0022MEDI 1214 S VP Zdravotnick\u00e1 stoli\u010dka s nakl\u00e1p\u011bc\u00edm d\u011blen\u00fdm sed\u00e1kem\u0022 loading=\u0022lazy\u0022\u003E\n                \u003C\/a\u003E\n                                                                            \u003Ca href=\u0022\/medi-1214-s-vp-kk-zdravotnicka-stolicka-s-naklapecim-delenym-sedakem-kruh-na-nohy-medi-1214-s-vp-kk\u0022\n                       class=\u0022tile-varinat-tab js-variant-item js-ajax\u0022\n                       data-show-preloader=\u00220\u0022\n                       data-href=\u0022\/product-list-tile\/3515\/2868\u0022\n                       data-toggle=\u0022tooltip\u0022 title=\u0022MEDI 1214 S VP KK Zdravotnick\u00e1 stoli\u010dka s nakl\u00e1p\u011bc\u00edm d\u011blen\u00fdm sed\u00e1kem (kruh na nohy)\u0022\n                       data-placement=\u0022left\u0022\u003E\n\n                        \n                        \u003Cimg src=\u0022\u0022 data-src=\u0022https:\/\/www.kresla-zidle.cz\/temp\/product\/list\/1214-kk-modra.png\u0022 alt=\u0022MEDI 1214 S VP KK Zdravotnick\u00e1 stoli\u010dka s nakl\u00e1p\u011bc\u00edm d\u011blen\u00fdm sed\u00e1kem (kruh na nohy)\u0022 class=\u0022img-fluid js-lazy-img\u0022 loading=\u0022lazy\u0022\u003E\n                    \u003C\/a\u003E\n                            \u003C\/div\u003E\n            \u003C\/div\u003E\n\u003C\/div\u003E            \u003Cdiv class=\u0022product-tile-item js-product-tile js-block-preloader\u0022 id=\u0022js-product-tile-2885\u0022\u003E\n    \u003Cdiv class=\u0022product-tile-item-foreground js-product-tile-foreground with-variants\u0022\u003E\n        \u003Cdiv class=\u0022product-tile-item-info-wrapper\u0022 id=\u0022js-product-tile-2885-info\u0022\u003E\n            \u003Cdiv class=\u0022product-tile-item-basic-info\u0022\u003E\n    \u003Cdiv class=\u0022product-tile-item-image-wrapper position-relative\u0022\u003E\n        \u003Cdiv class=\u0022product-tile-item-image\u0022\u003E\n                        \u003Ca href=\u0022\/medi-1215-s-zdravotnicka-stolicka-s-naklapecim-delenym-sedakem-s-oporou-beder-1215-s\u0022\u003E\n                \u003Cpicture\u003E\n                    \u003Cimg\n                            src=\u0022\u0022\n                            data-src=\u0022https:\/\/www.kresla-zidle.cz\/temp\/product\/list\/1215-s-30-510-10921.png\u0022\n                            alt=\u0022zdravotnick\u00e1 stoli\u010dka s d\u011blen\u00fdm nakl\u00e1p\u011bc\u00edm sed\u00e1kem a oporou zad 1215 S\u0022\n                            class=\u0022img-fluid js-lazy-img\u0022\u003E\n                \u003C\/picture\u003E\n            \u003C\/a\u003E\n        \u003C\/div\u003E\n        \u003Cdiv class=\u0022product-tile-item-tags-wrapper\u0022\u003E\n    \u003Cdiv class=\u0022product-item-tags-left\u0022\u003E\n                                                    \u003C\/div\u003E\n    \u003Cdiv class=\u0022product-item-tags-right\u0022\u003E\n                                                    \u003Cdiv class=\u0022tag-item-wrapper\u0022\u003E\n            \u003Cdiv class=\u0022tag-item\u0022 style=\u0022background-color: #e00000;color: #ffffff;\u0022\u003E\n            Novinka\n        \u003C\/div\u003E\n    \u003C\/div\u003E                                                \u003Cdiv class=\u0022product-tile-tags-manufacturer\u0022\u003E\n                \u003Ca href=\u0022\/mayer\u0022\u003E\n                    \u003Cimg src=\u0022https:\/\/www.kresla-zidle.cz\/images\/manufacturer-front-tag\/14.png\u0022 alt=\u0022MAYER\u0022 class=\u0022img-fluid\u0022 loading=\u0022lazy\u0022\u003E\n                \u003C\/a\u003E\n            \u003C\/div\u003E\n            \u003C\/div\u003E\n\u003C\/div\u003E    \u003C\/div\u003E\n\n                \n    \u003Cdiv class=\u0022product-tile-item-heading-info\u0022\u003E\n        \u003Cdiv class=\u0022product-tile-category\u0022\u003ELaboratorn\u00ed a zdravotn\u00ed \u017eidle\u003C\/div\u003E        \u003Ch2 class=\u0022product-tile-heading\u0022\u003E\u003Ca href=\u0022\/medi-1215-s-zdravotnicka-stolicka-s-naklapecim-delenym-sedakem-s-oporou-beder-1215-s\u0022\u003EMEDI 1215 S Zdravotnick\u00e1 stoli\u010dka s nakl\u00e1p\u011bc\u00edm d\u011blen\u00fdm sed\u00e1kem s oporou beder\u003C\/a\u003E\u003C\/h2\u003E\n    \u003C\/div\u003E\n    \u003Cdiv class=\u0022product-tile-item-params\u0022\u003E\n                                            \u003C\/div\u003E\n    \u003Cdiv class=\u0022product-tile-item-price-availability\u0022\u003E\n        \u003Cdiv class=\u0022product-tile-item-price-wrapper\u0022\u003E\n            \n\n        \u003Cdiv class=\u0022price-current\u0022\u003E9 075 K\u010d\u003C\/div\u003E\n    \u003Cdiv class=\u0022price-info\u0022\u003E7 500 K\u010d bez DPH\u003C\/div\u003E        \u003C\/div\u003E\n        \u003Cdiv class=\u0022product-tile-item-availability-wrapper\u0022\u003E\n            \u003Cdiv class=\u0022availability\u0022\u003E\u003Cspan class=\u0022availability-icon icon-glass-hour\u0022\u003E\u003C\/span\u003E do 7 dn\u016f\u003C\/div\u003E        \u003C\/div\u003E\n        \u003Cdiv\u003E\n            \n    \n    \n\n\n        \u003C\/div\u003E\n    \u003C\/div\u003E\n\u003C\/div\u003E\n\u003Cdiv class=\u0022product-tile-item-extended-info\u0022\u003E\n\n            \u003Cdiv class=\u0022product-tile-item-description\u0022\u003E\n            \u003Cp\u003EStoli\u010dka s nakl\u00e1p\u011bc\u00edm d\u011blen\u00fdm sedlov\u00fdm sed\u00e1kem s oporou beder.\u003C\/p\u003E\n        \u003C\/div\u003E\n                \u003Cdiv class=\u0022product-tile-item-services\u0022\u003E\n        \u003Ca href=\u0022\/product\/favourite\/add\/2885\u0022 class=\u0022service-item \u0022 data-product-favourite=\u00222885\u0022 data-method=\u0022POST\u0022\u003E\u003Cspan class=\u0022icon-heart\u0022\u003E\u003C\/span\u003E Obl\u00edben\u00e9\u003C\/a\u003E        \u003Cspan class=\u0022service-item\u0022\u003E\u003Cspan class=\u0022icon-chart\u0022\u003E\u003C\/span\u003E 1215 S\u003C\/span\u003E\n    \u003C\/div\u003E\n    \n            \n    \u003Cdiv class=\u0022product-tile-item-action-wrapper\u0022\u003E\n        \u003Ca href=\u0022\/medi-1215-s-zdravotnicka-stolicka-s-naklapecim-delenym-sedakem-s-oporou-beder-1215-s\u0022 class=\u0022btn-tile\u0022\n           data-text-desktop=\u0022Detail produktu\u0022\n           data-text-mobile=\u0022Detail\u0022\u003E\u003C\/a\u003E\n                    \u003Ca href=\u0022\/medi-1215-s-zdravotnicka-stolicka-s-naklapecim-delenym-sedakem-s-oporou-beder-1215-s\u0022\n               class=\u0022btn-tile btn-icon-right\u0022\u003E\n                \u003Cspan class=\u0022icon-shopping-cart\u0022\u003E\u003C\/span\u003E\n                \u003Cspan class=\u0022btn-tile-text\u0022\u003EKoupit\u003C\/span\u003E\n            \u003C\/a\u003E\n            \u003C\/div\u003E\n    \u003C\/div\u003E        \u003C\/div\u003E\n                            \u003Cdiv class=\u0022product-tile-item-variants js-product-item-variants\u0022\u003E\n                                                \u003Ca href=\u0022\/medi-1215-s-zdravotnicka-stolicka-s-naklapecim-delenym-sedakem-s-oporou-beder-1215-s\u0022\n                   class=\u0022tile-varinat-tab js-variant-item js-ajax active\u0022\n                   data-show-preloader=\u00220\u0022\n                   data-href=\u0022\/product-list-tile\/3543\/2885\u0022\n                   data-toggle=\u0022tooltip\u0022 title=\u0022MEDI 1215 S Zdravotnick\u00e1 stoli\u010dka s nakl\u00e1p\u011bc\u00edm d\u011blen\u00fdm sed\u00e1kem s oporou beder\u0022\n                   data-placement=\u0022left\u0022\u003E\n\n                    \n                    \u003Cimg src=\u0022\u0022 data-src=\u0022https:\/\/www.kresla-zidle.cz\/temp\/product\/list\/1215-s-30-510-10921.png\u0022 class=\u0022img-fluid js-lazy-img\u0022 alt=\u0022MEDI 1215 S Zdravotnick\u00e1 stoli\u010dka s nakl\u00e1p\u011bc\u00edm d\u011blen\u00fdm sed\u00e1kem s oporou beder\u0022 loading=\u0022lazy\u0022\u003E\n                \u003C\/a\u003E\n                                                                            \u003Ca href=\u0022\/medi-1215-s-kk-zdravotnicka-stolicka-s-naklapecim-delenym-sedakem-s-oporou-beder-medi-1215-s-kk\u0022\n                       class=\u0022tile-varinat-tab js-variant-item js-ajax\u0022\n                       data-show-preloader=\u00220\u0022\n                       data-href=\u0022\/product-list-tile\/3544\/2885\u0022\n                       data-toggle=\u0022tooltip\u0022 title=\u0022MEDI 1215 S KK Zdravotnick\u00e1 stoli\u010dka s nakl\u00e1p\u011bc\u00edm d\u011blen\u00fdm sed\u00e1kem s oporou beder\u0022\n                       data-placement=\u0022left\u0022\u003E\n\n                        \n                        \u003Cimg src=\u0022\u0022 data-src=\u0022https:\/\/www.kresla-zidle.cz\/temp\/product\/list\/snimek-obrazovky-2025-12-01-143553-kk.png\u0022 alt=\u0022MEDI 1215 S KK Zdravotnick\u00e1 stoli\u010dka s nakl\u00e1p\u011bc\u00edm d\u011blen\u00fdm sed\u00e1kem s oporou beder\u0022 class=\u0022img-fluid js-lazy-img\u0022 loading=\u0022lazy\u0022\u003E\n                    \u003C\/a\u003E\n                            \u003C\/div\u003E\n            \u003C\/div\u003E\n\u003C\/div\u003E            \u003Cdiv class=\u0022product-tile-item js-product-tile js-block-preloader\u0022 id=\u0022js-product-tile-2887\u0022\u003E\n    \u003Cdiv class=\u0022product-tile-item-foreground js-product-tile-foreground with-variants\u0022\u003E\n        \u003Cdiv class=\u0022product-tile-item-info-wrapper\u0022 id=\u0022js-product-tile-2887-info\u0022\u003E\n            \u003Cdiv class=\u0022product-tile-item-basic-info\u0022\u003E\n    \u003Cdiv class=\u0022product-tile-item-image-wrapper position-relative\u0022\u003E\n        \u003Cdiv class=\u0022product-tile-item-image\u0022\u003E\n                        \u003Ca href=\u0022\/medi-1215-s-vp-vysoka-zdravotnicka-stolicka-s-naklapecim-delenym-sedakem-s-oporou-beder-1215-s-vp\u0022\u003E\n                \u003Cpicture\u003E\n                    \u003Cimg\n                            src=\u0022\u0022\n                            data-src=\u0022https:\/\/www.kresla-zidle.cz\/temp\/product\/list\/1215-s-30-510-10921d.png\u0022\n                            alt=\u0022zdravotnick\u00e1 stoli\u010dka 1215 S VP\u0022\n                            class=\u0022img-fluid js-lazy-img\u0022\u003E\n                \u003C\/picture\u003E\n            \u003C\/a\u003E\n        \u003C\/div\u003E\n        \u003Cdiv class=\u0022product-tile-item-tags-wrapper\u0022\u003E\n    \u003Cdiv class=\u0022product-item-tags-left\u0022\u003E\n                                                    \u003C\/div\u003E\n    \u003Cdiv class=\u0022product-item-tags-right\u0022\u003E\n                                                    \u003Cdiv class=\u0022tag-item-wrapper\u0022\u003E\n            \u003Cdiv class=\u0022tag-item\u0022 style=\u0022background-color: #e00000;color: #ffffff;\u0022\u003E\n            Novinka\n        \u003C\/div\u003E\n    \u003C\/div\u003E                                                \u003Cdiv class=\u0022product-tile-tags-manufacturer\u0022\u003E\n                \u003Ca href=\u0022\/mayer\u0022\u003E\n                    \u003Cimg src=\u0022https:\/\/www.kresla-zidle.cz\/images\/manufacturer-front-tag\/14.png\u0022 alt=\u0022MAYER\u0022 class=\u0022img-fluid\u0022 loading=\u0022lazy\u0022\u003E\n                \u003C\/a\u003E\n            \u003C\/div\u003E\n            \u003C\/div\u003E\n\u003C\/div\u003E    \u003C\/div\u003E\n\n                \n    \u003Cdiv class=\u0022product-tile-item-heading-info\u0022\u003E\n        \u003Cdiv class=\u0022product-tile-category\u0022\u003ELaboratorn\u00ed a zdravotn\u00ed \u017eidle\u003C\/div\u003E        \u003Ch2 class=\u0022product-tile-heading\u0022\u003E\u003Ca href=\u0022\/medi-1215-s-vp-vysoka-zdravotnicka-stolicka-s-naklapecim-delenym-sedakem-s-oporou-beder-1215-s-vp\u0022\u003EMEDI 1215 S VP vysok\u00e1 zdravotnick\u00e1 stoli\u010dka s nakl\u00e1p\u011bc\u00edm d\u011blen\u00fdm sed\u00e1kem s oporou beder\u003C\/a\u003E\u003C\/h2\u003E\n    \u003C\/div\u003E\n    \u003Cdiv class=\u0022product-tile-item-params\u0022\u003E\n                                            \u003C\/div\u003E\n    \u003Cdiv class=\u0022product-tile-item-price-availability\u0022\u003E\n        \u003Cdiv class=\u0022product-tile-item-price-wrapper\u0022\u003E\n            \n\n        \u003Cdiv class=\u0022price-current\u0022\u003E9 378 K\u010d\u003C\/div\u003E\n    \u003Cdiv class=\u0022price-info\u0022\u003E7 750 K\u010d bez DPH\u003C\/div\u003E        \u003C\/div\u003E\n        \u003Cdiv class=\u0022product-tile-item-availability-wrapper\u0022\u003E\n            \u003Cdiv class=\u0022availability\u0022\u003E\u003Cspan class=\u0022availability-icon icon-glass-hour\u0022\u003E\u003C\/span\u003E do 7 dn\u016f\u003C\/div\u003E        \u003C\/div\u003E\n        \u003Cdiv\u003E\n            \n    \n    \n\n\n        \u003C\/div\u003E\n    \u003C\/div\u003E\n\u003C\/div\u003E\n\u003Cdiv class=\u0022product-tile-item-extended-info\u0022\u003E\n\n            \u003Cdiv class=\u0022product-tile-item-description\u0022\u003E\n            \u003Cp\u003EStoli\u010dka s nakl\u00e1p\u011bc\u00edm d\u011blen\u00fdm sedlov\u00fdm sed\u00e1kem.\u003C\/p\u003E\n        \u003C\/div\u003E\n                \u003Cdiv class=\u0022product-tile-item-services\u0022\u003E\n        \u003Ca href=\u0022\/product\/favourite\/add\/2887\u0022 class=\u0022service-item \u0022 data-product-favourite=\u00222887\u0022 data-method=\u0022POST\u0022\u003E\u003Cspan class=\u0022icon-heart\u0022\u003E\u003C\/span\u003E Obl\u00edben\u00e9\u003C\/a\u003E        \u003Cspan class=\u0022service-item\u0022\u003E\u003Cspan class=\u0022icon-chart\u0022\u003E\u003C\/span\u003E 1215 S VP\u003C\/span\u003E\n    \u003C\/div\u003E\n    \n            \n    \u003Cdiv class=\u0022product-tile-item-action-wrapper\u0022\u003E\n        \u003Ca href=\u0022\/medi-1215-s-vp-vysoka-zdravotnicka-stolicka-s-naklapecim-delenym-sedakem-s-oporou-beder-1215-s-vp\u0022 class=\u0022btn-tile\u0022\n           data-text-desktop=\u0022Detail produktu\u0022\n           data-text-mobile=\u0022Detail\u0022\u003E\u003C\/a\u003E\n                    \u003Ca href=\u0022\/medi-1215-s-vp-vysoka-zdravotnicka-stolicka-s-naklapecim-delenym-sedakem-s-oporou-beder-1215-s-vp\u0022\n               class=\u0022btn-tile btn-icon-right\u0022\u003E\n                \u003Cspan class=\u0022icon-shopping-cart\u0022\u003E\u003C\/span\u003E\n                \u003Cspan class=\u0022btn-tile-text\u0022\u003EKoupit\u003C\/span\u003E\n            \u003C\/a\u003E\n            \u003C\/div\u003E\n    \u003C\/div\u003E        \u003C\/div\u003E\n                            \u003Cdiv class=\u0022product-tile-item-variants js-product-item-variants\u0022\u003E\n                                                \u003Ca href=\u0022\/medi-1215-s-vp-vysoka-zdravotnicka-stolicka-s-naklapecim-delenym-sedakem-s-oporou-beder-1215-s-vp\u0022\n                   class=\u0022tile-varinat-tab js-variant-item js-ajax active\u0022\n                   data-show-preloader=\u00220\u0022\n                   data-href=\u0022\/product-list-tile\/3546\/2887\u0022\n                   data-toggle=\u0022tooltip\u0022 title=\u0022MEDI 1215 S VP vysok\u00e1 zdravotnick\u00e1 stoli\u010dka s nakl\u00e1p\u011bc\u00edm d\u011blen\u00fdm sed\u00e1kem s oporou beder\u0022\n                   data-placement=\u0022left\u0022\u003E\n\n                    \n                    \u003Cimg src=\u0022\u0022 data-src=\u0022https:\/\/www.kresla-zidle.cz\/temp\/product\/list\/1215-s-30-510-10921d.png\u0022 class=\u0022img-fluid js-lazy-img\u0022 alt=\u0022MEDI 1215 S VP vysok\u00e1 zdravotnick\u00e1 stoli\u010dka s nakl\u00e1p\u011bc\u00edm d\u011blen\u00fdm sed\u00e1kem s oporou beder\u0022 loading=\u0022lazy\u0022\u003E\n                \u003C\/a\u003E\n                                                                            \u003Ca href=\u0022\/medi-1215-s-vp-kk-vysoka-zdravotnicka-stolicka-s-naklapecim-delenym-sedakem-s-oporou-beder-medi-1215-s-vp-kk\u0022\n                       class=\u0022tile-varinat-tab js-variant-item js-ajax\u0022\n                       data-show-preloader=\u00220\u0022\n                       data-href=\u0022\/product-list-tile\/3547\/2887\u0022\n                       data-toggle=\u0022tooltip\u0022 title=\u0022MEDI 1215 S VP KK vysok\u00e1 zdravotnick\u00e1 stoli\u010dka s nakl\u00e1p\u011bc\u00edm d\u011blen\u00fdm sed\u00e1kem s oporou beder\u0022\n                       data-placement=\u0022left\u0022\u003E\n\n                        \n                        \u003Cimg src=\u0022\u0022 data-src=\u0022https:\/\/www.kresla-zidle.cz\/temp\/product\/list\/snimek-obrazovky-2025-12-01-143553-kkd.png\u0022 alt=\u0022MEDI 1215 S VP KK vysok\u00e1 zdravotnick\u00e1 stoli\u010dka s nakl\u00e1p\u011bc\u00edm d\u011blen\u00fdm sed\u00e1kem s oporou beder\u0022 class=\u0022img-fluid js-lazy-img\u0022 loading=\u0022lazy\u0022\u003E\n                    \u003C\/a\u003E\n                            \u003C\/div\u003E\n            \u003C\/div\u003E\n\u003C\/div\u003E            \u003Cdiv class=\u0022product-tile-item js-product-tile js-block-preloader\u0022 id=\u0022js-product-tile-2888\u0022\u003E\n    \u003Cdiv class=\u0022product-tile-item-foreground js-product-tile-foreground\u0022\u003E\n        \u003Cdiv class=\u0022product-tile-item-info-wrapper\u0022 id=\u0022js-product-tile-2888-info\u0022\u003E\n            \u003Cdiv class=\u0022product-tile-item-basic-info\u0022\u003E\n    \u003Cdiv class=\u0022product-tile-item-image-wrapper position-relative\u0022\u003E\n        \u003Cdiv class=\u0022product-tile-item-image\u0022\u003E\n                        \u003Ca href=\u0022\/medi-1215-s-dent-zdravotnicka-stolicka-s-naklapecim-delenym-sedakem-s-oporou-beder-1215-s-dent\u0022\u003E\n                \u003Cpicture\u003E\n                    \u003Cimg\n                            src=\u0022\u0022\n                            data-src=\u0022https:\/\/www.kresla-zidle.cz\/temp\/product\/list\/1215-s-dent-30-529-10948.png\u0022\n                            alt=\u00221215 S dent stoli\u010dka s d\u011blen\u00fdm nakl\u00e1p\u011bc\u00edm sed\u00e1kem a oporou zad\u0022\n                            class=\u0022img-fluid js-lazy-img\u0022\u003E\n                \u003C\/picture\u003E\n            \u003C\/a\u003E\n        \u003C\/div\u003E\n        \u003Cdiv class=\u0022product-tile-item-tags-wrapper\u0022\u003E\n    \u003Cdiv class=\u0022product-item-tags-left\u0022\u003E\n                                                    \u003C\/div\u003E\n    \u003Cdiv class=\u0022product-item-tags-right\u0022\u003E\n                                                    \u003Cdiv class=\u0022tag-item-wrapper\u0022\u003E\n            \u003Cdiv class=\u0022tag-item\u0022 style=\u0022background-color: #e00000;color: #ffffff;\u0022\u003E\n            Novinka\n        \u003C\/div\u003E\n    \u003C\/div\u003E                                                \u003Cdiv class=\u0022product-tile-tags-manufacturer\u0022\u003E\n                \u003Ca href=\u0022\/mayer\u0022\u003E\n                    \u003Cimg src=\u0022https:\/\/www.kresla-zidle.cz\/images\/manufacturer-front-tag\/14.png\u0022 alt=\u0022MAYER\u0022 class=\u0022img-fluid\u0022 loading=\u0022lazy\u0022\u003E\n                \u003C\/a\u003E\n            \u003C\/div\u003E\n            \u003C\/div\u003E\n\u003C\/div\u003E    \u003C\/div\u003E\n\n                \n    \u003Cdiv class=\u0022product-tile-item-heading-info\u0022\u003E\n        \u003Cdiv class=\u0022product-tile-category\u0022\u003ELaboratorn\u00ed a zdravotn\u00ed \u017eidle\u003C\/div\u003E        \u003Ch2 class=\u0022product-tile-heading\u0022\u003E\u003Ca href=\u0022\/medi-1215-s-dent-zdravotnicka-stolicka-s-naklapecim-delenym-sedakem-s-oporou-beder-1215-s-dent\u0022\u003EMEDI 1215 S dent Zdravotnick\u00e1 stoli\u010dka s nakl\u00e1p\u011bc\u00edm d\u011blen\u00fdm sed\u00e1kem s oporou beder\u003C\/a\u003E\u003C\/h2\u003E\n    \u003C\/div\u003E\n    \u003Cdiv class=\u0022product-tile-item-params\u0022\u003E\n                                            \u003C\/div\u003E\n    \u003Cdiv class=\u0022product-tile-item-price-availability\u0022\u003E\n        \u003Cdiv class=\u0022product-tile-item-price-wrapper\u0022\u003E\n            \n\n        \u003Cdiv class=\u0022price-current\u0022\u003E10 043 K\u010d\u003C\/div\u003E\n    \u003Cdiv class=\u0022price-info\u0022\u003E8 300 K\u010d bez DPH\u003C\/div\u003E        \u003C\/div\u003E\n        \u003Cdiv class=\u0022product-tile-item-availability-wrapper\u0022\u003E\n            \u003Cdiv class=\u0022availability\u0022\u003E\u003Cspan class=\u0022availability-icon icon-glass-hour\u0022\u003E\u003C\/span\u003E do 7 dn\u016f\u003C\/div\u003E        \u003C\/div\u003E\n        \u003Cdiv\u003E\n            \n    \n    \n\n\n        \u003C\/div\u003E\n    \u003C\/div\u003E\n\u003C\/div\u003E\n\u003Cdiv class=\u0022product-tile-item-extended-info\u0022\u003E\n\n            \u003Cdiv class=\u0022product-tile-item-description\u0022\u003E\n            \u003Cp\u003EStoli\u010dka s nakl\u00e1p\u011bc\u00edm d\u011blen\u00fdm sedlov\u00fdm sed\u00e1kem.\u003C\/p\u003E\n        \u003C\/div\u003E\n                \u003Cdiv class=\u0022product-tile-item-services\u0022\u003E\n        \u003Ca href=\u0022\/product\/favourite\/add\/2888\u0022 class=\u0022service-item \u0022 data-product-favourite=\u00222888\u0022 data-method=\u0022POST\u0022\u003E\u003Cspan class=\u0022icon-heart\u0022\u003E\u003C\/span\u003E Obl\u00edben\u00e9\u003C\/a\u003E        \u003Cspan class=\u0022service-item\u0022\u003E\u003Cspan class=\u0022icon-chart\u0022\u003E\u003C\/span\u003E 1215 S dent\u003C\/span\u003E\n    \u003C\/div\u003E\n    \n            \n    \u003Cdiv class=\u0022product-tile-item-action-wrapper\u0022\u003E\n        \u003Ca href=\u0022\/medi-1215-s-dent-zdravotnicka-stolicka-s-naklapecim-delenym-sedakem-s-oporou-beder-1215-s-dent\u0022 class=\u0022btn-tile\u0022\n           data-text-desktop=\u0022Detail produktu\u0022\n           data-text-mobile=\u0022Detail\u0022\u003E\u003C\/a\u003E\n                    \u003Ca href=\u0022\/medi-1215-s-dent-zdravotnicka-stolicka-s-naklapecim-delenym-sedakem-s-oporou-beder-1215-s-dent\u0022\n               class=\u0022btn-tile btn-icon-right\u0022\u003E\n                \u003Cspan class=\u0022icon-shopping-cart\u0022\u003E\u003C\/span\u003E\n                \u003Cspan class=\u0022btn-tile-text\u0022\u003EKoupit\u003C\/span\u003E\n            \u003C\/a\u003E\n            \u003C\/div\u003E\n    \u003C\/div\u003E        \u003C\/div\u003E\n                    \u003C\/div\u003E\n\u003C\/div\u003E            \u003Cdiv class=\u0022product-tile-item js-product-tile js-block-preloader\u0022 id=\u0022js-product-tile-2889\u0022\u003E\n    \u003Cdiv class=\u0022product-tile-item-foreground js-product-tile-foreground\u0022\u003E\n        \u003Cdiv class=\u0022product-tile-item-info-wrapper\u0022 id=\u0022js-product-tile-2889-info\u0022\u003E\n            \u003Cdiv class=\u0022product-tile-item-basic-info\u0022\u003E\n    \u003Cdiv class=\u0022product-tile-item-image-wrapper position-relative\u0022\u003E\n        \u003Cdiv class=\u0022product-tile-item-image\u0022\u003E\n                        \u003Ca href=\u0022\/medi-1215-s-clean-zdravotnicka-stolicka-s-naklapecim-delenym-sedakem-s-oporou-beder-2-1215-s-clean\u0022\u003E\n                \u003Cpicture\u003E\n                    \u003Cimg\n                            src=\u0022\u0022\n                            data-src=\u0022https:\/\/www.kresla-zidle.cz\/temp\/product\/list\/1215-s-clean-30-514-10954.png\u0022\n                            alt=\u0022zdravotnick\u00e1 stoli\u010dka 1215 S clean\u0022\n                            class=\u0022img-fluid js-lazy-img\u0022\u003E\n                \u003C\/picture\u003E\n            \u003C\/a\u003E\n        \u003C\/div\u003E\n        \u003Cdiv class=\u0022product-tile-item-tags-wrapper\u0022\u003E\n    \u003Cdiv class=\u0022product-item-tags-left\u0022\u003E\n                                                    \u003C\/div\u003E\n    \u003Cdiv class=\u0022product-item-tags-right\u0022\u003E\n                                                    \u003Cdiv class=\u0022tag-item-wrapper\u0022\u003E\n            \u003Cdiv class=\u0022tag-item\u0022 style=\u0022background-color: #e00000;color: #ffffff;\u0022\u003E\n            Novinka\n        \u003C\/div\u003E\n    \u003C\/div\u003E                                                \u003Cdiv class=\u0022product-tile-tags-manufacturer\u0022\u003E\n                \u003Ca href=\u0022\/mayer\u0022\u003E\n                    \u003Cimg src=\u0022https:\/\/www.kresla-zidle.cz\/images\/manufacturer-front-tag\/14.png\u0022 alt=\u0022MAYER\u0022 class=\u0022img-fluid\u0022 loading=\u0022lazy\u0022\u003E\n                \u003C\/a\u003E\n            \u003C\/div\u003E\n            \u003C\/div\u003E\n\u003C\/div\u003E    \u003C\/div\u003E\n\n                \n    \u003Cdiv class=\u0022product-tile-item-heading-info\u0022\u003E\n        \u003Cdiv class=\u0022product-tile-category\u0022\u003ELaboratorn\u00ed a zdravotn\u00ed \u017eidle\u003C\/div\u003E        \u003Ch2 class=\u0022product-tile-heading\u0022\u003E\u003Ca href=\u0022\/medi-1215-s-clean-zdravotnicka-stolicka-s-naklapecim-delenym-sedakem-s-oporou-beder-2-1215-s-clean\u0022\u003EMEDI 1215 S  clean Zdravotnick\u00e1 stoli\u010dka s nakl\u00e1p\u011bc\u00edm d\u011blen\u00fdm sed\u00e1kem s oporou beder\u003C\/a\u003E\u003C\/h2\u003E\n    \u003C\/div\u003E\n    \u003Cdiv class=\u0022product-tile-item-params\u0022\u003E\n                                            \u003C\/div\u003E\n    \u003Cdiv class=\u0022product-tile-item-price-availability\u0022\u003E\n        \u003Cdiv class=\u0022product-tile-item-price-wrapper\u0022\u003E\n            \n\n        \u003Cdiv class=\u0022price-current\u0022\u003E14 520 K\u010d\u003C\/div\u003E\n    \u003Cdiv class=\u0022price-info\u0022\u003E12 000 K\u010d bez DPH\u003C\/div\u003E        \u003C\/div\u003E\n        \u003Cdiv class=\u0022product-tile-item-availability-wrapper\u0022\u003E\n            \u003Cdiv class=\u0022availability\u0022\u003E\u003Cspan class=\u0022availability-icon icon-glass-hour\u0022\u003E\u003C\/span\u003E do 7 dn\u016f\u003C\/div\u003E        \u003C\/div\u003E\n        \u003Cdiv\u003E\n            \n    \n    \n\n\n        \u003C\/div\u003E\n    \u003C\/div\u003E\n\u003C\/div\u003E\n\u003Cdiv class=\u0022product-tile-item-extended-info\u0022\u003E\n\n            \u003Cdiv class=\u0022product-tile-item-description\u0022\u003E\n            \u003Cp\u003EStoli\u010dka s nakl\u00e1p\u011bc\u00edm d\u011blen\u00fdm sedlov\u00fdm sed\u00e1kem.\u003C\/p\u003E\n        \u003C\/div\u003E\n                \u003Cdiv class=\u0022product-tile-item-services\u0022\u003E\n        \u003Ca href=\u0022\/product\/favourite\/add\/2889\u0022 class=\u0022service-item \u0022 data-product-favourite=\u00222889\u0022 data-method=\u0022POST\u0022\u003E\u003Cspan class=\u0022icon-heart\u0022\u003E\u003C\/span\u003E Obl\u00edben\u00e9\u003C\/a\u003E        \u003Cspan class=\u0022service-item\u0022\u003E\u003Cspan class=\u0022icon-chart\u0022\u003E\u003C\/span\u003E 1215 S clean\u003C\/span\u003E\n    \u003C\/div\u003E\n    \n            \n    \u003Cdiv class=\u0022product-tile-item-action-wrapper\u0022\u003E\n        \u003Ca href=\u0022\/medi-1215-s-clean-zdravotnicka-stolicka-s-naklapecim-delenym-sedakem-s-oporou-beder-2-1215-s-clean\u0022 class=\u0022btn-tile\u0022\n           data-text-desktop=\u0022Detail produktu\u0022\n           data-text-mobile=\u0022Detail\u0022\u003E\u003C\/a\u003E\n                    \u003Ca href=\u0022\/medi-1215-s-clean-zdravotnicka-stolicka-s-naklapecim-delenym-sedakem-s-oporou-beder-2-1215-s-clean\u0022\n               class=\u0022btn-tile btn-icon-right\u0022\u003E\n                \u003Cspan class=\u0022icon-shopping-cart\u0022\u003E\u003C\/span\u003E\n                \u003Cspan class=\u0022btn-tile-text\u0022\u003EKoupit\u003C\/span\u003E\n            \u003C\/a\u003E\n            \u003C\/div\u003E\n    \u003C\/div\u003E        \u003C\/div\u003E\n                    \u003C\/div\u003E\n\u003C\/div\u003E            \u003Cdiv class=\u0022product-tile-item js-product-tile js-block-preloader\u0022 id=\u0022js-product-tile-2938\u0022\u003E\n    \u003Cdiv class=\u0022product-tile-item-foreground js-product-tile-foreground with-variants\u0022\u003E\n        \u003Cdiv class=\u0022product-tile-item-info-wrapper\u0022 id=\u0022js-product-tile-2938-info\u0022\u003E\n            \u003Cdiv class=\u0022product-tile-item-basic-info\u0022\u003E\n    \u003Cdiv class=\u0022product-tile-item-image-wrapper position-relative\u0022\u003E\n        \u003Cdiv class=\u0022product-tile-item-image\u0022\u003E\n                        \u003Ca href=\u0022\/pojizdny-kontejner-profi-32w8-ah-lamino-javor-32w8-ah\u0022\u003E\n                \u003Cpicture\u003E\n                    \u003Cimg\n                            src=\u0022\u0022\n                            data-src=\u0022https:\/\/www.kresla-zidle.cz\/temp\/product\/list\/32w8-ah-4590-main.png\u0022\n                            alt=\u0022Kontejner poj\u00edzdn\u00fd , kovov\u00fd korpus b\u00edl\u00fd  - lamino javor\u0022\n                            class=\u0022img-fluid js-lazy-img\u0022\u003E\n                \u003C\/picture\u003E\n            \u003C\/a\u003E\n        \u003C\/div\u003E\n        \u003Cdiv class=\u0022product-tile-item-tags-wrapper\u0022\u003E\n    \u003Cdiv class=\u0022product-item-tags-left\u0022\u003E\n                                                    \u003C\/div\u003E\n    \u003Cdiv class=\u0022product-item-tags-right\u0022\u003E\n                                                                                \u003Cdiv class=\u0022product-tile-tags-manufacturer\u0022\u003E\n                \u003Ca href=\u0022\/mayer\u0022\u003E\n                    \u003Cimg src=\u0022https:\/\/www.kresla-zidle.cz\/images\/manufacturer-front-tag\/14.png\u0022 alt=\u0022MAYER\u0022 class=\u0022img-fluid\u0022 loading=\u0022lazy\u0022\u003E\n                \u003C\/a\u003E\n            \u003C\/div\u003E\n            \u003C\/div\u003E\n\u003C\/div\u003E    \u003C\/div\u003E\n\n                \n    \u003Cdiv class=\u0022product-tile-item-heading-info\u0022\u003E\n        \u003Cdiv class=\u0022product-tile-category\u0022\u003EKancel\u00e1\u0159\u003C\/div\u003E        \u003Ch2 class=\u0022product-tile-heading\u0022\u003E\u003Ca href=\u0022\/pojizdny-kontejner-profi-32w8-ah-lamino-javor-32w8-ah\u0022\u003EPoj\u00edzdn\u00fd kontejner Profi 32W8 AH - lamino javor\u003C\/a\u003E\u003C\/h2\u003E\n    \u003C\/div\u003E\n    \u003Cdiv class=\u0022product-tile-item-params\u0022\u003E\n                                            \u003C\/div\u003E\n    \u003Cdiv class=\u0022product-tile-item-price-availability\u0022\u003E\n        \u003Cdiv class=\u0022product-tile-item-price-wrapper\u0022\u003E\n            \n\n        \u003Cdiv class=\u0022price-current\u0022\u003E5 566 K\u010d\u003C\/div\u003E\n    \u003Cdiv class=\u0022price-info\u0022\u003E4 600 K\u010d bez DPH\u003C\/div\u003E        \u003C\/div\u003E\n        \u003Cdiv class=\u0022product-tile-item-availability-wrapper\u0022\u003E\n            \u003Cdiv class=\u0022availability\u0022 style=\u0022color: #fb8908;\u0022\u003E\u003Cspan class=\u0022availability-icon icon-glass-hour\u0022\u003E\u003C\/span\u003E do 28 dn\u016f\u003C\/div\u003E        \u003C\/div\u003E\n        \u003Cdiv\u003E\n            \n    \n    \n\n\n        \u003C\/div\u003E\n    \u003C\/div\u003E\n\u003C\/div\u003E\n\u003Cdiv class=\u0022product-tile-item-extended-info\u0022\u003E\n\n            \u003Cdiv class=\u0022product-tile-item-description\u0022\u003E\n            \u003Cp\u003EPoj\u00edzdn\u00fd kontejner Profi s \u010daloun\u011bn\u00edm.\u003C\/p\u003E\n        \u003C\/div\u003E\n                \u003Cdiv class=\u0022product-tile-item-services\u0022\u003E\n        \u003Ca href=\u0022\/product\/favourite\/add\/2938\u0022 class=\u0022service-item \u0022 data-product-favourite=\u00222938\u0022 data-method=\u0022POST\u0022\u003E\u003Cspan class=\u0022icon-heart\u0022\u003E\u003C\/span\u003E Obl\u00edben\u00e9\u003C\/a\u003E        \u003Cspan class=\u0022service-item\u0022\u003E\u003Cspan class=\u0022icon-chart\u0022\u003E\u003C\/span\u003E 32W8  AH\u003C\/span\u003E\n    \u003C\/div\u003E\n    \n            \n    \u003Cdiv class=\u0022product-tile-item-action-wrapper\u0022\u003E\n        \u003Ca href=\u0022\/pojizdny-kontejner-profi-32w8-ah-lamino-javor-32w8-ah\u0022 class=\u0022btn-tile\u0022\n           data-text-desktop=\u0022Detail produktu\u0022\n           data-text-mobile=\u0022Detail\u0022\u003E\u003C\/a\u003E\n                    \u003Ca href=\u0022\/pojizdny-kontejner-profi-32w8-ah-lamino-javor-32w8-ah\u0022\n               class=\u0022btn-tile btn-icon-right\u0022\u003E\n                \u003Cspan class=\u0022icon-shopping-cart\u0022\u003E\u003C\/span\u003E\n                \u003Cspan class=\u0022btn-tile-text\u0022\u003EKoupit\u003C\/span\u003E\n            \u003C\/a\u003E\n            \u003C\/div\u003E\n    \u003C\/div\u003E        \u003C\/div\u003E\n                            \u003Cdiv class=\u0022product-tile-item-variants js-product-item-variants\u0022\u003E\n                                                \u003Ca href=\u0022\/pojizdny-kontejner-profi-32w8-ah-lamino-javor-32w8-ah\u0022\n                   class=\u0022tile-varinat-tab js-variant-item js-ajax active\u0022\n                   data-show-preloader=\u00220\u0022\n                   data-href=\u0022\/product-list-tile\/3622\/2938\u0022\n                   data-toggle=\u0022tooltip\u0022 title=\u0022Poj\u00edzdn\u00fd kontejner Profi 32W8 AH - lamino javor\u0022\n                   data-placement=\u0022left\u0022\u003E\n\n                    \n                    \u003Cimg src=\u0022\u0022 data-src=\u0022https:\/\/www.kresla-zidle.cz\/temp\/product\/list\/32w8-ah-4590-main.png\u0022 class=\u0022img-fluid js-lazy-img\u0022 alt=\u0022Poj\u00edzdn\u00fd kontejner Profi 32W8 AH - lamino javor\u0022 loading=\u0022lazy\u0022\u003E\n                \u003C\/a\u003E\n                                                                            \u003Ca href=\u0022\/pojizdny-kontejner-profi-32w8-ah-lamino-bila-32w8-w\u0022\n                       class=\u0022tile-varinat-tab js-variant-item js-ajax\u0022\n                       data-show-preloader=\u00220\u0022\n                       data-href=\u0022\/product-list-tile\/3623\/2938\u0022\n                       data-toggle=\u0022tooltip\u0022 title=\u0022Poj\u00edzdn\u00fd kontejner Profi 32W8 AH - lamino b\u00edl\u00e1\u0022\n                       data-placement=\u0022left\u0022\u003E\n\n                        \n                        \u003Cimg src=\u0022\u0022 data-src=\u0022https:\/\/www.kresla-zidle.cz\/temp\/product\/list\/32w8-w-4592-main.png\u0022 alt=\u0022Poj\u00edzdn\u00fd kontejner Profi 32W8 AH - lamino b\u00edl\u00e1\u0022 class=\u0022img-fluid js-lazy-img\u0022 loading=\u0022lazy\u0022\u003E\n                    \u003C\/a\u003E\n                            \u003C\/div\u003E\n            \u003C\/div\u003E\n\u003C\/div\u003E            \u003Cdiv class=\u0022product-tile-item js-product-tile js-block-preloader\u0022 id=\u0022js-product-tile-2940\u0022\u003E\n    \u003Cdiv class=\u0022product-tile-item-foreground js-product-tile-foreground with-variants\u0022\u003E\n        \u003Cdiv class=\u0022product-tile-item-info-wrapper\u0022 id=\u0022js-product-tile-2940-info\u0022\u003E\n            \u003Cdiv class=\u0022product-tile-item-basic-info\u0022\u003E\n    \u003Cdiv class=\u0022product-tile-item-image-wrapper position-relative\u0022\u003E\n        \u003Cdiv class=\u0022product-tile-item-image\u0022\u003E\n                        \u003Ca href=\u0022\/medi-1252-g-otocna-stolicka-standardni-pist-1252-g\u0022\u003E\n                \u003Cpicture\u003E\n                    \u003Cimg\n                            src=\u0022\u0022\n                            data-src=\u0022https:\/\/www.kresla-zidle.cz\/temp\/product\/list\/1252-g-30-510-7963-main.png\u0022\n                            alt=\u0022MEDI 1252 G zdravotnick\u00e1 stoli\u010dka\u0022\n                            class=\u0022img-fluid js-lazy-img\u0022\u003E\n                \u003C\/picture\u003E\n            \u003C\/a\u003E\n        \u003C\/div\u003E\n        \u003Cdiv class=\u0022product-tile-item-tags-wrapper\u0022\u003E\n    \u003Cdiv class=\u0022product-item-tags-left\u0022\u003E\n                                                    \u003C\/div\u003E\n    \u003Cdiv class=\u0022product-item-tags-right\u0022\u003E\n                                                                                \u003Cdiv class=\u0022product-tile-tags-manufacturer\u0022\u003E\n                \u003Ca href=\u0022\/mayer\u0022\u003E\n                    \u003Cimg src=\u0022https:\/\/www.kresla-zidle.cz\/images\/manufacturer-front-tag\/14.png\u0022 alt=\u0022MAYER\u0022 class=\u0022img-fluid\u0022 loading=\u0022lazy\u0022\u003E\n                \u003C\/a\u003E\n            \u003C\/div\u003E\n            \u003C\/div\u003E\n\u003C\/div\u003E    \u003C\/div\u003E\n\n                \n    \u003Cdiv class=\u0022product-tile-item-heading-info\u0022\u003E\n        \u003Cdiv class=\u0022product-tile-category\u0022\u003ELaboratorn\u00ed a zdravotn\u00ed \u017eidle\u003C\/div\u003E        \u003Ch2 class=\u0022product-tile-heading\u0022\u003E\u003Ca href=\u0022\/medi-1252-g-otocna-stolicka-standardni-pist-1252-g\u0022\u003EMEDI 1252 G oto\u010dn\u00e1 stoli\u010dka - standardn\u00ed p\u00edst\u003C\/a\u003E\u003C\/h2\u003E\n    \u003C\/div\u003E\n    \u003Cdiv class=\u0022product-tile-item-params\u0022\u003E\n                                            \u003C\/div\u003E\n    \u003Cdiv class=\u0022product-tile-item-price-availability\u0022\u003E\n        \u003Cdiv class=\u0022product-tile-item-price-wrapper\u0022\u003E\n            \n\n        \u003Cdiv class=\u0022price-current\u0022\u003E4 356 K\u010d\u003C\/div\u003E\n    \u003Cdiv class=\u0022price-info\u0022\u003E3 600 K\u010d bez DPH\u003C\/div\u003E        \u003C\/div\u003E\n        \u003Cdiv class=\u0022product-tile-item-availability-wrapper\u0022\u003E\n            \u003Cdiv class=\u0022availability\u0022\u003E\u003Cspan class=\u0022availability-icon icon-glass-hour\u0022\u003E\u003C\/span\u003E do 7 dn\u016f\u003C\/div\u003E        \u003C\/div\u003E\n        \u003Cdiv\u003E\n            \n    \n    \n\n\n        \u003C\/div\u003E\n    \u003C\/div\u003E\n\u003C\/div\u003E\n\u003Cdiv class=\u0022product-tile-item-extended-info\u0022\u003E\n\n            \u003Cdiv class=\u0022product-tile-item-description\u0022\u003E\n            \u003Cp\u003EPracovn\u00ed oto\u010dn\u00e1 stoli\u010dka na hlin\u00edkov\u00fdm le\u0161t\u011bn\u00fdm k\u0159\u00ed\u017ei.\u003C\/p\u003E\n        \u003C\/div\u003E\n                \u003Cdiv class=\u0022product-tile-item-services\u0022\u003E\n        \u003Ca href=\u0022\/product\/favourite\/add\/2940\u0022 class=\u0022service-item \u0022 data-product-favourite=\u00222940\u0022 data-method=\u0022POST\u0022\u003E\u003Cspan class=\u0022icon-heart\u0022\u003E\u003C\/span\u003E Obl\u00edben\u00e9\u003C\/a\u003E        \u003Cspan class=\u0022service-item\u0022\u003E\u003Cspan class=\u0022icon-chart\u0022\u003E\u003C\/span\u003E 1252 G\u003C\/span\u003E\n    \u003C\/div\u003E\n    \n            \n    \u003Cdiv class=\u0022product-tile-item-action-wrapper\u0022\u003E\n        \u003Ca href=\u0022\/medi-1252-g-otocna-stolicka-standardni-pist-1252-g\u0022 class=\u0022btn-tile\u0022\n           data-text-desktop=\u0022Detail produktu\u0022\n           data-text-mobile=\u0022Detail\u0022\u003E\u003C\/a\u003E\n                    \u003Ca href=\u0022\/medi-1252-g-otocna-stolicka-standardni-pist-1252-g\u0022\n               class=\u0022btn-tile btn-icon-right\u0022\u003E\n                \u003Cspan class=\u0022icon-shopping-cart\u0022\u003E\u003C\/span\u003E\n                \u003Cspan class=\u0022btn-tile-text\u0022\u003EKoupit\u003C\/span\u003E\n            \u003C\/a\u003E\n            \u003C\/div\u003E\n    \u003C\/div\u003E        \u003C\/div\u003E\n                            \u003Cdiv class=\u0022product-tile-item-variants js-product-item-variants\u0022\u003E\n                                                \u003Ca href=\u0022\/medi-1252-g-otocna-stolicka-standardni-pist-1252-g\u0022\n                   class=\u0022tile-varinat-tab js-variant-item js-ajax active\u0022\n                   data-show-preloader=\u00220\u0022\n                   data-href=\u0022\/product-list-tile\/3625\/2940\u0022\n                   data-toggle=\u0022tooltip\u0022 title=\u0022MEDI 1252 G oto\u010dn\u00e1 stoli\u010dka - standardn\u00ed p\u00edst\u0022\n                   data-placement=\u0022left\u0022\u003E\n\n                    \n                    \u003Cimg src=\u0022\u0022 data-src=\u0022https:\/\/www.kresla-zidle.cz\/temp\/product\/list\/1252-g-30-510-7963-main.png\u0022 class=\u0022img-fluid js-lazy-img\u0022 alt=\u0022MEDI 1252 G oto\u010dn\u00e1 stoli\u010dka - standardn\u00ed p\u00edst\u0022 loading=\u0022lazy\u0022\u003E\n                \u003C\/a\u003E\n                                                                            \u003Ca href=\u0022\/medi-1252-g-otocna-stolicka-vysoky-plynovy-pist-1252-g\u0022\n                       class=\u0022tile-varinat-tab js-variant-item js-ajax\u0022\n                       data-show-preloader=\u00220\u0022\n                       data-href=\u0022\/product-list-tile\/3627\/2940\u0022\n                       data-toggle=\u0022tooltip\u0022 title=\u0022MEDI 1252 G oto\u010dn\u00e1 stoli\u010dka - vysok\u00fd plynov\u00fd p\u00edst\u0022\n                       data-placement=\u0022left\u0022\u003E\n\n                        \n                        \u003Cimg src=\u0022\u0022 data-src=\u0022https:\/\/www.kresla-zidle.cz\/temp\/product\/list\/vcgfhfjrtiwe.png\u0022 alt=\u0022MEDI 1252 G oto\u010dn\u00e1 stoli\u010dka - vysok\u00fd plynov\u00fd p\u00edst\u0022 class=\u0022img-fluid js-lazy-img\u0022 loading=\u0022lazy\u0022\u003E\n                    \u003C\/a\u003E\n                            \u003C\/div\u003E\n            \u003C\/div\u003E\n\u003C\/div\u003E            \u003Cdiv class=\u0022product-tile-item js-product-tile js-block-preloader\u0022 id=\u0022js-product-tile-2942\u0022\u003E\n    \u003Cdiv class=\u0022product-tile-item-foreground js-product-tile-foreground\u0022\u003E\n        \u003Cdiv class=\u0022product-tile-item-info-wrapper\u0022 id=\u0022js-product-tile-2942-info\u0022\u003E\n            \u003Cdiv class=\u0022product-tile-item-basic-info\u0022\u003E\n    \u003Cdiv class=\u0022product-tile-item-image-wrapper position-relative\u0022\u003E\n        \u003Cdiv class=\u0022product-tile-item-image\u0022\u003E\n                        \u003Ca href=\u0022\/medi-1252-g-dent-otocna-stolicka-vysoka-1252-g-dent\u0022\u003E\n                \u003Cpicture\u003E\n                    \u003Cimg\n                            src=\u0022\u0022\n                            data-src=\u0022https:\/\/www.kresla-zidle.cz\/temp\/product\/list\/1252-g-dent-30-511-7976-main.png\u0022\n                            alt=\u0022MEDI 1252 G dent oto\u010dn\u00e1 vyosk\u00e1 stoli\u010dka s oporou nohou\u0022\n                            class=\u0022img-fluid js-lazy-img\u0022\u003E\n                \u003C\/picture\u003E\n            \u003C\/a\u003E\n        \u003C\/div\u003E\n        \u003Cdiv class=\u0022product-tile-item-tags-wrapper\u0022\u003E\n    \u003Cdiv class=\u0022product-item-tags-left\u0022\u003E\n                                                    \u003C\/div\u003E\n    \u003Cdiv class=\u0022product-item-tags-right\u0022\u003E\n                                                                                \u003Cdiv class=\u0022product-tile-tags-manufacturer\u0022\u003E\n                \u003Ca href=\u0022\/mayer\u0022\u003E\n                    \u003Cimg src=\u0022https:\/\/www.kresla-zidle.cz\/images\/manufacturer-front-tag\/14.png\u0022 alt=\u0022MAYER\u0022 class=\u0022img-fluid\u0022 loading=\u0022lazy\u0022\u003E\n                \u003C\/a\u003E\n            \u003C\/div\u003E\n            \u003C\/div\u003E\n\u003C\/div\u003E    \u003C\/div\u003E\n\n                \n    \u003Cdiv class=\u0022product-tile-item-heading-info\u0022\u003E\n        \u003Cdiv class=\u0022product-tile-category\u0022\u003ELaboratorn\u00ed a zdravotn\u00ed \u017eidle\u003C\/div\u003E        \u003Ch2 class=\u0022product-tile-heading\u0022\u003E\u003Ca href=\u0022\/medi-1252-g-dent-otocna-stolicka-vysoka-1252-g-dent\u0022\u003EMEDI 1252 G dent oto\u010dn\u00e1 stoli\u010dka vysok\u00e1\u003C\/a\u003E\u003C\/h2\u003E\n    \u003C\/div\u003E\n    \u003Cdiv class=\u0022product-tile-item-params\u0022\u003E\n                                            \u003C\/div\u003E\n    \u003Cdiv class=\u0022product-tile-item-price-availability\u0022\u003E\n        \u003Cdiv class=\u0022product-tile-item-price-wrapper\u0022\u003E\n            \n\n        \u003Cdiv class=\u0022price-current\u0022\u003E5 324 K\u010d\u003C\/div\u003E\n    \u003Cdiv class=\u0022price-info\u0022\u003E4 400 K\u010d bez DPH\u003C\/div\u003E        \u003C\/div\u003E\n        \u003Cdiv class=\u0022product-tile-item-availability-wrapper\u0022\u003E\n            \u003Cdiv class=\u0022availability\u0022\u003E\u003Cspan class=\u0022availability-icon icon-glass-hour\u0022\u003E\u003C\/span\u003E do 7 dn\u016f\u003C\/div\u003E        \u003C\/div\u003E\n        \u003Cdiv\u003E\n            \n    \n    \n\n\n        \u003C\/div\u003E\n    \u003C\/div\u003E\n\u003C\/div\u003E\n\u003Cdiv class=\u0022product-tile-item-extended-info\u0022\u003E\n\n            \u003Cdiv class=\u0022product-tile-item-description\u0022\u003E\n            \u003Cp\u003EPracovn\u00ed oto\u010dn\u00e1 stoli\u010dka na hlin\u00edkov\u00fdm le\u0161t\u011bn\u00fdm k\u0159\u00ed\u017ei.\u003C\/p\u003E\n        \u003C\/div\u003E\n                \u003Cdiv class=\u0022product-tile-item-services\u0022\u003E\n        \u003Ca href=\u0022\/product\/favourite\/add\/2942\u0022 class=\u0022service-item \u0022 data-product-favourite=\u00222942\u0022 data-method=\u0022POST\u0022\u003E\u003Cspan class=\u0022icon-heart\u0022\u003E\u003C\/span\u003E Obl\u00edben\u00e9\u003C\/a\u003E        \u003Cspan class=\u0022service-item\u0022\u003E\u003Cspan class=\u0022icon-chart\u0022\u003E\u003C\/span\u003E 1252 G dent\u003C\/span\u003E\n    \u003C\/div\u003E\n    \n            \n    \u003Cdiv class=\u0022product-tile-item-action-wrapper\u0022\u003E\n        \u003Ca href=\u0022\/medi-1252-g-dent-otocna-stolicka-vysoka-1252-g-dent\u0022 class=\u0022btn-tile\u0022\n           data-text-desktop=\u0022Detail produktu\u0022\n           data-text-mobile=\u0022Detail\u0022\u003E\u003C\/a\u003E\n                    \u003Ca href=\u0022\/medi-1252-g-dent-otocna-stolicka-vysoka-1252-g-dent\u0022\n               class=\u0022btn-tile btn-icon-right\u0022\u003E\n                \u003Cspan class=\u0022icon-shopping-cart\u0022\u003E\u003C\/span\u003E\n                \u003Cspan class=\u0022btn-tile-text\u0022\u003EKoupit\u003C\/span\u003E\n            \u003C\/a\u003E\n            \u003C\/div\u003E\n    \u003C\/div\u003E        \u003C\/div\u003E\n                    \u003C\/div\u003E\n\u003C\/div\u003E            \u003Cdiv class=\u0022product-tile-item js-product-tile js-block-preloader\u0022 id=\u0022js-product-tile-2943\u0022\u003E\n    \u003Cdiv class=\u0022product-tile-item-foreground js-product-tile-foreground with-variants\u0022\u003E\n        \u003Cdiv class=\u0022product-tile-item-info-wrapper\u0022 id=\u0022js-product-tile-2943-info\u0022\u003E\n            \u003Cdiv class=\u0022product-tile-item-basic-info\u0022\u003E\n    \u003Cdiv class=\u0022product-tile-item-image-wrapper position-relative\u0022\u003E\n        \u003Cdiv class=\u0022product-tile-item-image\u0022\u003E\n                        \u003Ca href=\u0022\/medi-1259-g-otocna-stolicka-s-balancnim-sedakem-standardni-pist-1259-g\u0022\u003E\n                \u003Cpicture\u003E\n                    \u003Cimg\n                            src=\u0022\u0022\n                            data-src=\u0022https:\/\/www.kresla-zidle.cz\/temp\/product\/list\/1259-g-30-511-10826-main.png\u0022\n                            alt=\u0022MEDI 1259 G oto\u010dn\u00e1 stoli\u010dka\u0022\n                            class=\u0022img-fluid js-lazy-img\u0022\u003E\n                \u003C\/picture\u003E\n            \u003C\/a\u003E\n        \u003C\/div\u003E\n        \u003Cdiv class=\u0022product-tile-item-tags-wrapper\u0022\u003E\n    \u003Cdiv class=\u0022product-item-tags-left\u0022\u003E\n                                                    \u003C\/div\u003E\n    \u003Cdiv class=\u0022product-item-tags-right\u0022\u003E\n                                                                                \u003Cdiv class=\u0022product-tile-tags-manufacturer\u0022\u003E\n                \u003Ca href=\u0022\/mayer\u0022\u003E\n                    \u003Cimg src=\u0022https:\/\/www.kresla-zidle.cz\/images\/manufacturer-front-tag\/14.png\u0022 alt=\u0022MAYER\u0022 class=\u0022img-fluid\u0022 loading=\u0022lazy\u0022\u003E\n                \u003C\/a\u003E\n            \u003C\/div\u003E\n            \u003C\/div\u003E\n\u003C\/div\u003E    \u003C\/div\u003E\n\n                \n    \u003Cdiv class=\u0022product-tile-item-heading-info\u0022\u003E\n        \u003Cdiv class=\u0022product-tile-category\u0022\u003ELaboratorn\u00ed a zdravotn\u00ed \u017eidle\u003C\/div\u003E        \u003Ch2 class=\u0022product-tile-heading\u0022\u003E\u003Ca href=\u0022\/medi-1259-g-otocna-stolicka-s-balancnim-sedakem-standardni-pist-1259-g\u0022\u003EMEDI 1259 G oto\u010dn\u00e1 stoli\u010dka s balan\u010dn\u00edm sed\u00e1kem - standardn\u00ed p\u00edst\u003C\/a\u003E\u003C\/h2\u003E\n    \u003C\/div\u003E\n    \u003Cdiv class=\u0022product-tile-item-params\u0022\u003E\n                                            \u003C\/div\u003E\n    \u003Cdiv class=\u0022product-tile-item-price-availability\u0022\u003E\n        \u003Cdiv class=\u0022product-tile-item-price-wrapper\u0022\u003E\n            \n\n        \u003Cdiv class=\u0022price-current\u0022\u003E5 324 K\u010d\u003C\/div\u003E\n    \u003Cdiv class=\u0022price-info\u0022\u003E4 400 K\u010d bez DPH\u003C\/div\u003E        \u003C\/div\u003E\n        \u003Cdiv class=\u0022product-tile-item-availability-wrapper\u0022\u003E\n            \u003Cdiv class=\u0022availability\u0022\u003E\u003Cspan class=\u0022availability-icon icon-glass-hour\u0022\u003E\u003C\/span\u003E do 7 dn\u016f\u003C\/div\u003E        \u003C\/div\u003E\n        \u003Cdiv\u003E\n            \n    \n    \n\n\n        \u003C\/div\u003E\n    \u003C\/div\u003E\n\u003C\/div\u003E\n\u003Cdiv class=\u0022product-tile-item-extended-info\u0022\u003E\n\n            \u003Cdiv class=\u0022product-tile-item-description\u0022\u003E\n            \u003Cp\u003EPracovn\u00ed oto\u010dn\u00e1 stoli\u010dka s balan\u010dn\u00edm sed\u00e1kem\u003C\/p\u003E\n        \u003C\/div\u003E\n                \u003Cdiv class=\u0022product-tile-item-services\u0022\u003E\n        \u003Ca href=\u0022\/product\/favourite\/add\/2943\u0022 class=\u0022service-item \u0022 data-product-favourite=\u00222943\u0022 data-method=\u0022POST\u0022\u003E\u003Cspan class=\u0022icon-heart\u0022\u003E\u003C\/span\u003E Obl\u00edben\u00e9\u003C\/a\u003E        \u003Cspan class=\u0022service-item\u0022\u003E\u003Cspan class=\u0022icon-chart\u0022\u003E\u003C\/span\u003E 1259 G\u003C\/span\u003E\n    \u003C\/div\u003E\n    \n            \n    \u003Cdiv class=\u0022product-tile-item-action-wrapper\u0022\u003E\n        \u003Ca href=\u0022\/medi-1259-g-otocna-stolicka-s-balancnim-sedakem-standardni-pist-1259-g\u0022 class=\u0022btn-tile\u0022\n           data-text-desktop=\u0022Detail produktu\u0022\n           data-text-mobile=\u0022Detail\u0022\u003E\u003C\/a\u003E\n                    \u003Ca href=\u0022\/medi-1259-g-otocna-stolicka-s-balancnim-sedakem-standardni-pist-1259-g\u0022\n               class=\u0022btn-tile btn-icon-right\u0022\u003E\n                \u003Cspan class=\u0022icon-shopping-cart\u0022\u003E\u003C\/span\u003E\n                \u003Cspan class=\u0022btn-tile-text\u0022\u003EKoupit\u003C\/span\u003E\n            \u003C\/a\u003E\n            \u003C\/div\u003E\n    \u003C\/div\u003E        \u003C\/div\u003E\n                            \u003Cdiv class=\u0022product-tile-item-variants js-product-item-variants\u0022\u003E\n                                                \u003Ca href=\u0022\/medi-1259-g-otocna-stolicka-s-balancnim-sedakem-standardni-pist-1259-g\u0022\n                   class=\u0022tile-varinat-tab js-variant-item js-ajax active\u0022\n                   data-show-preloader=\u00220\u0022\n                   data-href=\u0022\/product-list-tile\/3630\/2943\u0022\n                   data-toggle=\u0022tooltip\u0022 title=\u0022MEDI 1259 G oto\u010dn\u00e1 stoli\u010dka s balan\u010dn\u00edm sed\u00e1kem - standardn\u00ed p\u00edst\u0022\n                   data-placement=\u0022left\u0022\u003E\n\n                    \n                    \u003Cimg src=\u0022\u0022 data-src=\u0022https:\/\/www.kresla-zidle.cz\/temp\/product\/list\/1259-g-30-511-10826-main.png\u0022 class=\u0022img-fluid js-lazy-img\u0022 alt=\u0022MEDI 1259 G oto\u010dn\u00e1 stoli\u010dka s balan\u010dn\u00edm sed\u00e1kem - standardn\u00ed p\u00edst\u0022 loading=\u0022lazy\u0022\u003E\n                \u003C\/a\u003E\n                                                                            \u003Ca href=\u0022\/medi-1259-g-vp-otocna-stolicka-vysoky-plynovy-pist-1259-g-vp\u0022\n                       class=\u0022tile-varinat-tab js-variant-item js-ajax\u0022\n                       data-show-preloader=\u00220\u0022\n                       data-href=\u0022\/product-list-tile\/3631\/2943\u0022\n                       data-toggle=\u0022tooltip\u0022 title=\u0022MEDI 1259 G oto\u010dn\u00e1 stoli\u010dka s balan\u010dn\u00edm sed\u00e1kem  - vysok\u00fd plynov\u00fd p\u00edst\u0022\n                       data-placement=\u0022left\u0022\u003E\n\n                        \n                        \u003Cimg src=\u0022\u0022 data-src=\u0022https:\/\/www.kresla-zidle.cz\/temp\/product\/list\/1259-g-30-514-10821-main.png\u0022 alt=\u0022MEDI 1259 G oto\u010dn\u00e1 stoli\u010dka s balan\u010dn\u00edm sed\u00e1kem  - vysok\u00fd plynov\u00fd p\u00edst\u0022 class=\u0022img-fluid js-lazy-img\u0022 loading=\u0022lazy\u0022\u003E\n                    \u003C\/a\u003E\n                            \u003C\/div\u003E\n            \u003C\/div\u003E\n\u003C\/div\u003E            \u003Cdiv class=\u0022product-tile-item js-product-tile js-block-preloader\u0022 id=\u0022js-product-tile-2944\u0022\u003E\n    \u003Cdiv class=\u0022product-tile-item-foreground js-product-tile-foreground\u0022\u003E\n        \u003Cdiv class=\u0022product-tile-item-info-wrapper\u0022 id=\u0022js-product-tile-2944-info\u0022\u003E\n            \u003Cdiv class=\u0022product-tile-item-basic-info\u0022\u003E\n    \u003Cdiv class=\u0022product-tile-item-image-wrapper position-relative\u0022\u003E\n        \u003Cdiv class=\u0022product-tile-item-image\u0022\u003E\n                        \u003Ca href=\u0022\/medi-1259-g-denst-otocna-vysoka-stolicka-s-balancnim-sedakem-a-kruhem-na-nohy-1259-g-dent\u0022\u003E\n                \u003Cpicture\u003E\n                    \u003Cimg\n                            src=\u0022\u0022\n                            data-src=\u0022https:\/\/www.kresla-zidle.cz\/temp\/product\/list\/1259-g-dent-30-516-10858-main.png\u0022\n                            alt=\u0022MEDI 1259 G VP vysok\u00e1 oto\u010dn\u00e1 stoli\u010dka s balan\u010dn\u00edm sed\u00e1kem\u0022\n                            class=\u0022img-fluid js-lazy-img\u0022\u003E\n                \u003C\/picture\u003E\n            \u003C\/a\u003E\n        \u003C\/div\u003E\n        \u003Cdiv class=\u0022product-tile-item-tags-wrapper\u0022\u003E\n    \u003Cdiv class=\u0022product-item-tags-left\u0022\u003E\n                                                    \u003C\/div\u003E\n    \u003Cdiv class=\u0022product-item-tags-right\u0022\u003E\n                                                                                \u003Cdiv class=\u0022product-tile-tags-manufacturer\u0022\u003E\n                \u003Ca href=\u0022\/mayer\u0022\u003E\n                    \u003Cimg src=\u0022https:\/\/www.kresla-zidle.cz\/images\/manufacturer-front-tag\/14.png\u0022 alt=\u0022MAYER\u0022 class=\u0022img-fluid\u0022 loading=\u0022lazy\u0022\u003E\n                \u003C\/a\u003E\n            \u003C\/div\u003E\n            \u003C\/div\u003E\n\u003C\/div\u003E    \u003C\/div\u003E\n\n                \n    \u003Cdiv class=\u0022product-tile-item-heading-info\u0022\u003E\n        \u003Cdiv class=\u0022product-tile-category\u0022\u003ELaboratorn\u00ed a zdravotn\u00ed \u017eidle\u003C\/div\u003E        \u003Ch2 class=\u0022product-tile-heading\u0022\u003E\u003Ca href=\u0022\/medi-1259-g-denst-otocna-vysoka-stolicka-s-balancnim-sedakem-a-kruhem-na-nohy-1259-g-dent\u0022\u003EMEDI 1259 G denst oto\u010dn\u00e1 vysok\u00e1 stoli\u010dka s balan\u010dn\u00edm sed\u00e1kem a kruhem na nohy\u003C\/a\u003E\u003C\/h2\u003E\n    \u003C\/div\u003E\n    \u003Cdiv class=\u0022product-tile-item-params\u0022\u003E\n                                            \u003C\/div\u003E\n    \u003Cdiv class=\u0022product-tile-item-price-availability\u0022\u003E\n        \u003Cdiv class=\u0022product-tile-item-price-wrapper\u0022\u003E\n            \n\n        \u003Cdiv class=\u0022price-current\u0022\u003E6 292 K\u010d\u003C\/div\u003E\n    \u003Cdiv class=\u0022price-info\u0022\u003E5 200 K\u010d bez DPH\u003C\/div\u003E        \u003C\/div\u003E\n        \u003Cdiv class=\u0022product-tile-item-availability-wrapper\u0022\u003E\n            \u003Cdiv class=\u0022availability\u0022\u003E\u003Cspan class=\u0022availability-icon icon-glass-hour\u0022\u003E\u003C\/span\u003E do 7 dn\u016f\u003C\/div\u003E        \u003C\/div\u003E\n        \u003Cdiv\u003E\n            \n    \n    \n\n\n        \u003C\/div\u003E\n    \u003C\/div\u003E\n\u003C\/div\u003E\n\u003Cdiv class=\u0022product-tile-item-extended-info\u0022\u003E\n\n            \u003Cdiv class=\u0022product-tile-item-description\u0022\u003E\n            \u003Cp\u003EPracovn\u00ed oto\u010dn\u00e1 stoli\u010dka s balan\u010dn\u00edm sed\u00e1kem\u003C\/p\u003E\n        \u003C\/div\u003E\n                \u003Cdiv class=\u0022product-tile-item-services\u0022\u003E\n        \u003Ca href=\u0022\/product\/favourite\/add\/2944\u0022 class=\u0022service-item \u0022 data-product-favourite=\u00222944\u0022 data-method=\u0022POST\u0022\u003E\u003Cspan class=\u0022icon-heart\u0022\u003E\u003C\/span\u003E Obl\u00edben\u00e9\u003C\/a\u003E        \u003Cspan class=\u0022service-item\u0022\u003E\u003Cspan class=\u0022icon-chart\u0022\u003E\u003C\/span\u003E 1259 G dent\u003C\/span\u003E\n    \u003C\/div\u003E\n    \n            \n    \u003Cdiv class=\u0022product-tile-item-action-wrapper\u0022\u003E\n        \u003Ca href=\u0022\/medi-1259-g-denst-otocna-vysoka-stolicka-s-balancnim-sedakem-a-kruhem-na-nohy-1259-g-dent\u0022 class=\u0022btn-tile\u0022\n           data-text-desktop=\u0022Detail produktu\u0022\n           data-text-mobile=\u0022Detail\u0022\u003E\u003C\/a\u003E\n                    \u003Ca href=\u0022\/medi-1259-g-denst-otocna-vysoka-stolicka-s-balancnim-sedakem-a-kruhem-na-nohy-1259-g-dent\u0022\n               class=\u0022btn-tile btn-icon-right\u0022\u003E\n                \u003Cspan class=\u0022icon-shopping-cart\u0022\u003E\u003C\/span\u003E\n                \u003Cspan class=\u0022btn-tile-text\u0022\u003EKoupit\u003C\/span\u003E\n            \u003C\/a\u003E\n            \u003C\/div\u003E\n    \u003C\/div\u003E        \u003C\/div\u003E\n                    \u003C\/div\u003E\n\u003C\/div\u003E            \u003Cdiv class=\u0022product-tile-item js-product-tile js-block-preloader\u0022 id=\u0022js-product-tile-2945\u0022\u003E\n    \u003Cdiv class=\u0022product-tile-item-foreground js-product-tile-foreground\u0022\u003E\n        \u003Cdiv class=\u0022product-tile-item-info-wrapper\u0022 id=\u0022js-product-tile-2945-info\u0022\u003E\n            \u003Cdiv class=\u0022product-tile-item-basic-info\u0022\u003E\n    \u003Cdiv class=\u0022product-tile-item-image-wrapper position-relative\u0022\u003E\n        \u003Cdiv class=\u0022product-tile-item-image\u0022\u003E\n                        \u003Ca href=\u0022\/klekacka-balancni-rokko-1100-96\u0022\u003E\n                \u003Cpicture\u003E\n                    \u003Cimg\n                            src=\u0022\u0022\n                            data-src=\u0022https:\/\/www.kresla-zidle.cz\/temp\/product\/list\/1100-96-30-311-9453-main.png\u0022\n                            alt=\u0022Kleka\u010dka balan\u010dn\u00ed ROKKO\u0022\n                            class=\u0022img-fluid js-lazy-img\u0022\u003E\n                \u003C\/picture\u003E\n            \u003C\/a\u003E\n        \u003C\/div\u003E\n        \u003Cdiv class=\u0022product-tile-item-tags-wrapper\u0022\u003E\n    \u003Cdiv class=\u0022product-item-tags-left\u0022\u003E\n                                                    \u003C\/div\u003E\n    \u003Cdiv class=\u0022product-item-tags-right\u0022\u003E\n                                                                                \u003Cdiv class=\u0022product-tile-tags-manufacturer\u0022\u003E\n                \u003Ca href=\u0022\/mayer\u0022\u003E\n                    \u003Cimg src=\u0022https:\/\/www.kresla-zidle.cz\/images\/manufacturer-front-tag\/14.png\u0022 alt=\u0022MAYER\u0022 class=\u0022img-fluid\u0022 loading=\u0022lazy\u0022\u003E\n                \u003C\/a\u003E\n            \u003C\/div\u003E\n            \u003C\/div\u003E\n\u003C\/div\u003E    \u003C\/div\u003E\n\n                \n    \u003Cdiv class=\u0022product-tile-item-heading-info\u0022\u003E\n        \u003Cdiv class=\u0022product-tile-category\u0022\u003EOb\u00fdvac\u00ed pokoj\u003C\/div\u003E        \u003Ch2 class=\u0022product-tile-heading\u0022\u003E\u003Ca href=\u0022\/klekacka-balancni-rokko-1100-96\u0022\u003EKleka\u010dka balan\u010dn\u00ed ROKKO\u003C\/a\u003E\u003C\/h2\u003E\n    \u003C\/div\u003E\n    \u003Cdiv class=\u0022product-tile-item-params\u0022\u003E\n                                            \u003C\/div\u003E\n    \u003Cdiv class=\u0022product-tile-item-price-availability\u0022\u003E\n        \u003Cdiv class=\u0022product-tile-item-price-wrapper\u0022\u003E\n            \n\n        \u003Cdiv class=\u0022price-current\u0022\u003E11 374 K\u010d\u003C\/div\u003E\n    \u003Cdiv class=\u0022price-info\u0022\u003E9 400 K\u010d bez DPH\u003C\/div\u003E        \u003C\/div\u003E\n        \u003Cdiv class=\u0022product-tile-item-availability-wrapper\u0022\u003E\n            \u003Cdiv class=\u0022availability\u0022 style=\u0022color: #fb8908;\u0022\u003E\u003Cspan class=\u0022availability-icon icon-glass-hour\u0022\u003E\u003C\/span\u003E do 28 dn\u016f\u003C\/div\u003E        \u003C\/div\u003E\n        \u003Cdiv\u003E\n            \n    \n    \n\n\n        \u003C\/div\u003E\n    \u003C\/div\u003E\n\u003C\/div\u003E\n\u003Cdiv class=\u0022product-tile-item-extended-info\u0022\u003E\n\n            \u003Cdiv class=\u0022product-tile-item-description\u0022\u003E\n            \u003Cp\u003EKleka\u010dka balan\u010dn\u00ed ROKKO vhodn\u00e1 p\u0159i dlouhodob\u00e9m sezen\u00ed.\u003C\/p\u003E\n        \u003C\/div\u003E\n                \u003Cdiv class=\u0022product-tile-item-services\u0022\u003E\n        \u003Ca href=\u0022\/product\/favourite\/add\/2945\u0022 class=\u0022service-item \u0022 data-product-favourite=\u00222945\u0022 data-method=\u0022POST\u0022\u003E\u003Cspan class=\u0022icon-heart\u0022\u003E\u003C\/span\u003E Obl\u00edben\u00e9\u003C\/a\u003E        \u003Cspan class=\u0022service-item\u0022\u003E\u003Cspan class=\u0022icon-chart\u0022\u003E\u003C\/span\u003E 1100 96\u003C\/span\u003E\n    \u003C\/div\u003E\n    \n            \n    \u003Cdiv class=\u0022product-tile-item-action-wrapper\u0022\u003E\n        \u003Ca href=\u0022\/klekacka-balancni-rokko-1100-96\u0022 class=\u0022btn-tile\u0022\n           data-text-desktop=\u0022Detail produktu\u0022\n           data-text-mobile=\u0022Detail\u0022\u003E\u003C\/a\u003E\n                    \u003Ca href=\u0022\/klekacka-balancni-rokko-1100-96\u0022\n               class=\u0022btn-tile btn-icon-right\u0022\u003E\n                \u003Cspan class=\u0022icon-shopping-cart\u0022\u003E\u003C\/span\u003E\n                \u003Cspan class=\u0022btn-tile-text\u0022\u003EKoupit\u003C\/span\u003E\n            \u003C\/a\u003E\n            \u003C\/div\u003E\n    \u003C\/div\u003E        \u003C\/div\u003E\n                    \u003C\/div\u003E\n\u003C\/div\u003E","action":"append"},"#js-pagination-wrapper":{"html":"\u003Cdiv class=\u0022product-list-tiles-pagination\u0022 id=\u0022js-pagination-wrapper\u0022\u003E\n                                        \n    \u003Cdiv class=\u0022product-list-tiles-more-wrapper\u0022 id=\u0022js-pagination-show-more\u0022\u003E\n                \u003Cdiv class=\u0022product-list-tiles-more-note\u0022\u003Ezobrazeno 72 z 72\u003C\/div\u003E\n    \u003C\/div\u003E\n    \u003Cdiv class=\u0022product-list-tiles-pagination-wrapper\u0022\u003E\n        \u003Cul class=\u0022pagination\u0022\u003E\n            \u003Cli class=\u0022page-item-break\u0022\u003E\u003C\/li\u003E\n            \u003Cli class=\u0022page-item pagination-item-left\u0022\u003E\n                \u003Ca class=\u0022page-link js-product-scroll  js-ajax\u0022\n                   href=\u0022\/mayer?displayedPages=1\u0026amp;page=1\u0022\u003E\u003Cspan\n                            class=\u0022icon-double-chevron-left\u0022\u003E\u003C\/span\u003E\u003C\/a\u003E\n            \u003C\/li\u003E\n\n                        \u003Cli class=\u0022page-item pagination-item-left\u0022\u003E\n                \u003Ca class=\u0022page-link js-product-scroll  js-ajax\u0022\n                   href=\u0022\/mayer?displayedPages=1\u0026amp;page=2\u0022\u003E\u003Cspan\n                            class=\u0022icon-arrow-left\u0022\u003E\u003C\/span\u003E\u003C\/a\u003E\n            \u003C\/li\u003E\n\n                            \u003Cli class=\u0022page-item\u0022\u003E\n                    \u003Ca class=\u0022page-link js-product-scroll  js-ajax\u0022\n                       href=\u0022\/mayer?displayedPages=1\u0026amp;page=1\u0022\u003E1\u003C\/a\u003E\n                \u003C\/li\u003E\n                            \u003Cli class=\u0022page-item\u0022\u003E\n                    \u003Ca class=\u0022page-link js-product-scroll  js-ajax\u0022\n                       href=\u0022\/mayer?displayedPages=1\u0026amp;page=2\u0022\u003E2\u003C\/a\u003E\n                \u003C\/li\u003E\n                            \u003Cli class=\u0022page-item active\u0022\u003E\n                    \u003Ca class=\u0022page-link js-product-scroll  js-ajax\u0022\n                       href=\u0022\/mayer?displayedPages=1\u0026amp;page=3\u0022\u003E3\u003C\/a\u003E\n                \u003C\/li\u003E\n            \n                        \u003Cli class=\u0022page-item pagination-item-right disabled\u0022\u003E\n                \u003Ca class=\u0022page-link js-product-scroll  js-ajax\u0022\n                   href=\u0022\/mayer?displayedPages=1\u0026amp;page=3\u0022\u003E\u003Cspan\n                            class=\u0022icon-arrow-right\u0022\u003E\u003C\/span\u003E\u003C\/a\u003E\n            \u003C\/li\u003E\n\n            \u003Cli class=\u0022page-item pagination-item-right disabled\u0022\u003E\n                \u003Ca class=\u0022page-link js-product-scroll  js-ajax\u0022\n                   href=\u0022\/mayer?displayedPages=1\u0026amp;page=3\u0022\u003E\u003Cspan\n                            class=\u0022icon-double-chevron-right\u0022\u003E\u003C\/span\u003E\u003C\/a\u003E\n            \u003C\/li\u003E\n        \u003C\/ul\u003E\n    \u003C\/div\u003E\n\n\u003C\/div\u003E","action":"replace"}},"actions":{"historyPushState":{"url":"\/mayer?displayedPages=2\u0026page=3","state":[],"title":"stateChange"}},"payload":[]}